{"id":1208,"date":"2025-02-25T17:16:57","date_gmt":"2025-02-25T16:16:57","guid":{"rendered":"https:\/\/www.vfl-westercelle.de\/tri-rsp\/?p=1208"},"modified":"2025-02-25T22:28:39","modified_gmt":"2025-02-25T21:28:39","slug":"westerceller-sportler-meistern-kristallmarathon-mit-bravour","status":"publish","type":"post","link":"https:\/\/www.vfl-westercelle.de\/tri-rsp\/westerceller-sportler-meistern-kristallmarathon-mit-bravour\/","title":{"rendered":"Westerceller Sportler meistern Kristallmarathon mit Bravour"},"content":{"rendered":"\n<p>Ein Marathon, der sprichw\u00f6rtlich in die Dunkelheit gestampft wurde: Beim Kristallmarathon im Bergwerk Merkers wagten sich Sonja und Daniel Beer in eine Welt, die sonst nur Bergleuten vorbehalten ist. Der traditionsreiche Lauf, organisiert vom Triathlonverein Barchfeld, f\u00fchrte die Teilnehmenden in 500m Tiefe durch die engen Stollen eines stillgelegten Salzbergwerks, die mit k\u00fcnstlichem Licht beleuchteten G\u00e4nge und \u00fcber insgesamt 780 H\u00f6henmeter.\u00a0\u00a0\u00a0\u00a0\u00a0\u00a0 <br>Ein Erlebnis, das Ausdauer und mentale St\u00e4rke auf die Probe stellte.<br><br>\u201eEin au\u00dfergew\u00f6hnliches Rennen \u2013 die Atmosph\u00e4re unter Tage ist schon sehr speziell\u201c, berichtet Sonja Beer. Und sie bewies dabei eindrucksvoll ihre Klasse: Sie lief unter die Top Ten der Frauen und sicherte sich Platz 3 in ihrer Altersklasse. \u201eDas konstante Auf und Ab, die Dunkelheit \u2013 das macht diesen Marathon zu einer echten Herausforderung. Auch das Laufen mit Helm und Lampe ist zun\u00e4chst ungewohnt, und &#8211; mitten im Februar &#8211; auf einmal bei 21\u00b0C zu laufen!&#8220;<br><br>Auch Daniel Beer stellte sich den Bedingungen und landete im ersten Viertel des M\u00e4nnerfeldes. \u201eEs war ein permanenter Kampf gegen die H\u00f6henmeter, die Monotonie der Runden und die salzige Luft \u2013 aber genau das macht diesen Lauf so besonders\u201c, sagt er.<br><br>Die Strecke bestand aus 13 Runden \u00e0 3,3 Kilometer, was sich anfangs noch kontrolliert anf\u00fchlte, aber mit zunehmender Dauer zur echten Belastungsprobe wurde. Die Veranstalter sorgten mit einer hervorragenden Organisation daf\u00fcr, dass sich die L\u00e4uferinnen und L\u00e4ufer sicher und bestens versorgt f\u00fchlten. \u201eMuss man einfach mal gemacht haben\u201c, fasst Sonja zusammen.<br><br>Mit diesem besonderen Erlebnis in den Beinen blicken Sonja und Daniel bereits auf die n\u00e4chsten Herausforderungen \u2013 ihr Ziel, 2025 jeden Monat einen Marathon zu absolvieren, bleibt bestehen.<\/p>\n\n\n\n<p>Text und Bilder: SB und DB<\/p>\n\n\n\n<figure class=\"wp-block-gallery has-nested-images columns-default is-cropped wp-block-gallery-1 is-layout-flex wp-block-gallery-is-layout-flex\">\n<figure class=\"wp-block-image size-large\"><a href=\"https:\/\/www.vfl-westercelle.de\/tri-rsp\/wp-content\/uploads\/sites\/7\/2025\/02\/Kristallmarathon-scaled.jpg\"><img loading=\"lazy\" decoding=\"async\" width=\"579\" height=\"1030\" data-id=\"1211\" src=\"https:\/\/www.vfl-westercelle.de\/tri-rsp\/wp-content\/uploads\/sites\/7\/2025\/02\/Kristallmarathon-579x1030.jpg\" alt=\"\" class=\"wp-image-1211\" srcset=\"https:\/\/www.vfl-westercelle.de\/tri-rsp\/wp-content\/uploads\/sites\/7\/2025\/02\/Kristallmarathon-579x1030.jpg 579w, https:\/\/www.vfl-westercelle.de\/tri-rsp\/wp-content\/uploads\/sites\/7\/2025\/02\/Kristallmarathon-169x300.jpg 169w, https:\/\/www.vfl-westercelle.de\/tri-rsp\/wp-content\/uploads\/sites\/7\/2025\/02\/Kristallmarathon-768x1365.jpg 768w, https:\/\/www.vfl-westercelle.de\/tri-rsp\/wp-content\/uploads\/sites\/7\/2025\/02\/Kristallmarathon-864x1536.jpg 864w, https:\/\/www.vfl-westercelle.de\/tri-rsp\/wp-content\/uploads\/sites\/7\/2025\/02\/Kristallmarathon-1152x2048.jpg 1152w, https:\/\/www.vfl-westercelle.de\/tri-rsp\/wp-content\/uploads\/sites\/7\/2025\/02\/Kristallmarathon-844x1500.jpg 844w, https:\/\/www.vfl-westercelle.de\/tri-rsp\/wp-content\/uploads\/sites\/7\/2025\/02\/Kristallmarathon-397x705.jpg 397w, https:\/\/www.vfl-westercelle.de\/tri-rsp\/wp-content\/uploads\/sites\/7\/2025\/02\/Kristallmarathon-scaled.jpg 1440w\" sizes=\"auto, (max-width: 579px) 100vw, 579px\" \/><\/a><\/figure>\n\n\n\n<figure class=\"wp-block-image size-large\"><a href=\"https:\/\/www.vfl-westercelle.de\/tri-rsp\/wp-content\/uploads\/sites\/7\/2025\/02\/Kristallmarathon-Stollen-1-scaled.jpg\"><img loading=\"lazy\" decoding=\"async\" width=\"579\" height=\"1030\" data-id=\"1212\" src=\"https:\/\/www.vfl-westercelle.de\/tri-rsp\/wp-content\/uploads\/sites\/7\/2025\/02\/Kristallmarathon-Stollen-1-579x1030.jpg\" alt=\"\" class=\"wp-image-1212\" srcset=\"https:\/\/www.vfl-westercelle.de\/tri-rsp\/wp-content\/uploads\/sites\/7\/2025\/02\/Kristallmarathon-Stollen-1-579x1030.jpg 579w, https:\/\/www.vfl-westercelle.de\/tri-rsp\/wp-content\/uploads\/sites\/7\/2025\/02\/Kristallmarathon-Stollen-1-169x300.jpg 169w, https:\/\/www.vfl-westercelle.de\/tri-rsp\/wp-content\/uploads\/sites\/7\/2025\/02\/Kristallmarathon-Stollen-1-768x1365.jpg 768w, https:\/\/www.vfl-westercelle.de\/tri-rsp\/wp-content\/uploads\/sites\/7\/2025\/02\/Kristallmarathon-Stollen-1-864x1536.jpg 864w, https:\/\/www.vfl-westercelle.de\/tri-rsp\/wp-content\/uploads\/sites\/7\/2025\/02\/Kristallmarathon-Stollen-1-1152x2048.jpg 1152w, https:\/\/www.vfl-westercelle.de\/tri-rsp\/wp-content\/uploads\/sites\/7\/2025\/02\/Kristallmarathon-Stollen-1-844x1500.jpg 844w, https:\/\/www.vfl-westercelle.de\/tri-rsp\/wp-content\/uploads\/sites\/7\/2025\/02\/Kristallmarathon-Stollen-1-397x705.jpg 397w, https:\/\/www.vfl-westercelle.de\/tri-rsp\/wp-content\/uploads\/sites\/7\/2025\/02\/Kristallmarathon-Stollen-1-scaled.jpg 1440w\" sizes=\"auto, (max-width: 579px) 100vw, 579px\" \/><\/a><\/figure>\n<\/figure>\n","protected":false},"excerpt":{"rendered":"<p>Ein Marathon, der sprichw\u00f6rtlich in die Dunkelheit gestampft wurde: Beim Kristallmarathon im Bergwerk Merkers wagten sich Sonja und Daniel Beer in eine Welt, die sonst nur Bergleuten vorbehalten ist. Der traditionsreiche Lauf, organisiert vom Triathlonverein Barchfeld, f\u00fchrte die Teilnehmenden in 500m Tiefe durch die engen Stollen eines stillgelegten Salzbergwerks, die mit k\u00fcnstlichem Licht beleuchteten G\u00e4nge <a class=\"read-more-link\" href=\"https:\/\/www.vfl-westercelle.de\/tri-rsp\/westerceller-sportler-meistern-kristallmarathon-mit-bravour\/\">[&#8230; weiterlesen]<\/a><\/p>\n","protected":false},"author":39,"featured_media":1210,"comment_status":"closed","ping_status":"open","sticky":false,"template":"","format":"standard","meta":{"footnotes":""},"categories":[1],"tags":[],"class_list":["post-1208","post","type-post","status-publish","format-standard","has-post-thumbnail","hentry","category-allgemein"],"_links":{"self":[{"href":"https:\/\/www.vfl-westercelle.de\/tri-rsp\/wp-json\/wp\/v2\/posts\/1208","targetHints":{"allow":["GET"]}}],"collection":[{"href":"https:\/\/www.vfl-westercelle.de\/tri-rsp\/wp-json\/wp\/v2\/posts"}],"about":[{"href":"https:\/\/www.vfl-westercelle.de\/tri-rsp\/wp-json\/wp\/v2\/types\/post"}],"author":[{"embeddable":true,"href":"https:\/\/www.vfl-westercelle.de\/tri-rsp\/wp-json\/wp\/v2\/users\/39"}],"replies":[{"embeddable":true,"href":"https:\/\/www.vfl-westercelle.de\/tri-rsp\/wp-json\/wp\/v2\/comments?post=1208"}],"version-history":[{"count":3,"href":"https:\/\/www.vfl-westercelle.de\/tri-rsp\/wp-json\/wp\/v2\/posts\/1208\/revisions"}],"predecessor-version":[{"id":1216,"href":"https:\/\/www.vfl-westercelle.de\/tri-rsp\/wp-json\/wp\/v2\/posts\/1208\/revisions\/1216"}],"wp:featuredmedia":[{"embeddable":true,"href":"https:\/\/www.vfl-westercelle.de\/tri-rsp\/wp-json\/wp\/v2\/media\/1210"}],"wp:attachment":[{"href":"https:\/\/www.vfl-westercelle.de\/tri-rsp\/wp-json\/wp\/v2\/media?parent=1208"}],"wp:term":[{"taxonomy":"category","embeddable":true,"href":"https:\/\/www.vfl-westercelle.de\/tri-rsp\/wp-json\/wp\/v2\/categories?post=1208"},{"taxonomy":"post_tag","embeddable":true,"href":"https:\/\/www.vfl-westercelle.de\/tri-rsp\/wp-json\/wp\/v2\/tags?post=1208"}],"curies":[{"name":"wp","href":"https:\/\/api.w.org\/{rel}","templated":true}]}}