{"id":1220,"date":"2025-03-07T10:03:38","date_gmt":"2025-03-07T09:03:38","guid":{"rendered":"https:\/\/www.vfl-westercelle.de\/tri-rsp\/?p=1220"},"modified":"2025-03-10T10:08:41","modified_gmt":"2025-03-10T09:08:41","slug":"ausgezeichnete-resultate-fuer-celler-sportler-beim-crossduathlon","status":"publish","type":"post","link":"https:\/\/www.vfl-westercelle.de\/tri-rsp\/ausgezeichnete-resultate-fuer-celler-sportler-beim-crossduathlon\/","title":{"rendered":"Ausgezeichnete Resultate f\u00fcr Celler Sportler beim Crossduathlon"},"content":{"rendered":"\n<p><em>Celle\/Wolfsburg<\/em><\/p>\n\n\n\n<p>Am vergangenen Wochenende kam es in Wolfsburg bei hochklassiger Konkurrenz zur Austragung des 26.Crossduathlons in Wolfsburg.<\/p>\n\n\n\n<p>Unter den rund 200 Teilnehmern befanden sich auch sechs Celler Sportler, die sich am Rabenberg ordentlich die Kante gaben. Mit von der Partie waren S\u00e9bastien Toussaint, Bruno Legeai (TigerTeam DFAT Fa\u00dfberg) und Torsten M\u00fcnchow (MTV M\u00fcden\/\u00d6rtze), sowie Claudia Schimschal (VfL Westercelle) mit ihrem Mann Stefan (SG Eldingen) und Thorsten L\u00fcbke (VfL Westercelle). Auf den anspruchsvollen Kursen mussten zun\u00e4chst 5,4 km gelaufen werden, dann 18 km mit dem MTB\/Crosser absolviert werden und abschlie\u00dfend nochmals 5,4 km gelaufen werden.<\/p>\n\n\n\n<p>Nach einem bravour\u00f6sen Rennen konnte Bruno Legeai den 1.Platz der AK 50 belegen, mit einer Gesamtzeit von 1:25,38 Std. (1.Lauf 22:25 min.\/Rad 39:11 min.\/2.Lauf 24:03 min.), was zudem den 18.Gesamtplatz aller Teilnehmer bedeutete! Ihm folgte Torsten M\u00fcnchow in 1:27,03 Std. auf dem 2.Platz der AK 50. S\u00e9bastien Toussaint errang in 1:39,35 Std. den 6.Platz in der AK 50.<\/p>\n\n\n\n<p>Bei den Frauen konnte Claudia Schimschal komplett \u00fcberzeugen. In einem starken Rennen musste sie sich nur ihrer Konkurrentin M\u00f3nica Prieto de Pedro (HSV Wernigerode) im Schlussspurt knapp geschlagen geben und belegte den ausgezeichneten 2.Platz in der AK 35 in 1:39,08 Std. Ihr Mann Stefan Schimschal, eigentlich Fu\u00dfballer, lieferte in 1:32,13 Std. und dem 9.Platz in der AK 35 eine bemerkenswerte sowie talentierte Leistung ab.<\/p>\n\n\n\n<p>Thorsten L\u00fcbke belegte in der AK 60 den undankbaren 4.Platz.<\/p>\n\n\n\n<p>Vielen Dank an das Orgateam mit den vielen freundlichen Helfern, die &#8211; ein wie immer &#8211; tolles Event ausrichteten!&nbsp;&nbsp;&nbsp;&nbsp;&nbsp;&nbsp; <br>Auch die Verpflegung im Wettkampf und auch danach mit Kaffee und Kuchen, sowie belegten Br\u00f6tchen war wieder ganz ausgezeichnet.<\/p>\n\n\n\n<p>Auf dem Foto v.l.n.r. mit unseren franz\u00f6sischen Sportsfreunden aus Fa\u00dfberg:<\/p>\n\n\n\n<p>Torsten M\u00fcnchow, Bruno Legeai, Thorsten L\u00fcbke, Stefan Schimschal, Claudia Schimschal und S\u00e9bastien Toussaint<\/p>\n\n\n\n<p>Text: TL<\/p>\n\n\n\n<p>Foto: Cornelia Wiest &nbsp;&nbsp;&nbsp;&nbsp;&nbsp;&nbsp;<\/p>\n\n\n\n<div class=\"wp-block-group is-layout-constrained wp-block-group-is-layout-constrained\">\n<figure class=\"wp-block-gallery has-nested-images columns-default is-cropped wp-block-gallery-1 is-layout-flex wp-block-gallery-is-layout-flex\">\n<figure class=\"wp-block-image size-large\"><a href=\"http:\/\/www.vfl-westercelle.de\/tri-rsp\/wp-content\/uploads\/sites\/7\/2025\/03\/1000047559-scaled.jpg\"><img loading=\"lazy\" decoding=\"async\" width=\"1030\" height=\"580\" data-id=\"1223\" src=\"http:\/\/www.vfl-westercelle.de\/tri-rsp\/wp-content\/uploads\/sites\/7\/2025\/03\/1000047559-1030x580.jpg\" alt=\"\" class=\"wp-image-1223\" srcset=\"https:\/\/www.vfl-westercelle.de\/tri-rsp\/wp-content\/uploads\/sites\/7\/2025\/03\/1000047559-1030x580.jpg 1030w, https:\/\/www.vfl-westercelle.de\/tri-rsp\/wp-content\/uploads\/sites\/7\/2025\/03\/1000047559-300x169.jpg 300w, https:\/\/www.vfl-westercelle.de\/tri-rsp\/wp-content\/uploads\/sites\/7\/2025\/03\/1000047559-768x432.jpg 768w, https:\/\/www.vfl-westercelle.de\/tri-rsp\/wp-content\/uploads\/sites\/7\/2025\/03\/1000047559-1536x865.jpg 1536w, https:\/\/www.vfl-westercelle.de\/tri-rsp\/wp-content\/uploads\/sites\/7\/2025\/03\/1000047559-2048x1153.jpg 2048w, https:\/\/www.vfl-westercelle.de\/tri-rsp\/wp-content\/uploads\/sites\/7\/2025\/03\/1000047559-1500x845.jpg 1500w, https:\/\/www.vfl-westercelle.de\/tri-rsp\/wp-content\/uploads\/sites\/7\/2025\/03\/1000047559-705x397.jpg 705w\" sizes=\"auto, (max-width: 1030px) 100vw, 1030px\" \/><\/a><\/figure>\n\n\n\n<figure class=\"wp-block-image size-large\"><a href=\"https:\/\/www.vfl-westercelle.de\/tri-rsp\/wp-content\/uploads\/sites\/7\/2025\/03\/CrossduathlonWOB-FotomitTigerteam-scaled.jpg\"><img loading=\"lazy\" decoding=\"async\" width=\"1030\" height=\"773\" data-id=\"1224\" src=\"https:\/\/www.vfl-westercelle.de\/tri-rsp\/wp-content\/uploads\/sites\/7\/2025\/03\/CrossduathlonWOB-FotomitTigerteam-1030x773.jpg\" alt=\"\" class=\"wp-image-1224\" srcset=\"https:\/\/www.vfl-westercelle.de\/tri-rsp\/wp-content\/uploads\/sites\/7\/2025\/03\/CrossduathlonWOB-FotomitTigerteam-1030x773.jpg 1030w, https:\/\/www.vfl-westercelle.de\/tri-rsp\/wp-content\/uploads\/sites\/7\/2025\/03\/CrossduathlonWOB-FotomitTigerteam-300x225.jpg 300w, https:\/\/www.vfl-westercelle.de\/tri-rsp\/wp-content\/uploads\/sites\/7\/2025\/03\/CrossduathlonWOB-FotomitTigerteam-768x576.jpg 768w, https:\/\/www.vfl-westercelle.de\/tri-rsp\/wp-content\/uploads\/sites\/7\/2025\/03\/CrossduathlonWOB-FotomitTigerteam-1536x1152.jpg 1536w, https:\/\/www.vfl-westercelle.de\/tri-rsp\/wp-content\/uploads\/sites\/7\/2025\/03\/CrossduathlonWOB-FotomitTigerteam-2048x1536.jpg 2048w, https:\/\/www.vfl-westercelle.de\/tri-rsp\/wp-content\/uploads\/sites\/7\/2025\/03\/CrossduathlonWOB-FotomitTigerteam-1500x1125.jpg 1500w, https:\/\/www.vfl-westercelle.de\/tri-rsp\/wp-content\/uploads\/sites\/7\/2025\/03\/CrossduathlonWOB-FotomitTigerteam-705x529.jpg 705w\" sizes=\"auto, (max-width: 1030px) 100vw, 1030px\" \/><\/a><\/figure>\n<\/figure>\n<\/div>\n\n\n\n<p><\/p>\n","protected":false},"excerpt":{"rendered":"<p>Celle\/Wolfsburg Am vergangenen Wochenende kam es in Wolfsburg bei hochklassiger Konkurrenz zur Austragung des 26.Crossduathlons in Wolfsburg. Unter den rund 200 Teilnehmern befanden sich auch sechs Celler Sportler, die sich am Rabenberg ordentlich die Kante gaben. Mit von der Partie waren S\u00e9bastien Toussaint, Bruno Legeai (TigerTeam DFAT Fa\u00dfberg) und Torsten M\u00fcnchow (MTV M\u00fcden\/\u00d6rtze), sowie Claudia <a class=\"read-more-link\" href=\"https:\/\/www.vfl-westercelle.de\/tri-rsp\/ausgezeichnete-resultate-fuer-celler-sportler-beim-crossduathlon\/\">[&#8230; weiterlesen]<\/a><\/p>\n","protected":false},"author":39,"featured_media":1225,"comment_status":"closed","ping_status":"open","sticky":false,"template":"","format":"standard","meta":{"footnotes":""},"categories":[1],"tags":[],"class_list":["post-1220","post","type-post","status-publish","format-standard","has-post-thumbnail","hentry","category-allgemein"],"_links":{"self":[{"href":"https:\/\/www.vfl-westercelle.de\/tri-rsp\/wp-json\/wp\/v2\/posts\/1220","targetHints":{"allow":["GET"]}}],"collection":[{"href":"https:\/\/www.vfl-westercelle.de\/tri-rsp\/wp-json\/wp\/v2\/posts"}],"about":[{"href":"https:\/\/www.vfl-westercelle.de\/tri-rsp\/wp-json\/wp\/v2\/types\/post"}],"author":[{"embeddable":true,"href":"https:\/\/www.vfl-westercelle.de\/tri-rsp\/wp-json\/wp\/v2\/users\/39"}],"replies":[{"embeddable":true,"href":"https:\/\/www.vfl-westercelle.de\/tri-rsp\/wp-json\/wp\/v2\/comments?post=1220"}],"version-history":[{"count":3,"href":"https:\/\/www.vfl-westercelle.de\/tri-rsp\/wp-json\/wp\/v2\/posts\/1220\/revisions"}],"predecessor-version":[{"id":1230,"href":"https:\/\/www.vfl-westercelle.de\/tri-rsp\/wp-json\/wp\/v2\/posts\/1220\/revisions\/1230"}],"wp:featuredmedia":[{"embeddable":true,"href":"https:\/\/www.vfl-westercelle.de\/tri-rsp\/wp-json\/wp\/v2\/media\/1225"}],"wp:attachment":[{"href":"https:\/\/www.vfl-westercelle.de\/tri-rsp\/wp-json\/wp\/v2\/media?parent=1220"}],"wp:term":[{"taxonomy":"category","embeddable":true,"href":"https:\/\/www.vfl-westercelle.de\/tri-rsp\/wp-json\/wp\/v2\/categories?post=1220"},{"taxonomy":"post_tag","embeddable":true,"href":"https:\/\/www.vfl-westercelle.de\/tri-rsp\/wp-json\/wp\/v2\/tags?post=1220"}],"curies":[{"name":"wp","href":"https:\/\/api.w.org\/{rel}","templated":true}]}}