{"id":1291,"date":"2025-05-02T20:36:15","date_gmt":"2025-05-02T18:36:15","guid":{"rendered":"https:\/\/www.vfl-westercelle.de\/tri-rsp\/?p=1291"},"modified":"2025-05-02T20:36:16","modified_gmt":"2025-05-02T18:36:16","slug":"landesmeistertitel-2025-fuer-westerceller-laeufer","status":"publish","type":"post","link":"https:\/\/www.vfl-westercelle.de\/tri-rsp\/landesmeistertitel-2025-fuer-westerceller-laeufer\/","title":{"rendered":"Landesmeistertitel 2025 f\u00fcr Westerceller L\u00e4ufer"},"content":{"rendered":"\n<p><em>Celle\/Oldendorf-Stade<\/em><\/p>\n\n\n\n<p>Auf ein erfolgreiches Wochenende k\u00f6nnen unsere vier Westerceller L\u00e4ufer zur\u00fcckblicken.<\/p>\n\n\n\n<p>Bei fr\u00fchsommerlichen Temperaturen kamen in diesem Jahr in Oldendorf im Kreis Stade die Landesmeisterschaften im 5 Kilometer Stra\u00dfenlauf zur Austragung. 142 Teilnehmer begaben sich, in drei Startgruppen aufgeteilt, auf einen schnellen und abgesperrten Rundkurs.<\/p>\n\n\n\n<p>Den Landesmeister-Teamtitel mit Wimpeln, Urkunden und Medaillen der Altersklasse M60\/65 sicherten sich die Senioren vom VfL Westercelle in der Besetzung mit Dr. Volker Dittmar (6.Platz Einzel M60) in hervorragenden<\/p>\n\n\n\n<p>21:38 Minuten, Achim Sennhenn-Oetken (8.Platz Einzel M60) in ebenfalls starken 21:57 Minuten, sowie Thorsten L\u00fcbke (9.Platz Einzel M60) in 24:56 Minuten und Ersatzmann Gerald Sommer (4.Platz Einzel M65) in 28:21 Minuten. Sommer nutzte die Landesmeisterschaft zur Vorbereitung auf seinen ersten Triathlon des Jahres am kommenden Wochenende in Wolfenb\u00fcttel. Mit seinem 4 Platz in der Altersklasse 65 schrammte Sommer nur knapp am Podium vorbei.<\/p>\n\n\n\n<p>\u201c Meine Laufzeit blieb hinter meinem Ziel zur\u00fcck. Das Tempotraining auf der Bahn f\u00e4llt mir mit 65 Jahren immer schwerer, bin halt keine 20 mehr,\u201c so Sommer schmunzelnd im Zieleinlauf.<\/p>\n\n\n\n<p>Fazit Dittmar, Sennhenn-Oetken und L\u00fcbke zur Veranstaltung unisono, \u201eprima Organisation, bestes Wetter, pers\u00f6nlich sehr zufrieden, gute Stimmung drum herum und den Teamtitel mitgenommen, was will man mehr!\u201c &nbsp;<\/p>\n\n\n\n<p>Das Blasorchester Himmelpforten sorgte f\u00fcr Stimmung im Zielbereich und f\u00fcr leibliche Wohl wurde ebenfalls bestens gesorgt.<\/p>\n\n\n\n<p>Auf dem Foto (v.l.n.r.): Gerald Sommer, Dr. Volker Dittmar, Thorsten L\u00fcbke und Achim Sennhenn-Oetken<\/p>\n\n\n\n<p>Foto: CL<\/p>\n\n\n\n<p>Text: TL<\/p>\n\n\n\n<figure class=\"wp-block-gallery has-nested-images columns-default is-cropped wp-block-gallery-1 is-layout-flex wp-block-gallery-is-layout-flex\">\n<figure class=\"wp-block-image size-large\"><a href=\"https:\/\/www.vfl-westercelle.de\/tri-rsp\/wp-content\/uploads\/sites\/7\/2025\/05\/thumbnail_IMG_0147-1.jpg\"><img loading=\"lazy\" decoding=\"async\" width=\"1030\" height=\"773\" data-id=\"1287\" src=\"https:\/\/www.vfl-westercelle.de\/tri-rsp\/wp-content\/uploads\/sites\/7\/2025\/05\/thumbnail_IMG_0147-1-1030x773.jpg\" alt=\"\" class=\"wp-image-1287\" srcset=\"https:\/\/www.vfl-westercelle.de\/tri-rsp\/wp-content\/uploads\/sites\/7\/2025\/05\/thumbnail_IMG_0147-1-1030x773.jpg 1030w, https:\/\/www.vfl-westercelle.de\/tri-rsp\/wp-content\/uploads\/sites\/7\/2025\/05\/thumbnail_IMG_0147-1-300x225.jpg 300w, https:\/\/www.vfl-westercelle.de\/tri-rsp\/wp-content\/uploads\/sites\/7\/2025\/05\/thumbnail_IMG_0147-1-768x576.jpg 768w, https:\/\/www.vfl-westercelle.de\/tri-rsp\/wp-content\/uploads\/sites\/7\/2025\/05\/thumbnail_IMG_0147-1-1536x1152.jpg 1536w, https:\/\/www.vfl-westercelle.de\/tri-rsp\/wp-content\/uploads\/sites\/7\/2025\/05\/thumbnail_IMG_0147-1-1500x1125.jpg 1500w, https:\/\/www.vfl-westercelle.de\/tri-rsp\/wp-content\/uploads\/sites\/7\/2025\/05\/thumbnail_IMG_0147-1-705x529.jpg 705w, https:\/\/www.vfl-westercelle.de\/tri-rsp\/wp-content\/uploads\/sites\/7\/2025\/05\/thumbnail_IMG_0147-1.jpg 1920w\" sizes=\"auto, (max-width: 1030px) 100vw, 1030px\" \/><\/a><\/figure>\n\n\n\n<figure class=\"wp-block-image size-large\"><a href=\"https:\/\/www.vfl-westercelle.de\/tri-rsp\/wp-content\/uploads\/sites\/7\/2025\/05\/thumbnail_IMG_0154.jpg\"><img loading=\"lazy\" decoding=\"async\" width=\"773\" height=\"1030\" data-id=\"1288\" src=\"https:\/\/www.vfl-westercelle.de\/tri-rsp\/wp-content\/uploads\/sites\/7\/2025\/05\/thumbnail_IMG_0154-773x1030.jpg\" alt=\"\" class=\"wp-image-1288\" srcset=\"https:\/\/www.vfl-westercelle.de\/tri-rsp\/wp-content\/uploads\/sites\/7\/2025\/05\/thumbnail_IMG_0154-773x1030.jpg 773w, https:\/\/www.vfl-westercelle.de\/tri-rsp\/wp-content\/uploads\/sites\/7\/2025\/05\/thumbnail_IMG_0154-225x300.jpg 225w, https:\/\/www.vfl-westercelle.de\/tri-rsp\/wp-content\/uploads\/sites\/7\/2025\/05\/thumbnail_IMG_0154-768x1024.jpg 768w, https:\/\/www.vfl-westercelle.de\/tri-rsp\/wp-content\/uploads\/sites\/7\/2025\/05\/thumbnail_IMG_0154-1152x1536.jpg 1152w, https:\/\/www.vfl-westercelle.de\/tri-rsp\/wp-content\/uploads\/sites\/7\/2025\/05\/thumbnail_IMG_0154-1125x1500.jpg 1125w, https:\/\/www.vfl-westercelle.de\/tri-rsp\/wp-content\/uploads\/sites\/7\/2025\/05\/thumbnail_IMG_0154-529x705.jpg 529w, https:\/\/www.vfl-westercelle.de\/tri-rsp\/wp-content\/uploads\/sites\/7\/2025\/05\/thumbnail_IMG_0154.jpg 1440w\" sizes=\"auto, (max-width: 773px) 100vw, 773px\" \/><\/a><\/figure>\n\n\n\n<figure class=\"wp-block-image size-large\"><a href=\"http:\/\/www.vfl-westercelle.de\/tri-rsp\/wp-content\/uploads\/sites\/7\/2025\/05\/thumbnail_IMG_0173.jpg\"><img loading=\"lazy\" decoding=\"async\" width=\"773\" height=\"1030\" data-id=\"1289\" src=\"http:\/\/www.vfl-westercelle.de\/tri-rsp\/wp-content\/uploads\/sites\/7\/2025\/05\/thumbnail_IMG_0173-773x1030.jpg\" alt=\"\" class=\"wp-image-1289\" srcset=\"https:\/\/www.vfl-westercelle.de\/tri-rsp\/wp-content\/uploads\/sites\/7\/2025\/05\/thumbnail_IMG_0173-773x1030.jpg 773w, https:\/\/www.vfl-westercelle.de\/tri-rsp\/wp-content\/uploads\/sites\/7\/2025\/05\/thumbnail_IMG_0173-225x300.jpg 225w, https:\/\/www.vfl-westercelle.de\/tri-rsp\/wp-content\/uploads\/sites\/7\/2025\/05\/thumbnail_IMG_0173-768x1024.jpg 768w, https:\/\/www.vfl-westercelle.de\/tri-rsp\/wp-content\/uploads\/sites\/7\/2025\/05\/thumbnail_IMG_0173-1152x1536.jpg 1152w, https:\/\/www.vfl-westercelle.de\/tri-rsp\/wp-content\/uploads\/sites\/7\/2025\/05\/thumbnail_IMG_0173-1125x1500.jpg 1125w, https:\/\/www.vfl-westercelle.de\/tri-rsp\/wp-content\/uploads\/sites\/7\/2025\/05\/thumbnail_IMG_0173-529x705.jpg 529w, https:\/\/www.vfl-westercelle.de\/tri-rsp\/wp-content\/uploads\/sites\/7\/2025\/05\/thumbnail_IMG_0173.jpg 1440w\" sizes=\"auto, (max-width: 773px) 100vw, 773px\" \/><\/a><\/figure>\n\n\n\n<figure class=\"wp-block-image size-large\"><a href=\"http:\/\/www.vfl-westercelle.de\/tri-rsp\/wp-content\/uploads\/sites\/7\/2025\/05\/thumbnail_IMG_0126.jpg\"><img loading=\"lazy\" decoding=\"async\" width=\"1030\" height=\"773\" data-id=\"1286\" src=\"http:\/\/www.vfl-westercelle.de\/tri-rsp\/wp-content\/uploads\/sites\/7\/2025\/05\/thumbnail_IMG_0126-1030x773.jpg\" alt=\"\" class=\"wp-image-1286\" srcset=\"https:\/\/www.vfl-westercelle.de\/tri-rsp\/wp-content\/uploads\/sites\/7\/2025\/05\/thumbnail_IMG_0126-1030x773.jpg 1030w, https:\/\/www.vfl-westercelle.de\/tri-rsp\/wp-content\/uploads\/sites\/7\/2025\/05\/thumbnail_IMG_0126-300x225.jpg 300w, https:\/\/www.vfl-westercelle.de\/tri-rsp\/wp-content\/uploads\/sites\/7\/2025\/05\/thumbnail_IMG_0126-768x576.jpg 768w, https:\/\/www.vfl-westercelle.de\/tri-rsp\/wp-content\/uploads\/sites\/7\/2025\/05\/thumbnail_IMG_0126-1536x1152.jpg 1536w, https:\/\/www.vfl-westercelle.de\/tri-rsp\/wp-content\/uploads\/sites\/7\/2025\/05\/thumbnail_IMG_0126-1500x1125.jpg 1500w, https:\/\/www.vfl-westercelle.de\/tri-rsp\/wp-content\/uploads\/sites\/7\/2025\/05\/thumbnail_IMG_0126-705x529.jpg 705w, https:\/\/www.vfl-westercelle.de\/tri-rsp\/wp-content\/uploads\/sites\/7\/2025\/05\/thumbnail_IMG_0126.jpg 1920w\" sizes=\"auto, (max-width: 1030px) 100vw, 1030px\" \/><\/a><\/figure>\n<\/figure>\n","protected":false},"excerpt":{"rendered":"<p>Celle\/Oldendorf-Stade Auf ein erfolgreiches Wochenende k\u00f6nnen unsere vier Westerceller L\u00e4ufer zur\u00fcckblicken. Bei fr\u00fchsommerlichen Temperaturen kamen in diesem Jahr in Oldendorf im Kreis Stade die Landesmeisterschaften im 5 Kilometer Stra\u00dfenlauf zur Austragung. 142 Teilnehmer begaben sich, in drei Startgruppen aufgeteilt, auf einen schnellen und abgesperrten Rundkurs. Den Landesmeister-Teamtitel mit Wimpeln, Urkunden und Medaillen der Altersklasse M60\/65 <a class=\"read-more-link\" href=\"https:\/\/www.vfl-westercelle.de\/tri-rsp\/landesmeistertitel-2025-fuer-westerceller-laeufer\/\">[&#8230; weiterlesen]<\/a><\/p>\n","protected":false},"author":39,"featured_media":1290,"comment_status":"closed","ping_status":"open","sticky":false,"template":"","format":"standard","meta":{"footnotes":""},"categories":[1],"tags":[],"class_list":["post-1291","post","type-post","status-publish","format-standard","has-post-thumbnail","hentry","category-allgemein"],"_links":{"self":[{"href":"https:\/\/www.vfl-westercelle.de\/tri-rsp\/wp-json\/wp\/v2\/posts\/1291","targetHints":{"allow":["GET"]}}],"collection":[{"href":"https:\/\/www.vfl-westercelle.de\/tri-rsp\/wp-json\/wp\/v2\/posts"}],"about":[{"href":"https:\/\/www.vfl-westercelle.de\/tri-rsp\/wp-json\/wp\/v2\/types\/post"}],"author":[{"embeddable":true,"href":"https:\/\/www.vfl-westercelle.de\/tri-rsp\/wp-json\/wp\/v2\/users\/39"}],"replies":[{"embeddable":true,"href":"https:\/\/www.vfl-westercelle.de\/tri-rsp\/wp-json\/wp\/v2\/comments?post=1291"}],"version-history":[{"count":1,"href":"https:\/\/www.vfl-westercelle.de\/tri-rsp\/wp-json\/wp\/v2\/posts\/1291\/revisions"}],"predecessor-version":[{"id":1292,"href":"https:\/\/www.vfl-westercelle.de\/tri-rsp\/wp-json\/wp\/v2\/posts\/1291\/revisions\/1292"}],"wp:featuredmedia":[{"embeddable":true,"href":"https:\/\/www.vfl-westercelle.de\/tri-rsp\/wp-json\/wp\/v2\/media\/1290"}],"wp:attachment":[{"href":"https:\/\/www.vfl-westercelle.de\/tri-rsp\/wp-json\/wp\/v2\/media?parent=1291"}],"wp:term":[{"taxonomy":"category","embeddable":true,"href":"https:\/\/www.vfl-westercelle.de\/tri-rsp\/wp-json\/wp\/v2\/categories?post=1291"},{"taxonomy":"post_tag","embeddable":true,"href":"https:\/\/www.vfl-westercelle.de\/tri-rsp\/wp-json\/wp\/v2\/tags?post=1291"}],"curies":[{"name":"wp","href":"https:\/\/api.w.org\/{rel}","templated":true}]}}