{"id":1303,"date":"2025-05-06T20:10:59","date_gmt":"2025-05-06T18:10:59","guid":{"rendered":"https:\/\/www.vfl-westercelle.de\/tri-rsp\/?p=1303"},"modified":"2025-05-09T08:07:49","modified_gmt":"2025-05-09T06:07:49","slug":"landesmeistertitel-2025-fuer-westerceller-laeufer-2","status":"publish","type":"post","link":"https:\/\/www.vfl-westercelle.de\/tri-rsp\/landesmeistertitel-2025-fuer-westerceller-laeufer-2\/","title":{"rendered":"Sommer holt Silber beim Triathlon in Wolfenb\u00fcttel"},"content":{"rendered":"\n<p><em>Celle\/ Wolfenb\u00fcttel<\/em><\/p>\n\n\n\n<p>Eine ordentliche Leistung zeigte Gerald Sommer &nbsp;vom VfL Westercelle beim &nbsp;ausverkauften Wolfenb\u00fcttler Triathlon zum Saisonauftakt. \u00dcber die Sprintdistanz konnte Gerald Sommer den zweiten Platz in der Altersklasse 65 trotz Pech auf der Radstrecke erk\u00e4mpfen. Seine Vereinskameradin Susanna Hasse ( AK 50) schrammte auf Platz 4 mit 19 Sekunden R\u00fcckstand denkbar knapp am Podium vorbei. Ihr Ehemann Stephan Hasse musste in der AK 60 auf einem Podestplatz liegend nach einer super Schwimmleistung leider in der zweiten Laufrunde den Wettkampf verletzungsbedingt abbrechen.<\/p>\n\n\n\n<p>Der Startschuss \u00fcber die 400 Meter Schwimmstrecke fiel im Stadtbad Okeraue in einem 25 Meter-Becken. Die Einzelstarts erfolgten alle 20 Sekunden. Auf dem Zick-Zack-Kurs mit Begegnungsverkehr, der das \u00dcberholen schwierig machte, war dann richtig Betrieb. Stephan Hasse schwamm mit 6:24 min eine Topzeit. Susanna Hasse legte mit 7:50 min ebenfalls eine sehr gute Schwimmzeit hin. Gerald Sommer lief nach 10:15 min in die Wechselzone.\u201c Das war schon krass, im Bad und Wasser war die Temperatur 28 Grad. Drau\u00dfen hatte die verfr\u00fchte \u201ekalte Sophie\u201c mit 10 Grad richtig zugeschlagen. Das war dann auf dem Triathlonbike schon echt kalt,\u201c so Sommer.<\/p>\n\n\n\n<p>&nbsp;Die 20 km Radstrecke f\u00fchrte durch die sch\u00f6ne H\u00fcgellandschaft um Wolfenb\u00fcttel. Auf den letzten 8 km war starker Gegenwind mit heftigen B\u00f6en angesagt. Susanna und Stephan Hasse meisterten den Radsplit mit guter Zeit auf Podiumspl\u00e4tzen ihrer Altersklasse liegend. Gerald Sommer hatte dann Gl\u00fcck im Ungl\u00fcck.\u201c An einer gro\u00dfen Kreuzung verhielt sich ein PKW-Fahrer nicht korrekt. Die Streckenposten schenkte ihm die ganze Aufmerksamkeit. Ein Unfall konnte so vermieden werden. \u201eLeider bin ich dadurch falsch abgebogen und auf Platz 1 meiner Altersklasse liegend einige Kilometer extra gefahren. Als ich dann wieder auf der Wettkampfstrecke war, ging nach 1 km auch noch die Bahnschranke runter. Aufgeben war trotzdem keine Option. So hatte ich 6 Wettkampfkilometer mehr f\u00fcrs gleiche Startgeld\u201c, so Gerald Sommer schmunzelnd im Zieleinlauf, der f\u00fcr seine k\u00e4mpferische Leistung mit Platz 2 und 9 Qualifikationspunkten f\u00fcr die Teilnahme an der Altersklassen Europameisterschaft in Istanbul im August belohnt wurde.<\/p>\n\n\n\n<p>Susanna Hasse verlor leider auf den letzten Meter des abschlie\u00dfenden 5 km Laufes noch ihren Podiumsplatz. \u201eBeim Laufsplit muss ich noch zulegen, da geht in dieser Saison noch mehr\u201c, zeigte sich Hasse mit der Gesamtleistung sehr zufrieden.<\/p>\n\n\n\n<p>Auf dem Foto (v.l.n.r.): Gerald Sommer, Stephan und Susanna Hasse<\/p>\n\n\n\n<p>Foto: CBS<\/p>\n\n\n\n<p>Text: GS<\/p>\n\n\n\n<figure class=\"wp-block-gallery has-nested-images columns-default is-cropped wp-block-gallery-1 is-layout-flex wp-block-gallery-is-layout-flex\">\n<figure class=\"wp-block-image size-large\"><a href=\"http:\/\/www.vfl-westercelle.de\/tri-rsp\/wp-content\/uploads\/sites\/7\/2025\/05\/Wolfenbuettel-2025-1.jpg\"><img loading=\"lazy\" decoding=\"async\" width=\"1030\" height=\"773\" data-id=\"1295\" src=\"http:\/\/www.vfl-westercelle.de\/tri-rsp\/wp-content\/uploads\/sites\/7\/2025\/05\/Wolfenbuettel-2025-1-1030x773.jpg\" alt=\"\" class=\"wp-image-1295\" srcset=\"https:\/\/www.vfl-westercelle.de\/tri-rsp\/wp-content\/uploads\/sites\/7\/2025\/05\/Wolfenbuettel-2025-1-1030x773.jpg 1030w, https:\/\/www.vfl-westercelle.de\/tri-rsp\/wp-content\/uploads\/sites\/7\/2025\/05\/Wolfenbuettel-2025-1-300x225.jpg 300w, https:\/\/www.vfl-westercelle.de\/tri-rsp\/wp-content\/uploads\/sites\/7\/2025\/05\/Wolfenbuettel-2025-1-768x576.jpg 768w, https:\/\/www.vfl-westercelle.de\/tri-rsp\/wp-content\/uploads\/sites\/7\/2025\/05\/Wolfenbuettel-2025-1-1536x1152.jpg 1536w, https:\/\/www.vfl-westercelle.de\/tri-rsp\/wp-content\/uploads\/sites\/7\/2025\/05\/Wolfenbuettel-2025-1-1500x1125.jpg 1500w, https:\/\/www.vfl-westercelle.de\/tri-rsp\/wp-content\/uploads\/sites\/7\/2025\/05\/Wolfenbuettel-2025-1-705x529.jpg 705w, https:\/\/www.vfl-westercelle.de\/tri-rsp\/wp-content\/uploads\/sites\/7\/2025\/05\/Wolfenbuettel-2025-1.jpg 1600w\" sizes=\"auto, (max-width: 1030px) 100vw, 1030px\" \/><\/a><figcaption class=\"wp-element-caption\">Von links: Gerald Sommer, Stephan Hasse, Susanna Hasse<\/figcaption><\/figure>\n\n\n\n<figure class=\"wp-block-image size-full\"><a href=\"http:\/\/www.vfl-westercelle.de\/tri-rsp\/wp-content\/uploads\/sites\/7\/2025\/05\/Wolfenbuettel.jpg\"><img loading=\"lazy\" decoding=\"async\" width=\"594\" height=\"871\" data-id=\"1294\" src=\"http:\/\/www.vfl-westercelle.de\/tri-rsp\/wp-content\/uploads\/sites\/7\/2025\/05\/Wolfenbuettel.jpg\" alt=\"\" class=\"wp-image-1294\" srcset=\"https:\/\/www.vfl-westercelle.de\/tri-rsp\/wp-content\/uploads\/sites\/7\/2025\/05\/Wolfenbuettel.jpg 594w, https:\/\/www.vfl-westercelle.de\/tri-rsp\/wp-content\/uploads\/sites\/7\/2025\/05\/Wolfenbuettel-205x300.jpg 205w, https:\/\/www.vfl-westercelle.de\/tri-rsp\/wp-content\/uploads\/sites\/7\/2025\/05\/Wolfenbuettel-481x705.jpg 481w\" sizes=\"auto, (max-width: 594px) 100vw, 594px\" \/><\/a><figcaption class=\"wp-element-caption\">Gerald Sommer auf dem Weg vom Hallenbad zum Triathlonbike<\/figcaption><\/figure>\n<\/figure>\n","protected":false},"excerpt":{"rendered":"<p>Celle\/ Wolfenb\u00fcttel Eine ordentliche Leistung zeigte Gerald Sommer &nbsp;vom VfL Westercelle beim &nbsp;ausverkauften Wolfenb\u00fcttler Triathlon zum Saisonauftakt. \u00dcber die Sprintdistanz konnte Gerald Sommer den zweiten Platz in der Altersklasse 65 trotz Pech auf der Radstrecke erk\u00e4mpfen. Seine Vereinskameradin Susanna Hasse ( AK 50) schrammte auf Platz 4 mit 19 Sekunden R\u00fcckstand denkbar knapp am Podium <a class=\"read-more-link\" href=\"https:\/\/www.vfl-westercelle.de\/tri-rsp\/landesmeistertitel-2025-fuer-westerceller-laeufer-2\/\">[&#8230; weiterlesen]<\/a><\/p>\n","protected":false},"author":39,"featured_media":1293,"comment_status":"closed","ping_status":"open","sticky":false,"template":"","format":"standard","meta":{"footnotes":""},"categories":[1],"tags":[],"class_list":["post-1303","post","type-post","status-publish","format-standard","has-post-thumbnail","hentry","category-allgemein"],"_links":{"self":[{"href":"https:\/\/www.vfl-westercelle.de\/tri-rsp\/wp-json\/wp\/v2\/posts\/1303","targetHints":{"allow":["GET"]}}],"collection":[{"href":"https:\/\/www.vfl-westercelle.de\/tri-rsp\/wp-json\/wp\/v2\/posts"}],"about":[{"href":"https:\/\/www.vfl-westercelle.de\/tri-rsp\/wp-json\/wp\/v2\/types\/post"}],"author":[{"embeddable":true,"href":"https:\/\/www.vfl-westercelle.de\/tri-rsp\/wp-json\/wp\/v2\/users\/39"}],"replies":[{"embeddable":true,"href":"https:\/\/www.vfl-westercelle.de\/tri-rsp\/wp-json\/wp\/v2\/comments?post=1303"}],"version-history":[{"count":3,"href":"https:\/\/www.vfl-westercelle.de\/tri-rsp\/wp-json\/wp\/v2\/posts\/1303\/revisions"}],"predecessor-version":[{"id":1306,"href":"https:\/\/www.vfl-westercelle.de\/tri-rsp\/wp-json\/wp\/v2\/posts\/1303\/revisions\/1306"}],"wp:featuredmedia":[{"embeddable":true,"href":"https:\/\/www.vfl-westercelle.de\/tri-rsp\/wp-json\/wp\/v2\/media\/1293"}],"wp:attachment":[{"href":"https:\/\/www.vfl-westercelle.de\/tri-rsp\/wp-json\/wp\/v2\/media?parent=1303"}],"wp:term":[{"taxonomy":"category","embeddable":true,"href":"https:\/\/www.vfl-westercelle.de\/tri-rsp\/wp-json\/wp\/v2\/categories?post=1303"},{"taxonomy":"post_tag","embeddable":true,"href":"https:\/\/www.vfl-westercelle.de\/tri-rsp\/wp-json\/wp\/v2\/tags?post=1303"}],"curies":[{"name":"wp","href":"https:\/\/api.w.org\/{rel}","templated":true}]}}