{"id":1312,"date":"2025-05-15T15:55:47","date_gmt":"2025-05-15T13:55:47","guid":{"rendered":"https:\/\/www.vfl-westercelle.de\/tri-rsp\/?p=1312"},"modified":"2025-05-15T15:55:48","modified_gmt":"2025-05-15T13:55:48","slug":"111-kilometer-sylt-sonja-und-daniel-beer-laufen-beim-north-sea-ultra-einmal-rund-um-die-insel","status":"publish","type":"post","link":"https:\/\/www.vfl-westercelle.de\/tri-rsp\/111-kilometer-sylt-sonja-und-daniel-beer-laufen-beim-north-sea-ultra-einmal-rund-um-die-insel\/","title":{"rendered":"111 Kilometer Sylt: Sonja und Daniel Beer laufen beim North Sea Ultra einmal rund um die Insel"},"content":{"rendered":"\n<p><\/p>\n\n\n\n<p><em>Celle\/Sylt<\/em><\/p>\n\n\n\n<p>Einmal um die Insel, einmal durch alle Gef\u00fchle: Bei der diesj\u00e4hrigen 3. Auflage des North Sea Ultra umrundeten Sonja und Daniel Beer die komplette Insel Sylt. 111 Kilometer \u2013 getragen vom Wind, geblendet von der Sonne, begleitet vom Sand unter den Laufschuhen und vor allem: in einem unentwegten Kampf mit und gegen Kopf und K\u00f6rper.<\/p>\n\n\n\n<p>F\u00fcr beide war der Ultra das unangefochtene Wettkampf-Highlight des Jahres. Seit Januar verfolgen sie ihr pers\u00f6nliches Projekt: Jeden Monat einen Marathon. F\u00fcnf von zw\u00f6lf sind nun geschafft, doch der North Sea Ultra war mehr als nur ein Haken auf der Liste.<\/p>\n\n\n\n<p>F\u00fcr beide war die l\u00e4ngste Distanz vorher 77km &#8211; somit war die Hauptfrage f\u00fcr Sylt: wie geht man mit den Schmerzen um, wie stark ist der Kopf, wenn der K\u00f6rper nicht mehr weiter will?<\/p>\n\n\n\n<p>\u201eDas war kein Wettkampf, das war ein Erlebnis f\u00fcrs Leben\u201c, sagt Sonja Beer im Ziel. \u201eDie Landschaft, der Wind, die Menschen an der Strecke und die Mitl\u00e4ufer \u2013 das alles hat uns getragen. Es war hart, aber auch wundersch\u00f6n.\u201c<\/p>\n\n\n\n<p>Der Lauf selbst war ein Spiegel der Insel: fordernd, wechselhaft und doch unvergleichlich. Vom weichen Sand bis zu den endlosen Wegen entlang der D\u00fcnen und des Meeres, von der grellen Mittags- bis zur weichen Abendsonne, von vielen Schafen am Deich \u00fcber freche M\u00f6wen.&nbsp;<\/p>\n\n\n\n<p>&#8222;Am h\u00e4ufigsten kommt die Frage: l\u00e4uft man das durch? Wie macht ihr das mit Toilette und Essen?&#8220;, lacht Sonja Beer. Die Antwort ist recht simpel: man tr\u00e4gt einen Gro\u00dfteil seiner Verpflegung mit sich in einem Rucksack. Etwa alle 10km kommt ein Verpflegungspunkt mit Helfern, einer Toilette und Essen und Trinken. &#8222;Dort bleibt man dann kurz, h\u00e4lt einen Kl\u00f6nsnack und f\u00fcllt seine Vorr\u00e4te auf. Dann geht es weiter. Und nein, man l\u00e4uft auch nicht die ganze Zeit &#8211; im sp\u00e4teren Verlauf des Rennens werden die Gehpausen auch mehr.&#8220;, grinst Daniel Beer.&nbsp;<\/p>\n\n\n\n<p>Er beschreibt den Moment des Ankommens so: \u201eWir sind gemeinsam in Kampen im Abendlicht ins Ziel gelaufen. 14 Stunden, 10 Minuten und 8 Sekunden. V\u00f6llig ersch\u00f6pft und gleichzeitig \u00fcbergl\u00fccklich. Es war unbeschreiblich.\u201c<\/p>\n\n\n\n<p>Die Atmosph\u00e4re beim North Sea Ultra sei besonders gewesen, erg\u00e4nzt Sonja: \u201eHier ist nichts anonym. Man erkennt sich wieder, motiviert sich gegenseitig, teilt Essen, Energie und Geschichten. Das ist, was Laufen f\u00fcr mich ausmacht.\u201c<\/p>\n\n\n\n<p>Einmal Sylt, einmal Emotion pur. Wer fragt, ob sich der Aufwand lohnt, bekommt von den Beers nur eine Antwort: absolute Empfehlung.<\/p>\n\n\n\n<figure class=\"wp-block-gallery has-nested-images columns-default is-cropped wp-block-gallery-1 is-layout-flex wp-block-gallery-is-layout-flex\">\n<figure class=\"wp-block-image size-large\"><a href=\"https:\/\/www.vfl-westercelle.de\/tri-rsp\/wp-content\/uploads\/sites\/7\/2025\/05\/IMG_4666-scaled.jpg\"><img loading=\"lazy\" decoding=\"async\" width=\"773\" height=\"1030\" data-id=\"1310\" src=\"https:\/\/www.vfl-westercelle.de\/tri-rsp\/wp-content\/uploads\/sites\/7\/2025\/05\/IMG_4666-773x1030.jpg\" alt=\"Daniel und Sonja Beer nach dem Ultralauf auf der Ziellinie\" class=\"wp-image-1310\" srcset=\"https:\/\/www.vfl-westercelle.de\/tri-rsp\/wp-content\/uploads\/sites\/7\/2025\/05\/IMG_4666-773x1030.jpg 773w, https:\/\/www.vfl-westercelle.de\/tri-rsp\/wp-content\/uploads\/sites\/7\/2025\/05\/IMG_4666-225x300.jpg 225w, https:\/\/www.vfl-westercelle.de\/tri-rsp\/wp-content\/uploads\/sites\/7\/2025\/05\/IMG_4666-768x1024.jpg 768w, https:\/\/www.vfl-westercelle.de\/tri-rsp\/wp-content\/uploads\/sites\/7\/2025\/05\/IMG_4666-1152x1536.jpg 1152w, https:\/\/www.vfl-westercelle.de\/tri-rsp\/wp-content\/uploads\/sites\/7\/2025\/05\/IMG_4666-1536x2048.jpg 1536w, https:\/\/www.vfl-westercelle.de\/tri-rsp\/wp-content\/uploads\/sites\/7\/2025\/05\/IMG_4666-1125x1500.jpg 1125w, https:\/\/www.vfl-westercelle.de\/tri-rsp\/wp-content\/uploads\/sites\/7\/2025\/05\/IMG_4666-529x705.jpg 529w, https:\/\/www.vfl-westercelle.de\/tri-rsp\/wp-content\/uploads\/sites\/7\/2025\/05\/IMG_4666-scaled.jpg 1920w\" sizes=\"auto, (max-width: 773px) 100vw, 773px\" \/><\/a><\/figure>\n\n\n\n<figure class=\"wp-block-image size-large\"><a href=\"https:\/\/www.vfl-westercelle.de\/tri-rsp\/wp-content\/uploads\/sites\/7\/2025\/05\/sportfotografie-kutsche_IKT_8512_Original-redaktion.-Nutzung-_b7b87483_-scaled.jpg\"><img loading=\"lazy\" decoding=\"async\" width=\"1030\" height=\"687\" data-id=\"1309\" src=\"https:\/\/www.vfl-westercelle.de\/tri-rsp\/wp-content\/uploads\/sites\/7\/2025\/05\/sportfotografie-kutsche_IKT_8512_Original-redaktion.-Nutzung-_b7b87483_-1030x687.jpg\" alt=\"Sonja und Daniel Beer beim North Sea Ultra 2025\" class=\"wp-image-1309\" srcset=\"https:\/\/www.vfl-westercelle.de\/tri-rsp\/wp-content\/uploads\/sites\/7\/2025\/05\/sportfotografie-kutsche_IKT_8512_Original-redaktion.-Nutzung-_b7b87483_-1030x687.jpg 1030w, https:\/\/www.vfl-westercelle.de\/tri-rsp\/wp-content\/uploads\/sites\/7\/2025\/05\/sportfotografie-kutsche_IKT_8512_Original-redaktion.-Nutzung-_b7b87483_-300x200.jpg 300w, https:\/\/www.vfl-westercelle.de\/tri-rsp\/wp-content\/uploads\/sites\/7\/2025\/05\/sportfotografie-kutsche_IKT_8512_Original-redaktion.-Nutzung-_b7b87483_-768x512.jpg 768w, https:\/\/www.vfl-westercelle.de\/tri-rsp\/wp-content\/uploads\/sites\/7\/2025\/05\/sportfotografie-kutsche_IKT_8512_Original-redaktion.-Nutzung-_b7b87483_-1536x1024.jpg 1536w, https:\/\/www.vfl-westercelle.de\/tri-rsp\/wp-content\/uploads\/sites\/7\/2025\/05\/sportfotografie-kutsche_IKT_8512_Original-redaktion.-Nutzung-_b7b87483_-2048x1365.jpg 2048w, https:\/\/www.vfl-westercelle.de\/tri-rsp\/wp-content\/uploads\/sites\/7\/2025\/05\/sportfotografie-kutsche_IKT_8512_Original-redaktion.-Nutzung-_b7b87483_-1500x1000.jpg 1500w, https:\/\/www.vfl-westercelle.de\/tri-rsp\/wp-content\/uploads\/sites\/7\/2025\/05\/sportfotografie-kutsche_IKT_8512_Original-redaktion.-Nutzung-_b7b87483_-705x470.jpg 705w\" sizes=\"auto, (max-width: 1030px) 100vw, 1030px\" \/><\/a><figcaption class=\"wp-element-caption\">Sonja und Daniel Beer beim North Sea Ultra 2025 <\/figcaption><\/figure>\n<\/figure>\n","protected":false},"excerpt":{"rendered":"<p>Celle\/Sylt Einmal um die Insel, einmal durch alle Gef\u00fchle: Bei der diesj\u00e4hrigen 3. Auflage des North Sea Ultra umrundeten Sonja und Daniel Beer die komplette Insel Sylt. 111 Kilometer \u2013 getragen vom Wind, geblendet von der Sonne, begleitet vom Sand unter den Laufschuhen und vor allem: in einem unentwegten Kampf mit und gegen Kopf und <a class=\"read-more-link\" href=\"https:\/\/www.vfl-westercelle.de\/tri-rsp\/111-kilometer-sylt-sonja-und-daniel-beer-laufen-beim-north-sea-ultra-einmal-rund-um-die-insel\/\">[&#8230; weiterlesen]<\/a><\/p>\n","protected":false},"author":39,"featured_media":1311,"comment_status":"closed","ping_status":"open","sticky":false,"template":"","format":"standard","meta":{"footnotes":""},"categories":[1],"tags":[],"class_list":["post-1312","post","type-post","status-publish","format-standard","has-post-thumbnail","hentry","category-allgemein"],"_links":{"self":[{"href":"https:\/\/www.vfl-westercelle.de\/tri-rsp\/wp-json\/wp\/v2\/posts\/1312","targetHints":{"allow":["GET"]}}],"collection":[{"href":"https:\/\/www.vfl-westercelle.de\/tri-rsp\/wp-json\/wp\/v2\/posts"}],"about":[{"href":"https:\/\/www.vfl-westercelle.de\/tri-rsp\/wp-json\/wp\/v2\/types\/post"}],"author":[{"embeddable":true,"href":"https:\/\/www.vfl-westercelle.de\/tri-rsp\/wp-json\/wp\/v2\/users\/39"}],"replies":[{"embeddable":true,"href":"https:\/\/www.vfl-westercelle.de\/tri-rsp\/wp-json\/wp\/v2\/comments?post=1312"}],"version-history":[{"count":3,"href":"https:\/\/www.vfl-westercelle.de\/tri-rsp\/wp-json\/wp\/v2\/posts\/1312\/revisions"}],"predecessor-version":[{"id":1315,"href":"https:\/\/www.vfl-westercelle.de\/tri-rsp\/wp-json\/wp\/v2\/posts\/1312\/revisions\/1315"}],"wp:featuredmedia":[{"embeddable":true,"href":"https:\/\/www.vfl-westercelle.de\/tri-rsp\/wp-json\/wp\/v2\/media\/1311"}],"wp:attachment":[{"href":"https:\/\/www.vfl-westercelle.de\/tri-rsp\/wp-json\/wp\/v2\/media?parent=1312"}],"wp:term":[{"taxonomy":"category","embeddable":true,"href":"https:\/\/www.vfl-westercelle.de\/tri-rsp\/wp-json\/wp\/v2\/categories?post=1312"},{"taxonomy":"post_tag","embeddable":true,"href":"https:\/\/www.vfl-westercelle.de\/tri-rsp\/wp-json\/wp\/v2\/tags?post=1312"}],"curies":[{"name":"wp","href":"https:\/\/api.w.org\/{rel}","templated":true}]}}