{"id":141,"date":"2017-07-10T21:30:07","date_gmt":"2017-07-10T19:30:07","guid":{"rendered":"http:\/\/www.vfl-westercelle.de\/tri-rsp\/2017\/07\/10\/luebke-finisht-bei-europameisterschaft-in-kitzbuehel\/"},"modified":"2017-07-10T21:30:07","modified_gmt":"2017-07-10T19:30:07","slug":"luebke-finisht-bei-europameisterschaft-in-kitzbuehel","status":"publish","type":"post","link":"https:\/\/www.vfl-westercelle.de\/tri-rsp\/luebke-finisht-bei-europameisterschaft-in-kitzbuehel\/","title":{"rendered":"L\u00fcbke finisht bei Europameisterschaft in Kitzb\u00fchel"},"content":{"rendered":"<p>K\u00fcrzlich nahm der Celler Sportler Thorsten L\u00fcbke vom VfL Westercelle erfolgreich an den Triathlon-Europameisterschaften der Altersklassen auf der Olympischen Distanz in Kitzb\u00fchel teil. Als einer von vier nominierten Deutschen Startern in seiner Altersklasse 50 absolvierte er die 1,5 Kilometer Schwimmen im Schwarzsee, rund 43 Kilometer Radfahren und die abschlie\u00dfenden 10 Kilometer Laufen bei guten Wetterbedingungen und lief auf dem 63.Platz durchs Ziel. Da es in der Nacht zuvor noch stark regnete und auch die Lufttemperaturen in den Keller gingen, konnten die Athleten am folgenden Wettkampftag mit dem Neoprenanzug schwimmen.<\/p>\n<p>Der Startschuss f\u00fcr die AK 50 fiel bereits um 7:35 Uhr bei ungem\u00fctlichen 11 Grad Lufttemperatur, aber das sollte sich im Wettkampfverlauf schnell verbessern. Nach einer sehr ordentlichen Schwimmleistung, die deutlich unter der Zielzeit L\u00fcbke&#8217;s lag, der internationale Wettkampfspirit sorgte wohl f\u00fcr zus\u00e4tzliches Adrenalin, ging es nach schnellem Wechsel auf die selektive Radstrecke. Diese war dreimal zu fahren und hatte je Runde eine heftige Steigung aufzuweisen. Es\u00a0folgte eine gef\u00e4hrlich schmale und rasante Abfahrt, die vollste Konzentration aller Sportler abverlangte und ein \u00dcberholen fast unm\u00f6glich machte. Auch hier konnte sich L\u00fcbke noch bravour\u00f6s behaupten.<\/p>\n<p><a href=\"http:\/\/www.vfl-westercelle.de\/tri-rsp\/wp-content\/uploads\/sites\/7\/2017\/07\/Kitzb\u00fchel.TriathlonEM18.6.2017.imZiel.jpg\"><img loading=\"lazy\" decoding=\"async\" class=\"size-medium wp-image-142 alignleft\" src=\"http:\/\/www.vfl-westercelle.de\/tri-rsp\/wp-content\/uploads\/sites\/7\/2017\/07\/Kitzb\u00fchel.TriathlonEM18.6.2017.imZiel-225x300.jpg\" alt=\"\" width=\"225\" height=\"300\" srcset=\"https:\/\/www.vfl-westercelle.de\/tri-rsp\/wp-content\/uploads\/sites\/7\/2017\/07\/Kitzb\u00fchel.TriathlonEM18.6.2017.imZiel-225x300.jpg 225w, https:\/\/www.vfl-westercelle.de\/tri-rsp\/wp-content\/uploads\/sites\/7\/2017\/07\/Kitzb\u00fchel.TriathlonEM18.6.2017.imZiel-529x705.jpg 529w, https:\/\/www.vfl-westercelle.de\/tri-rsp\/wp-content\/uploads\/sites\/7\/2017\/07\/Kitzb\u00fchel.TriathlonEM18.6.2017.imZiel-450x600.jpg 450w, https:\/\/www.vfl-westercelle.de\/tri-rsp\/wp-content\/uploads\/sites\/7\/2017\/07\/Kitzb\u00fchel.TriathlonEM18.6.2017.imZiel.jpg 576w\" sizes=\"auto, (max-width: 225px) 100vw, 225px\" \/><\/a>Obwohl L\u00fcbke das Tempo aufgrund des noch abschlie\u00dfenden Laufes auf der dritten Runde kontrolliert etwas drosselte, konnte er nach dem zweiten Wechsel teamintern sogar als erster Deutscher auf die Laufstrecke gehen. Aber nun begannen die Probleme und die 6 Wochen Laufpause aufgrund einer Wadenverletzung machten sich auf dem unrythmischen und anspruchsvollen 10 Kilometern bergauf-bergab mit 400 H\u00f6henmetern zunehmend bemerkbar. &#8222;Alles in allem ging es auf der abschlie\u00dfenden Laufstrecke so nur noch ums Ankommen, da sich bereits nach der ersten 5 km Laufrunde nichts mehr richtig gut anf\u00fchlte und auch die applaudierenden Zuschauer kaum noch einen Schub brachten,&#8220; so L\u00fcbke. Aber f\u00fcr eine kleine Tempobeschleunigung sollte es dann am Ende im Zieleinlauf mit der vom deutschen Teamchef \u00fcberreichten Nationalflagge dann doch noch unter dem Jubel der enthusiastischen Zuschauer langen.<\/p>\n<p>Fazit L\u00fcbke: ein faszinierendes internationales Event mit etwa 2.000 Teilnehmern aus 40 europ\u00e4ischen L\u00e4ndern auf sehr sch\u00f6nen Wettkampfstrecken in der Natur Tirols mit hervorragender Atmosph\u00e4re!<\/p>\n","protected":false},"excerpt":{"rendered":"<p>K\u00fcrzlich nahm der Celler Sportler Thorsten L\u00fcbke vom VfL Westercelle erfolgreich an den Triathlon-Europameisterschaften der Altersklassen auf der Olympischen Distanz in Kitzb\u00fchel teil. Als einer von vier nominierten Deutschen Startern in seiner Altersklasse 50 absolvierte er die 1,5 Kilometer Schwimmen im Schwarzsee, rund 43 Kilometer Radfahren und die abschlie\u00dfenden 10 Kilometer Laufen bei guten Wetterbedingungen <a class=\"read-more-link\" href=\"https:\/\/www.vfl-westercelle.de\/tri-rsp\/luebke-finisht-bei-europameisterschaft-in-kitzbuehel\/\">[&#8230; weiterlesen]<\/a><\/p>\n","protected":false},"author":1,"featured_media":143,"comment_status":"closed","ping_status":"closed","sticky":false,"template":"","format":"standard","meta":{"footnotes":""},"categories":[4],"tags":[],"class_list":["post-141","post","type-post","status-publish","format-standard","has-post-thumbnail","hentry","category-triathlon-radfahren"],"_links":{"self":[{"href":"https:\/\/www.vfl-westercelle.de\/tri-rsp\/wp-json\/wp\/v2\/posts\/141","targetHints":{"allow":["GET"]}}],"collection":[{"href":"https:\/\/www.vfl-westercelle.de\/tri-rsp\/wp-json\/wp\/v2\/posts"}],"about":[{"href":"https:\/\/www.vfl-westercelle.de\/tri-rsp\/wp-json\/wp\/v2\/types\/post"}],"author":[{"embeddable":true,"href":"https:\/\/www.vfl-westercelle.de\/tri-rsp\/wp-json\/wp\/v2\/users\/1"}],"replies":[{"embeddable":true,"href":"https:\/\/www.vfl-westercelle.de\/tri-rsp\/wp-json\/wp\/v2\/comments?post=141"}],"version-history":[{"count":1,"href":"https:\/\/www.vfl-westercelle.de\/tri-rsp\/wp-json\/wp\/v2\/posts\/141\/revisions"}],"predecessor-version":[{"id":144,"href":"https:\/\/www.vfl-westercelle.de\/tri-rsp\/wp-json\/wp\/v2\/posts\/141\/revisions\/144"}],"wp:featuredmedia":[{"embeddable":true,"href":"https:\/\/www.vfl-westercelle.de\/tri-rsp\/wp-json\/wp\/v2\/media\/143"}],"wp:attachment":[{"href":"https:\/\/www.vfl-westercelle.de\/tri-rsp\/wp-json\/wp\/v2\/media?parent=141"}],"wp:term":[{"taxonomy":"category","embeddable":true,"href":"https:\/\/www.vfl-westercelle.de\/tri-rsp\/wp-json\/wp\/v2\/categories?post=141"},{"taxonomy":"post_tag","embeddable":true,"href":"https:\/\/www.vfl-westercelle.de\/tri-rsp\/wp-json\/wp\/v2\/tags?post=141"}],"curies":[{"name":"wp","href":"https:\/\/api.w.org\/{rel}","templated":true}]}}