{"id":1430,"date":"2025-09-10T20:40:06","date_gmt":"2025-09-10T18:40:06","guid":{"rendered":"https:\/\/www.vfl-westercelle.de\/tri-rsp\/?p=1430"},"modified":"2025-09-10T20:40:07","modified_gmt":"2025-09-10T18:40:07","slug":"claudia-schimschal-siegt-in-bokeloh","status":"publish","type":"post","link":"https:\/\/www.vfl-westercelle.de\/tri-rsp\/claudia-schimschal-siegt-in-bokeloh\/","title":{"rendered":"Claudia Schimschal siegt in Bokeloh"},"content":{"rendered":"\n<p><em>Westercelle\/Bokeloh<\/em><\/p>\n\n\n\n<p>Mit einem kleinen aber feinen Team reisten die Triathleten des VfL Westercelle zum Triathlon nach Bokeloh.<\/p>\n\n\n\n<p>Das Wetter konnte kaum besser sein und ein perfekt organisierter Wettkampf sorgten f\u00fcr beste Bedingungen mit vielen guten Resultaten und sogar Bestleistungen, auch unserer heimischen Athleten.<\/p>\n\n\n\n<p>Dabei stach besonders die 39 j\u00e4hrige Claudia Schimschal in ihrer Altersklasse 35 hervor.<\/p>\n\n\n\n<p>Nachdem das 700 Meter Schwimmen im sehr warmen Freibad \u00fcberstanden war, ging es auf eine atemberaubende Aufholjagd, die zun\u00e4chst mit dem deutlich schnellsten Radsplit auf h\u00fcgeligem 20,2 km Terrain begann und dann noch mit einer Bestzeit \u00fcber den etwa 5,1 km langen Laufkurs endete. Somit siegte Schimschal dann auch deutlich vor ihren Konkurrentinnen in ihrer Altersklasse mit einer hervorragenden Gesamtzeit von 1:18,42 Std.<\/p>\n\n\n\n<p>Ebenfalls bestens aufgelegt war Hanno Reckmann, der eine tadellose Schwimm-, Rad-und Laufleistung zeigte.<\/p>\n\n\n\n<p>Belohnung daf\u00fcr war ein guter 5. Platz in der gut besetzten Altersklasse 55 mit einer Gesamtzeit von 1:15,47 Std. Damit war Reckmann deutlich schneller unterwegs als 2024 und konnte sich \u00fcber seine prima Leistung freuen.<\/p>\n\n\n\n<p>Einen Last Minute-Wettkampf legte Thorsten L\u00fcbke hin, der erst 3 Tage zuvor den Startplatz von einem erkranktem Sportkameraden \u00fcbernahm, was zwar eine suboptimale Vorbereitung darstellte, aber dennoch\u00a0mit der vorhandenen Routine mehr als zufriedenstellend gel\u00f6st wurde. Die Gesamtzeit von 1,23,14 Std.\u00a0reichte dann immerhin zum 5. Platz in einer ebenfalls stark besetzten Altersklasse 60.\u00a0<br>Fazit: \u201eDie \u00e4lteren Jahrg\u00e4nge sind irgendwie noch ganz sch\u00f6n schnell unterwegs!\u201c so ein staunender L\u00fcbke.<\/p>\n\n\n\n<p>Im Wettbewerb der m\u00e4nnlichen Jugend B sammelte der 14 j\u00e4hrige Jayden Engel, eigentlich VfL Handballer, weitere Erfahrungen im Triathlon. Ohne Probleme absolvierte er den Wettbewerb und kam in genau 47 Minuten auf dem 13. Platz seiner Altersklasse ins Ziel.<\/p>\n\n\n\n<p>Da Astrid Ullerich zur Zeit verletzt ist, stellte sie sich in den Dienst des SV Butteramt und half bei der Startunterlagenausgabe, danke Astrid.<\/p>\n\n\n\n<p>Text: TL<\/p>\n\n\n\n<p>Fotos: CL&nbsp;&nbsp;&nbsp;&nbsp;&nbsp;&nbsp;&nbsp;&nbsp;&nbsp;&nbsp;&nbsp;&nbsp;&nbsp;&nbsp;&nbsp;&nbsp;&nbsp;&nbsp;&nbsp;&nbsp;&nbsp;&nbsp;&nbsp;&nbsp;&nbsp;&nbsp;<\/p>\n\n\n\n<figure class=\"wp-block-gallery has-nested-images columns-default is-cropped wp-block-gallery-1 is-layout-flex wp-block-gallery-is-layout-flex\">\n<figure class=\"wp-block-image size-large\"><a href=\"http:\/\/www.vfl-westercelle.de\/tri-rsp\/wp-content\/uploads\/sites\/7\/2025\/09\/IMG_1350-1-e1757529419800.jpg\"><img loading=\"lazy\" decoding=\"async\" width=\"1030\" height=\"469\" data-id=\"1429\" src=\"http:\/\/www.vfl-westercelle.de\/tri-rsp\/wp-content\/uploads\/sites\/7\/2025\/09\/IMG_1350-1-e1757529419800-1030x469.jpg\" alt=\"\" class=\"wp-image-1429\" srcset=\"https:\/\/www.vfl-westercelle.de\/tri-rsp\/wp-content\/uploads\/sites\/7\/2025\/09\/IMG_1350-1-e1757529419800-1030x469.jpg 1030w, https:\/\/www.vfl-westercelle.de\/tri-rsp\/wp-content\/uploads\/sites\/7\/2025\/09\/IMG_1350-1-e1757529419800-300x137.jpg 300w, https:\/\/www.vfl-westercelle.de\/tri-rsp\/wp-content\/uploads\/sites\/7\/2025\/09\/IMG_1350-1-e1757529419800-768x350.jpg 768w, https:\/\/www.vfl-westercelle.de\/tri-rsp\/wp-content\/uploads\/sites\/7\/2025\/09\/IMG_1350-1-e1757529419800-1536x699.jpg 1536w, https:\/\/www.vfl-westercelle.de\/tri-rsp\/wp-content\/uploads\/sites\/7\/2025\/09\/IMG_1350-1-e1757529419800-1500x683.jpg 1500w, https:\/\/www.vfl-westercelle.de\/tri-rsp\/wp-content\/uploads\/sites\/7\/2025\/09\/IMG_1350-1-e1757529419800-705x321.jpg 705w, https:\/\/www.vfl-westercelle.de\/tri-rsp\/wp-content\/uploads\/sites\/7\/2025\/09\/IMG_1350-1-e1757529419800.jpg 1770w\" sizes=\"auto, (max-width: 1030px) 100vw, 1030px\" \/><\/a><\/figure>\n\n\n\n<figure class=\"wp-block-image size-large\"><a href=\"https:\/\/www.vfl-westercelle.de\/tri-rsp\/wp-content\/uploads\/sites\/7\/2025\/09\/IMG_1341-rotated.jpg\"><img loading=\"lazy\" decoding=\"async\" width=\"1030\" height=\"773\" data-id=\"1420\" src=\"https:\/\/www.vfl-westercelle.de\/tri-rsp\/wp-content\/uploads\/sites\/7\/2025\/09\/IMG_1341-1030x773.jpg\" alt=\"\" class=\"wp-image-1420\" srcset=\"https:\/\/www.vfl-westercelle.de\/tri-rsp\/wp-content\/uploads\/sites\/7\/2025\/09\/IMG_1341-1030x773.jpg 1030w, https:\/\/www.vfl-westercelle.de\/tri-rsp\/wp-content\/uploads\/sites\/7\/2025\/09\/IMG_1341-300x225.jpg 300w, https:\/\/www.vfl-westercelle.de\/tri-rsp\/wp-content\/uploads\/sites\/7\/2025\/09\/IMG_1341-768x576.jpg 768w, https:\/\/www.vfl-westercelle.de\/tri-rsp\/wp-content\/uploads\/sites\/7\/2025\/09\/IMG_1341-1536x1152.jpg 1536w, https:\/\/www.vfl-westercelle.de\/tri-rsp\/wp-content\/uploads\/sites\/7\/2025\/09\/IMG_1341-1500x1125.jpg 1500w, https:\/\/www.vfl-westercelle.de\/tri-rsp\/wp-content\/uploads\/sites\/7\/2025\/09\/IMG_1341-705x529.jpg 705w, https:\/\/www.vfl-westercelle.de\/tri-rsp\/wp-content\/uploads\/sites\/7\/2025\/09\/IMG_1341-rotated.jpg 2016w\" sizes=\"auto, (max-width: 1030px) 100vw, 1030px\" \/><\/a><figcaption class=\"wp-element-caption\">Startnummernausgabe<\/figcaption><\/figure>\n\n\n\n<figure class=\"wp-block-image size-large\"><a href=\"https:\/\/www.vfl-westercelle.de\/tri-rsp\/wp-content\/uploads\/sites\/7\/2025\/09\/IMG_1342.jpg\"><img loading=\"lazy\" decoding=\"async\" width=\"1030\" height=\"773\" data-id=\"1421\" src=\"https:\/\/www.vfl-westercelle.de\/tri-rsp\/wp-content\/uploads\/sites\/7\/2025\/09\/IMG_1342-1030x773.jpg\" alt=\"\" class=\"wp-image-1421\" srcset=\"https:\/\/www.vfl-westercelle.de\/tri-rsp\/wp-content\/uploads\/sites\/7\/2025\/09\/IMG_1342-1030x773.jpg 1030w, https:\/\/www.vfl-westercelle.de\/tri-rsp\/wp-content\/uploads\/sites\/7\/2025\/09\/IMG_1342-300x225.jpg 300w, https:\/\/www.vfl-westercelle.de\/tri-rsp\/wp-content\/uploads\/sites\/7\/2025\/09\/IMG_1342-768x576.jpg 768w, https:\/\/www.vfl-westercelle.de\/tri-rsp\/wp-content\/uploads\/sites\/7\/2025\/09\/IMG_1342-1536x1152.jpg 1536w, https:\/\/www.vfl-westercelle.de\/tri-rsp\/wp-content\/uploads\/sites\/7\/2025\/09\/IMG_1342-1500x1125.jpg 1500w, https:\/\/www.vfl-westercelle.de\/tri-rsp\/wp-content\/uploads\/sites\/7\/2025\/09\/IMG_1342-705x529.jpg 705w, https:\/\/www.vfl-westercelle.de\/tri-rsp\/wp-content\/uploads\/sites\/7\/2025\/09\/IMG_1342.jpg 2016w\" sizes=\"auto, (max-width: 1030px) 100vw, 1030px\" \/><\/a><figcaption class=\"wp-element-caption\">Ruhe vor dem Sturm<\/figcaption><\/figure>\n\n\n\n<figure class=\"wp-block-image size-large\"><a href=\"https:\/\/www.vfl-westercelle.de\/tri-rsp\/wp-content\/uploads\/sites\/7\/2025\/09\/IMG_1343.jpg\"><img loading=\"lazy\" decoding=\"async\" width=\"1030\" height=\"773\" data-id=\"1422\" src=\"https:\/\/www.vfl-westercelle.de\/tri-rsp\/wp-content\/uploads\/sites\/7\/2025\/09\/IMG_1343-1030x773.jpg\" alt=\"\" class=\"wp-image-1422\" srcset=\"https:\/\/www.vfl-westercelle.de\/tri-rsp\/wp-content\/uploads\/sites\/7\/2025\/09\/IMG_1343-1030x773.jpg 1030w, https:\/\/www.vfl-westercelle.de\/tri-rsp\/wp-content\/uploads\/sites\/7\/2025\/09\/IMG_1343-300x225.jpg 300w, https:\/\/www.vfl-westercelle.de\/tri-rsp\/wp-content\/uploads\/sites\/7\/2025\/09\/IMG_1343-768x576.jpg 768w, https:\/\/www.vfl-westercelle.de\/tri-rsp\/wp-content\/uploads\/sites\/7\/2025\/09\/IMG_1343-1536x1152.jpg 1536w, https:\/\/www.vfl-westercelle.de\/tri-rsp\/wp-content\/uploads\/sites\/7\/2025\/09\/IMG_1343-1500x1125.jpg 1500w, https:\/\/www.vfl-westercelle.de\/tri-rsp\/wp-content\/uploads\/sites\/7\/2025\/09\/IMG_1343-705x529.jpg 705w, https:\/\/www.vfl-westercelle.de\/tri-rsp\/wp-content\/uploads\/sites\/7\/2025\/09\/IMG_1343.jpg 2016w\" sizes=\"auto, (max-width: 1030px) 100vw, 1030px\" \/><\/a><figcaption class=\"wp-element-caption\">Wechselzone<\/figcaption><\/figure>\n\n\n\n<figure class=\"wp-block-image size-large\"><a href=\"https:\/\/www.vfl-westercelle.de\/tri-rsp\/wp-content\/uploads\/sites\/7\/2025\/09\/IMG_1359-rotated.jpg\"><img loading=\"lazy\" decoding=\"async\" width=\"773\" height=\"1030\" data-id=\"1424\" src=\"https:\/\/www.vfl-westercelle.de\/tri-rsp\/wp-content\/uploads\/sites\/7\/2025\/09\/IMG_1359-773x1030.jpg\" alt=\"\" class=\"wp-image-1424\" srcset=\"https:\/\/www.vfl-westercelle.de\/tri-rsp\/wp-content\/uploads\/sites\/7\/2025\/09\/IMG_1359-773x1030.jpg 773w, https:\/\/www.vfl-westercelle.de\/tri-rsp\/wp-content\/uploads\/sites\/7\/2025\/09\/IMG_1359-225x300.jpg 225w, https:\/\/www.vfl-westercelle.de\/tri-rsp\/wp-content\/uploads\/sites\/7\/2025\/09\/IMG_1359-768x1024.jpg 768w, https:\/\/www.vfl-westercelle.de\/tri-rsp\/wp-content\/uploads\/sites\/7\/2025\/09\/IMG_1359-1152x1536.jpg 1152w, https:\/\/www.vfl-westercelle.de\/tri-rsp\/wp-content\/uploads\/sites\/7\/2025\/09\/IMG_1359-1125x1500.jpg 1125w, https:\/\/www.vfl-westercelle.de\/tri-rsp\/wp-content\/uploads\/sites\/7\/2025\/09\/IMG_1359-529x705.jpg 529w, https:\/\/www.vfl-westercelle.de\/tri-rsp\/wp-content\/uploads\/sites\/7\/2025\/09\/IMG_1359-rotated.jpg 1512w\" sizes=\"auto, (max-width: 773px) 100vw, 773px\" \/><\/a><figcaption class=\"wp-element-caption\">Laufen<\/figcaption><\/figure>\n\n\n\n<figure class=\"wp-block-image size-large\"><a href=\"https:\/\/www.vfl-westercelle.de\/tri-rsp\/wp-content\/uploads\/sites\/7\/2025\/09\/IMG_1374.jpg\"><img loading=\"lazy\" decoding=\"async\" width=\"1030\" height=\"773\" data-id=\"1426\" src=\"https:\/\/www.vfl-westercelle.de\/tri-rsp\/wp-content\/uploads\/sites\/7\/2025\/09\/IMG_1374-1030x773.jpg\" alt=\"\" class=\"wp-image-1426\" srcset=\"https:\/\/www.vfl-westercelle.de\/tri-rsp\/wp-content\/uploads\/sites\/7\/2025\/09\/IMG_1374-1030x773.jpg 1030w, https:\/\/www.vfl-westercelle.de\/tri-rsp\/wp-content\/uploads\/sites\/7\/2025\/09\/IMG_1374-300x225.jpg 300w, https:\/\/www.vfl-westercelle.de\/tri-rsp\/wp-content\/uploads\/sites\/7\/2025\/09\/IMG_1374-768x576.jpg 768w, https:\/\/www.vfl-westercelle.de\/tri-rsp\/wp-content\/uploads\/sites\/7\/2025\/09\/IMG_1374-1536x1152.jpg 1536w, https:\/\/www.vfl-westercelle.de\/tri-rsp\/wp-content\/uploads\/sites\/7\/2025\/09\/IMG_1374-1500x1125.jpg 1500w, https:\/\/www.vfl-westercelle.de\/tri-rsp\/wp-content\/uploads\/sites\/7\/2025\/09\/IMG_1374-705x529.jpg 705w, https:\/\/www.vfl-westercelle.de\/tri-rsp\/wp-content\/uploads\/sites\/7\/2025\/09\/IMG_1374.jpg 2016w\" sizes=\"auto, (max-width: 1030px) 100vw, 1030px\" \/><\/a><\/figure>\n\n\n\n<figure class=\"wp-block-image size-large\"><a href=\"https:\/\/www.vfl-westercelle.de\/tri-rsp\/wp-content\/uploads\/sites\/7\/2025\/09\/IMG_1375-rotated.jpg\"><img loading=\"lazy\" decoding=\"async\" width=\"773\" height=\"1030\" data-id=\"1427\" src=\"https:\/\/www.vfl-westercelle.de\/tri-rsp\/wp-content\/uploads\/sites\/7\/2025\/09\/IMG_1375-773x1030.jpg\" alt=\"\" class=\"wp-image-1427\" srcset=\"https:\/\/www.vfl-westercelle.de\/tri-rsp\/wp-content\/uploads\/sites\/7\/2025\/09\/IMG_1375-773x1030.jpg 773w, https:\/\/www.vfl-westercelle.de\/tri-rsp\/wp-content\/uploads\/sites\/7\/2025\/09\/IMG_1375-225x300.jpg 225w, https:\/\/www.vfl-westercelle.de\/tri-rsp\/wp-content\/uploads\/sites\/7\/2025\/09\/IMG_1375-768x1024.jpg 768w, https:\/\/www.vfl-westercelle.de\/tri-rsp\/wp-content\/uploads\/sites\/7\/2025\/09\/IMG_1375-1152x1536.jpg 1152w, https:\/\/www.vfl-westercelle.de\/tri-rsp\/wp-content\/uploads\/sites\/7\/2025\/09\/IMG_1375-1125x1500.jpg 1125w, https:\/\/www.vfl-westercelle.de\/tri-rsp\/wp-content\/uploads\/sites\/7\/2025\/09\/IMG_1375-529x705.jpg 529w, https:\/\/www.vfl-westercelle.de\/tri-rsp\/wp-content\/uploads\/sites\/7\/2025\/09\/IMG_1375-rotated.jpg 1512w\" sizes=\"auto, (max-width: 773px) 100vw, 773px\" \/><\/a><figcaption class=\"wp-element-caption\">Ziel<\/figcaption><\/figure>\n\n\n\n<figure class=\"wp-block-image size-large\"><a href=\"https:\/\/www.vfl-westercelle.de\/tri-rsp\/wp-content\/uploads\/sites\/7\/2025\/09\/IMG_1371-rotated.jpg\"><img loading=\"lazy\" decoding=\"async\" width=\"773\" height=\"1030\" data-id=\"1425\" src=\"https:\/\/www.vfl-westercelle.de\/tri-rsp\/wp-content\/uploads\/sites\/7\/2025\/09\/IMG_1371-773x1030.jpg\" alt=\"\" class=\"wp-image-1425\" srcset=\"https:\/\/www.vfl-westercelle.de\/tri-rsp\/wp-content\/uploads\/sites\/7\/2025\/09\/IMG_1371-773x1030.jpg 773w, https:\/\/www.vfl-westercelle.de\/tri-rsp\/wp-content\/uploads\/sites\/7\/2025\/09\/IMG_1371-225x300.jpg 225w, https:\/\/www.vfl-westercelle.de\/tri-rsp\/wp-content\/uploads\/sites\/7\/2025\/09\/IMG_1371-768x1024.jpg 768w, https:\/\/www.vfl-westercelle.de\/tri-rsp\/wp-content\/uploads\/sites\/7\/2025\/09\/IMG_1371-1152x1536.jpg 1152w, https:\/\/www.vfl-westercelle.de\/tri-rsp\/wp-content\/uploads\/sites\/7\/2025\/09\/IMG_1371-1125x1500.jpg 1125w, https:\/\/www.vfl-westercelle.de\/tri-rsp\/wp-content\/uploads\/sites\/7\/2025\/09\/IMG_1371-529x705.jpg 529w, https:\/\/www.vfl-westercelle.de\/tri-rsp\/wp-content\/uploads\/sites\/7\/2025\/09\/IMG_1371-rotated.jpg 1512w\" sizes=\"auto, (max-width: 773px) 100vw, 773px\" \/><\/a><figcaption class=\"wp-element-caption\">Am Rande<\/figcaption><\/figure>\n\n\n\n<figure class=\"wp-block-image size-large\"><a href=\"https:\/\/www.vfl-westercelle.de\/tri-rsp\/wp-content\/uploads\/sites\/7\/2025\/09\/IMG-20250831-WA0004.jpg\"><img loading=\"lazy\" decoding=\"async\" width=\"773\" height=\"1030\" data-id=\"1428\" src=\"https:\/\/www.vfl-westercelle.de\/tri-rsp\/wp-content\/uploads\/sites\/7\/2025\/09\/IMG-20250831-WA0004-773x1030.jpg\" alt=\"\" class=\"wp-image-1428\" srcset=\"https:\/\/www.vfl-westercelle.de\/tri-rsp\/wp-content\/uploads\/sites\/7\/2025\/09\/IMG-20250831-WA0004-773x1030.jpg 773w, https:\/\/www.vfl-westercelle.de\/tri-rsp\/wp-content\/uploads\/sites\/7\/2025\/09\/IMG-20250831-WA0004-225x300.jpg 225w, https:\/\/www.vfl-westercelle.de\/tri-rsp\/wp-content\/uploads\/sites\/7\/2025\/09\/IMG-20250831-WA0004-768x1024.jpg 768w, https:\/\/www.vfl-westercelle.de\/tri-rsp\/wp-content\/uploads\/sites\/7\/2025\/09\/IMG-20250831-WA0004-529x705.jpg 529w, https:\/\/www.vfl-westercelle.de\/tri-rsp\/wp-content\/uploads\/sites\/7\/2025\/09\/IMG-20250831-WA0004.jpg 879w\" sizes=\"auto, (max-width: 773px) 100vw, 773px\" \/><\/a><figcaption class=\"wp-element-caption\">Zufriedene Teilnehmer<\/figcaption><\/figure>\n\n\n\n<figure class=\"wp-block-image size-large\"><a href=\"https:\/\/www.vfl-westercelle.de\/tri-rsp\/wp-content\/uploads\/sites\/7\/2025\/09\/IMG_1350.jpg\"><img loading=\"lazy\" decoding=\"async\" width=\"1030\" height=\"773\" data-id=\"1423\" src=\"https:\/\/www.vfl-westercelle.de\/tri-rsp\/wp-content\/uploads\/sites\/7\/2025\/09\/IMG_1350-1030x773.jpg\" alt=\"\" class=\"wp-image-1423\" srcset=\"https:\/\/www.vfl-westercelle.de\/tri-rsp\/wp-content\/uploads\/sites\/7\/2025\/09\/IMG_1350-1030x773.jpg 1030w, https:\/\/www.vfl-westercelle.de\/tri-rsp\/wp-content\/uploads\/sites\/7\/2025\/09\/IMG_1350-300x225.jpg 300w, https:\/\/www.vfl-westercelle.de\/tri-rsp\/wp-content\/uploads\/sites\/7\/2025\/09\/IMG_1350-768x576.jpg 768w, https:\/\/www.vfl-westercelle.de\/tri-rsp\/wp-content\/uploads\/sites\/7\/2025\/09\/IMG_1350-1536x1152.jpg 1536w, https:\/\/www.vfl-westercelle.de\/tri-rsp\/wp-content\/uploads\/sites\/7\/2025\/09\/IMG_1350-1500x1125.jpg 1500w, https:\/\/www.vfl-westercelle.de\/tri-rsp\/wp-content\/uploads\/sites\/7\/2025\/09\/IMG_1350-705x529.jpg 705w, https:\/\/www.vfl-westercelle.de\/tri-rsp\/wp-content\/uploads\/sites\/7\/2025\/09\/IMG_1350.jpg 2016w\" sizes=\"auto, (max-width: 1030px) 100vw, 1030px\" \/><\/a><figcaption class=\"wp-element-caption\">Im Anschluss an den Wettkampf<\/figcaption><\/figure>\n<\/figure>\n","protected":false},"excerpt":{"rendered":"<p>Westercelle\/Bokeloh Mit einem kleinen aber feinen Team reisten die Triathleten des VfL Westercelle zum Triathlon nach Bokeloh. Das Wetter konnte kaum besser sein und ein perfekt organisierter Wettkampf sorgten f\u00fcr beste Bedingungen mit vielen guten Resultaten und sogar Bestleistungen, auch unserer heimischen Athleten. Dabei stach besonders die 39 j\u00e4hrige Claudia Schimschal in ihrer Altersklasse 35 <a class=\"read-more-link\" href=\"https:\/\/www.vfl-westercelle.de\/tri-rsp\/claudia-schimschal-siegt-in-bokeloh\/\">[&#8230; weiterlesen]<\/a><\/p>\n","protected":false},"author":39,"featured_media":1429,"comment_status":"closed","ping_status":"open","sticky":false,"template":"","format":"standard","meta":{"footnotes":""},"categories":[1],"tags":[],"class_list":["post-1430","post","type-post","status-publish","format-standard","has-post-thumbnail","hentry","category-allgemein"],"_links":{"self":[{"href":"https:\/\/www.vfl-westercelle.de\/tri-rsp\/wp-json\/wp\/v2\/posts\/1430","targetHints":{"allow":["GET"]}}],"collection":[{"href":"https:\/\/www.vfl-westercelle.de\/tri-rsp\/wp-json\/wp\/v2\/posts"}],"about":[{"href":"https:\/\/www.vfl-westercelle.de\/tri-rsp\/wp-json\/wp\/v2\/types\/post"}],"author":[{"embeddable":true,"href":"https:\/\/www.vfl-westercelle.de\/tri-rsp\/wp-json\/wp\/v2\/users\/39"}],"replies":[{"embeddable":true,"href":"https:\/\/www.vfl-westercelle.de\/tri-rsp\/wp-json\/wp\/v2\/comments?post=1430"}],"version-history":[{"count":3,"href":"https:\/\/www.vfl-westercelle.de\/tri-rsp\/wp-json\/wp\/v2\/posts\/1430\/revisions"}],"predecessor-version":[{"id":1433,"href":"https:\/\/www.vfl-westercelle.de\/tri-rsp\/wp-json\/wp\/v2\/posts\/1430\/revisions\/1433"}],"wp:featuredmedia":[{"embeddable":true,"href":"https:\/\/www.vfl-westercelle.de\/tri-rsp\/wp-json\/wp\/v2\/media\/1429"}],"wp:attachment":[{"href":"https:\/\/www.vfl-westercelle.de\/tri-rsp\/wp-json\/wp\/v2\/media?parent=1430"}],"wp:term":[{"taxonomy":"category","embeddable":true,"href":"https:\/\/www.vfl-westercelle.de\/tri-rsp\/wp-json\/wp\/v2\/categories?post=1430"},{"taxonomy":"post_tag","embeddable":true,"href":"https:\/\/www.vfl-westercelle.de\/tri-rsp\/wp-json\/wp\/v2\/tags?post=1430"}],"curies":[{"name":"wp","href":"https:\/\/api.w.org\/{rel}","templated":true}]}}