{"id":145,"date":"2017-07-11T21:16:23","date_gmt":"2017-07-11T19:16:23","guid":{"rendered":"http:\/\/www.vfl-westercelle.de\/tri-rsp\/?p=145"},"modified":"2017-07-12T23:02:38","modified_gmt":"2017-07-12T21:02:38","slug":"drei-podiumsplaetze-fuer-vfl-sportler-beim-triathlon-in-mueden","status":"publish","type":"post","link":"https:\/\/www.vfl-westercelle.de\/tri-rsp\/drei-podiumsplaetze-fuer-vfl-sportler-beim-triathlon-in-mueden\/","title":{"rendered":"Drei Podiumspl\u00e4tze f\u00fcr VfL-Sportler beim Triathlon in M\u00fcden"},"content":{"rendered":"<p>Beim 29.Volkstriathlon sah es nur wenige Minuten vor dem Startschuss noch nach einer Wasserschlacht aus, da es teilweise wie aus Gie\u00dfkannen goss. Aber p\u00fcnktlich um 14.00 Uhr hatte der Wettergott dann wohl doch ein Einsehen mit den 140 Einzelstartern, den 19 Staffel-Teams und auch die Zuschauer konnten die Regenschirme schlie\u00dfen. So ging es f\u00fcr das gro\u00dfe Teilnehmerfeld zun\u00e4chst auf die 450 Meter lange Schwimmstrecke im 19 Grad erfrischenden, aber schlammigen Heidesee.<\/p>\n<p>Die ersten 100 Meter gestalteten sich wie so oft f\u00fcr so manch Athleten als recht unruhig, da es bei Positionsk\u00e4mpfen immer wieder zu einigen schmerzhaften K\u00f6rperkontakten kommen kann, weil im Gew\u00fchle diverse Arme und Beine aneinander geraten. Die Athleten vom VfL Westercelle kamen diesmal aber problemlos und ungeschoren in die erste Wechselzone, um sich nach schnellen Wechseln sogleich auf die leicht wellige 23 Kilometer lange Radstrecke zu machen, auf der diesmal ein etwas b\u00f6iger Wind erschwerend hinzukam. Bereits nach wenigen Kilometern trafen sich die VfL&#8217;er Frank Schreiber und Thorsten L\u00fcbke erstmals auf dem Bike und nahmen die Verfolgung der schnelleren Schwimmer im Feld jedoch nach kurzer Zusammenfahrt mit unterschiedlichem Tempo auf. Aber auch Gerald Sommer, Volker Dittmar und Dirk Imler waren noch sehr gut im Mittelfeld vertreten.<\/p>\n\n\t\t<style type=\"text\/css\">\n\t\t\t#gallery-1 {\n\t\t\t\tmargin: auto;\n\t\t\t}\n\t\t\t#gallery-1 .gallery-item {\n\t\t\t\tfloat: left;\n\t\t\t\tmargin-top: 10px;\n\t\t\t\ttext-align: center;\n\t\t\t\twidth: 20%;\n\t\t\t}\n\t\t\t#gallery-1 img {\n\t\t\t\tborder: 2px solid #cfcfcf;\n\t\t\t}\n\t\t\t#gallery-1 .gallery-caption {\n\t\t\t\tmargin-left: 0;\n\t\t\t}\n\t\t\t\/* see gallery_shortcode() in wp-includes\/media.php *\/\n\t\t<\/style>\n\t\t<div id='gallery-1' class='gallery galleryid-145 gallery-columns-5 gallery-size-thumbnail'><dl class='gallery-item'>\n\t\t\t<dt class='gallery-icon landscape'>\n\t\t\t\t<a href='https:\/\/www.vfl-westercelle.de\/tri-rsp\/wp-content\/uploads\/sites\/7\/2017\/07\/M\u00fcden.Tri2017.6.jpg'><img loading=\"lazy\" decoding=\"async\" width=\"80\" height=\"80\" src=\"https:\/\/www.vfl-westercelle.de\/tri-rsp\/wp-content\/uploads\/sites\/7\/2017\/07\/M\u00fcden.Tri2017.6-80x80.jpg\" class=\"attachment-thumbnail size-thumbnail\" alt=\"\" srcset=\"https:\/\/www.vfl-westercelle.de\/tri-rsp\/wp-content\/uploads\/sites\/7\/2017\/07\/M\u00fcden.Tri2017.6-80x80.jpg 80w, https:\/\/www.vfl-westercelle.de\/tri-rsp\/wp-content\/uploads\/sites\/7\/2017\/07\/M\u00fcden.Tri2017.6-36x36.jpg 36w, https:\/\/www.vfl-westercelle.de\/tri-rsp\/wp-content\/uploads\/sites\/7\/2017\/07\/M\u00fcden.Tri2017.6-180x180.jpg 180w, https:\/\/www.vfl-westercelle.de\/tri-rsp\/wp-content\/uploads\/sites\/7\/2017\/07\/M\u00fcden.Tri2017.6-120x120.jpg 120w, https:\/\/www.vfl-westercelle.de\/tri-rsp\/wp-content\/uploads\/sites\/7\/2017\/07\/M\u00fcden.Tri2017.6-450x450.jpg 450w\" sizes=\"auto, (max-width: 80px) 100vw, 80px\" \/><\/a>\n\t\t\t<\/dt><\/dl><dl class='gallery-item'>\n\t\t\t<dt class='gallery-icon portrait'>\n\t\t\t\t<a href='https:\/\/www.vfl-westercelle.de\/tri-rsp\/wp-content\/uploads\/sites\/7\/2017\/07\/M\u00fcden.Tri2017.4.jpg'><img loading=\"lazy\" decoding=\"async\" width=\"80\" height=\"80\" src=\"https:\/\/www.vfl-westercelle.de\/tri-rsp\/wp-content\/uploads\/sites\/7\/2017\/07\/M\u00fcden.Tri2017.4-80x80.jpg\" class=\"attachment-thumbnail size-thumbnail\" alt=\"\" srcset=\"https:\/\/www.vfl-westercelle.de\/tri-rsp\/wp-content\/uploads\/sites\/7\/2017\/07\/M\u00fcden.Tri2017.4-80x80.jpg 80w, https:\/\/www.vfl-westercelle.de\/tri-rsp\/wp-content\/uploads\/sites\/7\/2017\/07\/M\u00fcden.Tri2017.4-36x36.jpg 36w, https:\/\/www.vfl-westercelle.de\/tri-rsp\/wp-content\/uploads\/sites\/7\/2017\/07\/M\u00fcden.Tri2017.4-180x180.jpg 180w, https:\/\/www.vfl-westercelle.de\/tri-rsp\/wp-content\/uploads\/sites\/7\/2017\/07\/M\u00fcden.Tri2017.4-120x120.jpg 120w, https:\/\/www.vfl-westercelle.de\/tri-rsp\/wp-content\/uploads\/sites\/7\/2017\/07\/M\u00fcden.Tri2017.4-450x450.jpg 450w\" sizes=\"auto, (max-width: 80px) 100vw, 80px\" \/><\/a>\n\t\t\t<\/dt><\/dl><dl class='gallery-item'>\n\t\t\t<dt class='gallery-icon landscape'>\n\t\t\t\t<a href='https:\/\/www.vfl-westercelle.de\/tri-rsp\/wp-content\/uploads\/sites\/7\/2017\/07\/M\u00fcden.Tri2017.3.jpg'><img loading=\"lazy\" decoding=\"async\" width=\"80\" height=\"80\" src=\"https:\/\/www.vfl-westercelle.de\/tri-rsp\/wp-content\/uploads\/sites\/7\/2017\/07\/M\u00fcden.Tri2017.3-80x80.jpg\" class=\"attachment-thumbnail size-thumbnail\" alt=\"\" srcset=\"https:\/\/www.vfl-westercelle.de\/tri-rsp\/wp-content\/uploads\/sites\/7\/2017\/07\/M\u00fcden.Tri2017.3-80x80.jpg 80w, https:\/\/www.vfl-westercelle.de\/tri-rsp\/wp-content\/uploads\/sites\/7\/2017\/07\/M\u00fcden.Tri2017.3-36x36.jpg 36w, https:\/\/www.vfl-westercelle.de\/tri-rsp\/wp-content\/uploads\/sites\/7\/2017\/07\/M\u00fcden.Tri2017.3-180x180.jpg 180w, https:\/\/www.vfl-westercelle.de\/tri-rsp\/wp-content\/uploads\/sites\/7\/2017\/07\/M\u00fcden.Tri2017.3-120x120.jpg 120w, https:\/\/www.vfl-westercelle.de\/tri-rsp\/wp-content\/uploads\/sites\/7\/2017\/07\/M\u00fcden.Tri2017.3-450x450.jpg 450w\" sizes=\"auto, (max-width: 80px) 100vw, 80px\" \/><\/a>\n\t\t\t<\/dt><\/dl><dl class='gallery-item'>\n\t\t\t<dt class='gallery-icon landscape'>\n\t\t\t\t<a href='https:\/\/www.vfl-westercelle.de\/tri-rsp\/wp-content\/uploads\/sites\/7\/2017\/07\/M\u00fcden.Tri2017.2.jpg'><img loading=\"lazy\" decoding=\"async\" width=\"80\" height=\"80\" src=\"https:\/\/www.vfl-westercelle.de\/tri-rsp\/wp-content\/uploads\/sites\/7\/2017\/07\/M\u00fcden.Tri2017.2-80x80.jpg\" class=\"attachment-thumbnail size-thumbnail\" alt=\"\" srcset=\"https:\/\/www.vfl-westercelle.de\/tri-rsp\/wp-content\/uploads\/sites\/7\/2017\/07\/M\u00fcden.Tri2017.2-80x80.jpg 80w, https:\/\/www.vfl-westercelle.de\/tri-rsp\/wp-content\/uploads\/sites\/7\/2017\/07\/M\u00fcden.Tri2017.2-36x36.jpg 36w, https:\/\/www.vfl-westercelle.de\/tri-rsp\/wp-content\/uploads\/sites\/7\/2017\/07\/M\u00fcden.Tri2017.2-180x180.jpg 180w, https:\/\/www.vfl-westercelle.de\/tri-rsp\/wp-content\/uploads\/sites\/7\/2017\/07\/M\u00fcden.Tri2017.2-120x120.jpg 120w, https:\/\/www.vfl-westercelle.de\/tri-rsp\/wp-content\/uploads\/sites\/7\/2017\/07\/M\u00fcden.Tri2017.2-450x450.jpg 450w\" sizes=\"auto, (max-width: 80px) 100vw, 80px\" \/><\/a>\n\t\t\t<\/dt><\/dl><dl class='gallery-item'>\n\t\t\t<dt class='gallery-icon portrait'>\n\t\t\t\t<a href='https:\/\/www.vfl-westercelle.de\/tri-rsp\/wp-content\/uploads\/sites\/7\/2017\/07\/IMGP0058-e1499800374129.jpg'><img loading=\"lazy\" decoding=\"async\" width=\"80\" height=\"80\" src=\"https:\/\/www.vfl-westercelle.de\/tri-rsp\/wp-content\/uploads\/sites\/7\/2017\/07\/IMGP0058-e1499800374129-80x80.jpg\" class=\"attachment-thumbnail size-thumbnail\" alt=\"\" srcset=\"https:\/\/www.vfl-westercelle.de\/tri-rsp\/wp-content\/uploads\/sites\/7\/2017\/07\/IMGP0058-e1499800374129-80x80.jpg 80w, https:\/\/www.vfl-westercelle.de\/tri-rsp\/wp-content\/uploads\/sites\/7\/2017\/07\/IMGP0058-e1499800374129-36x36.jpg 36w, https:\/\/www.vfl-westercelle.de\/tri-rsp\/wp-content\/uploads\/sites\/7\/2017\/07\/IMGP0058-e1499800374129-180x180.jpg 180w, https:\/\/www.vfl-westercelle.de\/tri-rsp\/wp-content\/uploads\/sites\/7\/2017\/07\/IMGP0058-e1499800374129-120x120.jpg 120w, https:\/\/www.vfl-westercelle.de\/tri-rsp\/wp-content\/uploads\/sites\/7\/2017\/07\/IMGP0058-e1499800374129-450x450.jpg 450w\" sizes=\"auto, (max-width: 80px) 100vw, 80px\" \/><\/a>\n\t\t\t<\/dt><\/dl><br style=\"clear: both\" \/><dl class='gallery-item'>\n\t\t\t<dt class='gallery-icon landscape'>\n\t\t\t\t<a href='https:\/\/www.vfl-westercelle.de\/tri-rsp\/wp-content\/uploads\/sites\/7\/2017\/07\/IMGP0043.jpg'><img loading=\"lazy\" decoding=\"async\" width=\"80\" height=\"80\" src=\"https:\/\/www.vfl-westercelle.de\/tri-rsp\/wp-content\/uploads\/sites\/7\/2017\/07\/IMGP0043-80x80.jpg\" class=\"attachment-thumbnail size-thumbnail\" alt=\"\" srcset=\"https:\/\/www.vfl-westercelle.de\/tri-rsp\/wp-content\/uploads\/sites\/7\/2017\/07\/IMGP0043-80x80.jpg 80w, https:\/\/www.vfl-westercelle.de\/tri-rsp\/wp-content\/uploads\/sites\/7\/2017\/07\/IMGP0043-36x36.jpg 36w, https:\/\/www.vfl-westercelle.de\/tri-rsp\/wp-content\/uploads\/sites\/7\/2017\/07\/IMGP0043-180x180.jpg 180w, https:\/\/www.vfl-westercelle.de\/tri-rsp\/wp-content\/uploads\/sites\/7\/2017\/07\/IMGP0043-120x120.jpg 120w, https:\/\/www.vfl-westercelle.de\/tri-rsp\/wp-content\/uploads\/sites\/7\/2017\/07\/IMGP0043-450x450.jpg 450w\" sizes=\"auto, (max-width: 80px) 100vw, 80px\" \/><\/a>\n\t\t\t<\/dt><\/dl><dl class='gallery-item'>\n\t\t\t<dt class='gallery-icon portrait'>\n\t\t\t\t<a href='https:\/\/www.vfl-westercelle.de\/tri-rsp\/wp-content\/uploads\/sites\/7\/2017\/07\/IMGP0057-e1499893283838.jpg'><img loading=\"lazy\" decoding=\"async\" width=\"80\" height=\"80\" src=\"https:\/\/www.vfl-westercelle.de\/tri-rsp\/wp-content\/uploads\/sites\/7\/2017\/07\/IMGP0057-e1499893283838-80x80.jpg\" class=\"attachment-thumbnail size-thumbnail\" alt=\"\" srcset=\"https:\/\/www.vfl-westercelle.de\/tri-rsp\/wp-content\/uploads\/sites\/7\/2017\/07\/IMGP0057-e1499893283838-80x80.jpg 80w, https:\/\/www.vfl-westercelle.de\/tri-rsp\/wp-content\/uploads\/sites\/7\/2017\/07\/IMGP0057-e1499893283838-36x36.jpg 36w, https:\/\/www.vfl-westercelle.de\/tri-rsp\/wp-content\/uploads\/sites\/7\/2017\/07\/IMGP0057-e1499893283838-180x180.jpg 180w, https:\/\/www.vfl-westercelle.de\/tri-rsp\/wp-content\/uploads\/sites\/7\/2017\/07\/IMGP0057-e1499893283838-120x120.jpg 120w, https:\/\/www.vfl-westercelle.de\/tri-rsp\/wp-content\/uploads\/sites\/7\/2017\/07\/IMGP0057-e1499893283838-450x450.jpg 450w\" sizes=\"auto, (max-width: 80px) 100vw, 80px\" \/><\/a>\n\t\t\t<\/dt><\/dl><dl class='gallery-item'>\n\t\t\t<dt class='gallery-icon portrait'>\n\t\t\t\t<a href='https:\/\/www.vfl-westercelle.de\/tri-rsp\/wp-content\/uploads\/sites\/7\/2017\/07\/M\u00fcden.Tri2017.1.jpg'><img loading=\"lazy\" decoding=\"async\" width=\"80\" height=\"80\" src=\"https:\/\/www.vfl-westercelle.de\/tri-rsp\/wp-content\/uploads\/sites\/7\/2017\/07\/M\u00fcden.Tri2017.1-80x80.jpg\" class=\"attachment-thumbnail size-thumbnail\" alt=\"\" srcset=\"https:\/\/www.vfl-westercelle.de\/tri-rsp\/wp-content\/uploads\/sites\/7\/2017\/07\/M\u00fcden.Tri2017.1-80x80.jpg 80w, https:\/\/www.vfl-westercelle.de\/tri-rsp\/wp-content\/uploads\/sites\/7\/2017\/07\/M\u00fcden.Tri2017.1-36x36.jpg 36w, https:\/\/www.vfl-westercelle.de\/tri-rsp\/wp-content\/uploads\/sites\/7\/2017\/07\/M\u00fcden.Tri2017.1-180x180.jpg 180w, https:\/\/www.vfl-westercelle.de\/tri-rsp\/wp-content\/uploads\/sites\/7\/2017\/07\/M\u00fcden.Tri2017.1-120x120.jpg 120w, https:\/\/www.vfl-westercelle.de\/tri-rsp\/wp-content\/uploads\/sites\/7\/2017\/07\/M\u00fcden.Tri2017.1-450x450.jpg 450w\" sizes=\"auto, (max-width: 80px) 100vw, 80px\" \/><\/a>\n\t\t\t<\/dt><\/dl><dl class='gallery-item'>\n\t\t\t<dt class='gallery-icon landscape'>\n\t\t\t\t<a href='https:\/\/www.vfl-westercelle.de\/tri-rsp\/wp-content\/uploads\/sites\/7\/2017\/07\/M\u00fcden.Tri2017.5.jpg'><img loading=\"lazy\" decoding=\"async\" width=\"80\" height=\"80\" src=\"https:\/\/www.vfl-westercelle.de\/tri-rsp\/wp-content\/uploads\/sites\/7\/2017\/07\/M\u00fcden.Tri2017.5-80x80.jpg\" class=\"attachment-thumbnail size-thumbnail\" alt=\"\" srcset=\"https:\/\/www.vfl-westercelle.de\/tri-rsp\/wp-content\/uploads\/sites\/7\/2017\/07\/M\u00fcden.Tri2017.5-80x80.jpg 80w, https:\/\/www.vfl-westercelle.de\/tri-rsp\/wp-content\/uploads\/sites\/7\/2017\/07\/M\u00fcden.Tri2017.5-36x36.jpg 36w, https:\/\/www.vfl-westercelle.de\/tri-rsp\/wp-content\/uploads\/sites\/7\/2017\/07\/M\u00fcden.Tri2017.5-180x180.jpg 180w, https:\/\/www.vfl-westercelle.de\/tri-rsp\/wp-content\/uploads\/sites\/7\/2017\/07\/M\u00fcden.Tri2017.5-120x120.jpg 120w, https:\/\/www.vfl-westercelle.de\/tri-rsp\/wp-content\/uploads\/sites\/7\/2017\/07\/M\u00fcden.Tri2017.5-450x450.jpg 450w\" sizes=\"auto, (max-width: 80px) 100vw, 80px\" \/><\/a>\n\t\t\t<\/dt><\/dl><dl class='gallery-item'>\n\t\t\t<dt class='gallery-icon landscape'>\n\t\t\t\t<a href='https:\/\/www.vfl-westercelle.de\/tri-rsp\/wp-content\/uploads\/sites\/7\/2017\/07\/M\u00fcden.Tri2017.5-1.jpg'><img loading=\"lazy\" decoding=\"async\" width=\"80\" height=\"80\" src=\"https:\/\/www.vfl-westercelle.de\/tri-rsp\/wp-content\/uploads\/sites\/7\/2017\/07\/M\u00fcden.Tri2017.5-1-80x80.jpg\" class=\"attachment-thumbnail size-thumbnail\" alt=\"\" srcset=\"https:\/\/www.vfl-westercelle.de\/tri-rsp\/wp-content\/uploads\/sites\/7\/2017\/07\/M\u00fcden.Tri2017.5-1-80x80.jpg 80w, https:\/\/www.vfl-westercelle.de\/tri-rsp\/wp-content\/uploads\/sites\/7\/2017\/07\/M\u00fcden.Tri2017.5-1-36x36.jpg 36w, https:\/\/www.vfl-westercelle.de\/tri-rsp\/wp-content\/uploads\/sites\/7\/2017\/07\/M\u00fcden.Tri2017.5-1-180x180.jpg 180w, https:\/\/www.vfl-westercelle.de\/tri-rsp\/wp-content\/uploads\/sites\/7\/2017\/07\/M\u00fcden.Tri2017.5-1-120x120.jpg 120w, https:\/\/www.vfl-westercelle.de\/tri-rsp\/wp-content\/uploads\/sites\/7\/2017\/07\/M\u00fcden.Tri2017.5-1-450x450.jpg 450w\" sizes=\"auto, (max-width: 80px) 100vw, 80px\" \/><\/a>\n\t\t\t<\/dt><\/dl><br style=\"clear: both\" \/>\n\t\t<\/div>\n\n<p>Unsere beiden Super-Senioren Henning von Spe\u00dfhardt und Guntram Sachse lieferten sich ein packendes Rennen um den Sieg in der AK 70. Da die Stra\u00dfen noch regennass waren, kam es\u00a0 zu einigen glimpflich verlaufenen St\u00fcrzen in den teilweise engen Kurven, aber gl\u00fccklicherweise war keiner von den VfL-Athleten betroffen, da sie sich den Verh\u00e4ltnissen gut angepassten. Denn &#8222;Vorsicht statt Risiko&#8220; hatte heute Vorrang,\u00a0 schlie\u00dflich standen noch zwei abschlie\u00dfende Laufrunden um den Heidesee mit insgesamt 4 Kilometern an, wo man durchaus auch noch Zeit gutmachen konnte.<\/p>\n<p>Als erster VfL&#8217;er wechselte L\u00fcbke auf die Laufstrecke. Dicht gefolgt dann Schreiber, der seinen Teamkollegen jedoch bereits nach gut einem Kilometer ein- und \u00fcberholte und seinen Vorsprung bis ins\u00a0 Ziel auf 1:15 Minute ausbauen konnte und als schnellster VfL&#8217;er mit einer Gesamtzeit von 1:06,46 Std. auf dem 19.Platz der Gesamtwertung einlief, L\u00fcbke dann in 1:08,01 Std. auf dem 24.Platz. Sommer lieferte einen sehr guten Wettkampf ab und folgte seinen Teamkollegen gut gelaunt nur wenige Minuten sp\u00e4ter auf dem 42.Platz in 1:12,23 Std., so dass sich die VfL&#8217;er in der Teamwertung immerhin noch den 3.Platz und einen Pokal sichern konnten. Dittmar musste sich aufgrund eines wenige Tage zuvor im Training zugezogenen Muskelfaserrisses im Wettkampf etwas zur\u00fcckhalten, finishte aber in 1:16,20 Std. souver\u00e4n und zeigte sich erleichtert, dass die Wade hielt.<\/p>\n<p>Unser Rookie Dirk Imler, der sich ganz kurzfristig f\u00fcr die erste Teilnahme an einem Triathlon entschied, kam voll begeistert und kaum sichtlich ersch\u00f6pft nach 1:23,20 Std. ins Ziel. Es wird wohl nicht sein letzter Triathlon gewesen sein und Pl\u00e4ne f\u00fcr weitere Teilnahmen werden bereits geschmiedet. Unsere Super-Senioren von Spe\u00dfhardt (77 Jahre) und Sachse (75 Jahre) waren in der AK 70\u00a0 das Ma\u00df aller Dinge und sicherten sich den ersten und zweiten Platz ihrer Altersklasse. Mit drei Podestpl\u00e4tzen erzielten die\u00a0 sieben VfL&#8217;er eine zufriedenstellende Quote. Als n\u00e4chster Wettkampf steht nun der AGM-Triathlon in Muster an (22.07.). Hier stehen 500 m Schwimmen, 20 km Radfahren und 5 km Laufen an.<\/p>\n<p>&nbsp;<\/p>\n","protected":false},"excerpt":{"rendered":"<p>Beim 29.Volkstriathlon sah es nur wenige Minuten vor dem Startschuss noch nach einer Wasserschlacht aus, da es teilweise wie aus Gie\u00dfkannen goss. Aber p\u00fcnktlich um 14.00 Uhr hatte der Wettergott dann wohl doch ein Einsehen mit den 140 Einzelstartern, den 19 Staffel-Teams und auch die Zuschauer konnten die Regenschirme schlie\u00dfen. So ging es f\u00fcr das <a class=\"read-more-link\" href=\"https:\/\/www.vfl-westercelle.de\/tri-rsp\/drei-podiumsplaetze-fuer-vfl-sportler-beim-triathlon-in-mueden\/\">[&#8230; weiterlesen]<\/a><\/p>\n","protected":false},"author":1,"featured_media":189,"comment_status":"closed","ping_status":"closed","sticky":false,"template":"","format":"standard","meta":{"footnotes":""},"categories":[4],"tags":[],"class_list":["post-145","post","type-post","status-publish","format-standard","has-post-thumbnail","hentry","category-triathlon-radfahren"],"_links":{"self":[{"href":"https:\/\/www.vfl-westercelle.de\/tri-rsp\/wp-json\/wp\/v2\/posts\/145","targetHints":{"allow":["GET"]}}],"collection":[{"href":"https:\/\/www.vfl-westercelle.de\/tri-rsp\/wp-json\/wp\/v2\/posts"}],"about":[{"href":"https:\/\/www.vfl-westercelle.de\/tri-rsp\/wp-json\/wp\/v2\/types\/post"}],"author":[{"embeddable":true,"href":"https:\/\/www.vfl-westercelle.de\/tri-rsp\/wp-json\/wp\/v2\/users\/1"}],"replies":[{"embeddable":true,"href":"https:\/\/www.vfl-westercelle.de\/tri-rsp\/wp-json\/wp\/v2\/comments?post=145"}],"version-history":[{"count":9,"href":"https:\/\/www.vfl-westercelle.de\/tri-rsp\/wp-json\/wp\/v2\/posts\/145\/revisions"}],"predecessor-version":[{"id":197,"href":"https:\/\/www.vfl-westercelle.de\/tri-rsp\/wp-json\/wp\/v2\/posts\/145\/revisions\/197"}],"wp:featuredmedia":[{"embeddable":true,"href":"https:\/\/www.vfl-westercelle.de\/tri-rsp\/wp-json\/wp\/v2\/media\/189"}],"wp:attachment":[{"href":"https:\/\/www.vfl-westercelle.de\/tri-rsp\/wp-json\/wp\/v2\/media?parent=145"}],"wp:term":[{"taxonomy":"category","embeddable":true,"href":"https:\/\/www.vfl-westercelle.de\/tri-rsp\/wp-json\/wp\/v2\/categories?post=145"},{"taxonomy":"post_tag","embeddable":true,"href":"https:\/\/www.vfl-westercelle.de\/tri-rsp\/wp-json\/wp\/v2\/tags?post=145"}],"curies":[{"name":"wp","href":"https:\/\/api.w.org\/{rel}","templated":true}]}}