{"id":1451,"date":"2025-09-17T19:47:55","date_gmt":"2025-09-17T17:47:55","guid":{"rendered":"https:\/\/www.vfl-westercelle.de\/tri-rsp\/?p=1451"},"modified":"2025-09-17T19:47:56","modified_gmt":"2025-09-17T17:47:56","slug":"westerceller-sieg-beim-einlagerennen-beim-rudern-gegen-krebs","status":"publish","type":"post","link":"https:\/\/www.vfl-westercelle.de\/tri-rsp\/westerceller-sieg-beim-einlagerennen-beim-rudern-gegen-krebs\/","title":{"rendered":"Westerceller Sieg beim Einlagerennen beim &#8222;Rudern gegen Krebs&#8220;"},"content":{"rendered":"\n<p><em>Celle 6.9.2025<\/em><\/p>\n\n\n\n<p>F\u00fcr eine gute und gemeinn\u00fctzige Tat ben\u00f6tigte es bei Kersten Kraft (Spartenleiter Volleyball), Thorsten L\u00fcbke (Spartenleiter Triathlon\/Radsport) und ihren Mitstreitern Bernd Otte (Radsport) und Dr. Hanno Reckmann (Triathlon) keinerlei \u00dcberzeugungskraft. Man nahm die Herausforderung gern und mit vollem Eifer an, um das herausragende Celler Benefiz-Event &#8222;Rudern gegen Krebs&#8220; an der Ziegeninsel zu unterst\u00fctzen!<\/p>\n\n\n\n<p>Dass unsere VfL&#8217;er an den Skulls im Doppelvierer mit Steuermann eine gute Figur machten, ist auch den vier \u00dcbungsstunden mit der Trainerin Sonja Rumpf vom Celler Ruderverein zu verdanken,&nbsp;die unsere Sportler hervorragend auf das Event mit einem Einlagerennen gegen die Teams vom SV Eintracht\/MTV Celle, TuS Celle FC und die Altenceller Sch\u00fctzengilde vorbereitete.<\/p>\n\n\n\n<p>Sah es beim letzten Training eher noch ziemlich unsynchron aus, so konnte man dann aber doch im Einlagerennen \u00fcber 300 Meter vor gro\u00dfer Zuschauerkulisse voll \u00fcberzeugen&nbsp;und vom Start weg der Konkurrenz bereits nach halber Wegstrecke enteilen und den Sieg locker nach Hause bringen.<\/p>\n\n\n\n<p>Damit war nicht unbedingt zu rechnen und so stand man dann auf dem Podium und lie\u00df sich freudestrahlend die Goldmedaillen vom B\u00fcrgermeister der Stadt Celle, Alexander Wille, umh\u00e4ngen.<\/p>\n\n\n\n<p>Fazit: Gutes getan und dabei viel Spa\u00df gehabt. Gerne wieder!&nbsp; &nbsp;<\/p>\n\n\n\n<p>Fotos: TL und CL<\/p>\n\n\n\n<p>Text: TL<\/p>\n\n\n\n<figure class=\"wp-block-gallery has-nested-images columns-default is-cropped wp-block-gallery-1 is-layout-flex wp-block-gallery-is-layout-flex\">\n<figure class=\"wp-block-image size-large\"><img loading=\"lazy\" decoding=\"async\" width=\"1030\" height=\"485\" data-id=\"1454\" src=\"https:\/\/www.vfl-westercelle.de\/tri-rsp\/wp-content\/uploads\/sites\/7\/2025\/09\/IMG_1226-1-e1758130983412-1030x485.jpg\" alt=\"\" class=\"wp-image-1454\" srcset=\"https:\/\/www.vfl-westercelle.de\/tri-rsp\/wp-content\/uploads\/sites\/7\/2025\/09\/IMG_1226-1-e1758130983412-1030x485.jpg 1030w, https:\/\/www.vfl-westercelle.de\/tri-rsp\/wp-content\/uploads\/sites\/7\/2025\/09\/IMG_1226-1-e1758130983412-300x141.jpg 300w, https:\/\/www.vfl-westercelle.de\/tri-rsp\/wp-content\/uploads\/sites\/7\/2025\/09\/IMG_1226-1-e1758130983412-768x362.jpg 768w, https:\/\/www.vfl-westercelle.de\/tri-rsp\/wp-content\/uploads\/sites\/7\/2025\/09\/IMG_1226-1-e1758130983412-1536x724.jpg 1536w, https:\/\/www.vfl-westercelle.de\/tri-rsp\/wp-content\/uploads\/sites\/7\/2025\/09\/IMG_1226-1-e1758130983412-1500x707.jpg 1500w, https:\/\/www.vfl-westercelle.de\/tri-rsp\/wp-content\/uploads\/sites\/7\/2025\/09\/IMG_1226-1-e1758130983412-705x332.jpg 705w, https:\/\/www.vfl-westercelle.de\/tri-rsp\/wp-content\/uploads\/sites\/7\/2025\/09\/IMG_1226-1-e1758130983412.jpg 1810w\" sizes=\"auto, (max-width: 1030px) 100vw, 1030px\" \/><figcaption class=\"wp-element-caption\">Foto (v.l.): Thorsten L\u00fcbke, Bernd Otte, Sonja Rumpf, Kersten Kraft und Dr. Hanno Reckmann nach der ersten \u00dcbungsstunde auf der Aller <br><br><\/figcaption><\/figure>\n\n\n\n<figure class=\"wp-block-image size-large\"><a href=\"https:\/\/www.vfl-westercelle.de\/tri-rsp\/wp-content\/uploads\/sites\/7\/2025\/09\/IMG_1226.jpg\"><img loading=\"lazy\" decoding=\"async\" width=\"1030\" height=\"773\" data-id=\"1434\" src=\"https:\/\/www.vfl-westercelle.de\/tri-rsp\/wp-content\/uploads\/sites\/7\/2025\/09\/IMG_1226-1030x773.jpg\" alt=\"\" class=\"wp-image-1434\" srcset=\"https:\/\/www.vfl-westercelle.de\/tri-rsp\/wp-content\/uploads\/sites\/7\/2025\/09\/IMG_1226-1030x773.jpg 1030w, https:\/\/www.vfl-westercelle.de\/tri-rsp\/wp-content\/uploads\/sites\/7\/2025\/09\/IMG_1226-300x225.jpg 300w, https:\/\/www.vfl-westercelle.de\/tri-rsp\/wp-content\/uploads\/sites\/7\/2025\/09\/IMG_1226-768x576.jpg 768w, https:\/\/www.vfl-westercelle.de\/tri-rsp\/wp-content\/uploads\/sites\/7\/2025\/09\/IMG_1226-1536x1152.jpg 1536w, https:\/\/www.vfl-westercelle.de\/tri-rsp\/wp-content\/uploads\/sites\/7\/2025\/09\/IMG_1226-1500x1125.jpg 1500w, https:\/\/www.vfl-westercelle.de\/tri-rsp\/wp-content\/uploads\/sites\/7\/2025\/09\/IMG_1226-705x529.jpg 705w, https:\/\/www.vfl-westercelle.de\/tri-rsp\/wp-content\/uploads\/sites\/7\/2025\/09\/IMG_1226.jpg 2016w\" sizes=\"auto, (max-width: 1030px) 100vw, 1030px\" \/><\/a><figcaption class=\"wp-element-caption\">Foto (v.l.): Thorsten L\u00fcbke, Bernd Otte, Sonja Rumpf, Kersten Kraft und Dr. Hanno Reckmann nach der ersten \u00dcbungsstunde auf der Aller <\/figcaption><\/figure>\n\n\n\n<figure class=\"wp-block-image size-large\"><a href=\"https:\/\/www.vfl-westercelle.de\/tri-rsp\/wp-content\/uploads\/sites\/7\/2025\/09\/IMG_1228-rotated.jpg\"><img loading=\"lazy\" decoding=\"async\" width=\"1030\" height=\"773\" data-id=\"1435\" src=\"https:\/\/www.vfl-westercelle.de\/tri-rsp\/wp-content\/uploads\/sites\/7\/2025\/09\/IMG_1228-1030x773.jpg\" alt=\"\" class=\"wp-image-1435\" srcset=\"https:\/\/www.vfl-westercelle.de\/tri-rsp\/wp-content\/uploads\/sites\/7\/2025\/09\/IMG_1228-1030x773.jpg 1030w, https:\/\/www.vfl-westercelle.de\/tri-rsp\/wp-content\/uploads\/sites\/7\/2025\/09\/IMG_1228-300x225.jpg 300w, https:\/\/www.vfl-westercelle.de\/tri-rsp\/wp-content\/uploads\/sites\/7\/2025\/09\/IMG_1228-768x576.jpg 768w, https:\/\/www.vfl-westercelle.de\/tri-rsp\/wp-content\/uploads\/sites\/7\/2025\/09\/IMG_1228-1536x1152.jpg 1536w, https:\/\/www.vfl-westercelle.de\/tri-rsp\/wp-content\/uploads\/sites\/7\/2025\/09\/IMG_1228-1500x1125.jpg 1500w, https:\/\/www.vfl-westercelle.de\/tri-rsp\/wp-content\/uploads\/sites\/7\/2025\/09\/IMG_1228-705x529.jpg 705w, https:\/\/www.vfl-westercelle.de\/tri-rsp\/wp-content\/uploads\/sites\/7\/2025\/09\/IMG_1228-rotated.jpg 2016w\" sizes=\"auto, (max-width: 1030px) 100vw, 1030px\" \/><\/a><\/figure>\n\n\n\n<figure class=\"wp-block-image size-large\"><a href=\"https:\/\/www.vfl-westercelle.de\/tri-rsp\/wp-content\/uploads\/sites\/7\/2025\/09\/IMG_1384.jpg\"><img loading=\"lazy\" decoding=\"async\" width=\"1030\" height=\"773\" data-id=\"1436\" src=\"https:\/\/www.vfl-westercelle.de\/tri-rsp\/wp-content\/uploads\/sites\/7\/2025\/09\/IMG_1384-1030x773.jpg\" alt=\"Bei der vierten \u00dcbungsausfahrt mit Nachwuchssteuermann.\" class=\"wp-image-1436\" srcset=\"https:\/\/www.vfl-westercelle.de\/tri-rsp\/wp-content\/uploads\/sites\/7\/2025\/09\/IMG_1384-1030x773.jpg 1030w, https:\/\/www.vfl-westercelle.de\/tri-rsp\/wp-content\/uploads\/sites\/7\/2025\/09\/IMG_1384-300x225.jpg 300w, https:\/\/www.vfl-westercelle.de\/tri-rsp\/wp-content\/uploads\/sites\/7\/2025\/09\/IMG_1384-768x576.jpg 768w, https:\/\/www.vfl-westercelle.de\/tri-rsp\/wp-content\/uploads\/sites\/7\/2025\/09\/IMG_1384-1536x1152.jpg 1536w, https:\/\/www.vfl-westercelle.de\/tri-rsp\/wp-content\/uploads\/sites\/7\/2025\/09\/IMG_1384-1500x1125.jpg 1500w, https:\/\/www.vfl-westercelle.de\/tri-rsp\/wp-content\/uploads\/sites\/7\/2025\/09\/IMG_1384-705x529.jpg 705w, https:\/\/www.vfl-westercelle.de\/tri-rsp\/wp-content\/uploads\/sites\/7\/2025\/09\/IMG_1384.jpg 2016w\" sizes=\"auto, (max-width: 1030px) 100vw, 1030px\" \/><\/a><figcaption class=\"wp-element-caption\">Bei der vierten \u00dcbungsausfahrt mit Nachwuchssteuermann.<\/figcaption><\/figure>\n\n\n\n<figure class=\"wp-block-image size-large\"><a href=\"https:\/\/www.vfl-westercelle.de\/tri-rsp\/wp-content\/uploads\/sites\/7\/2025\/09\/IMG_1426-rotated.jpg\"><img loading=\"lazy\" decoding=\"async\" width=\"773\" height=\"1030\" data-id=\"1438\" src=\"https:\/\/www.vfl-westercelle.de\/tri-rsp\/wp-content\/uploads\/sites\/7\/2025\/09\/IMG_1426-773x1030.jpg\" alt=\"Thorsten mit dem Chef-Organissator Ralf Leineweber vom Celler Ruderverein vor dem Start\" class=\"wp-image-1438\" srcset=\"https:\/\/www.vfl-westercelle.de\/tri-rsp\/wp-content\/uploads\/sites\/7\/2025\/09\/IMG_1426-773x1030.jpg 773w, https:\/\/www.vfl-westercelle.de\/tri-rsp\/wp-content\/uploads\/sites\/7\/2025\/09\/IMG_1426-225x300.jpg 225w, https:\/\/www.vfl-westercelle.de\/tri-rsp\/wp-content\/uploads\/sites\/7\/2025\/09\/IMG_1426-768x1024.jpg 768w, https:\/\/www.vfl-westercelle.de\/tri-rsp\/wp-content\/uploads\/sites\/7\/2025\/09\/IMG_1426-1152x1536.jpg 1152w, https:\/\/www.vfl-westercelle.de\/tri-rsp\/wp-content\/uploads\/sites\/7\/2025\/09\/IMG_1426-1125x1500.jpg 1125w, https:\/\/www.vfl-westercelle.de\/tri-rsp\/wp-content\/uploads\/sites\/7\/2025\/09\/IMG_1426-529x705.jpg 529w, https:\/\/www.vfl-westercelle.de\/tri-rsp\/wp-content\/uploads\/sites\/7\/2025\/09\/IMG_1426-rotated.jpg 1158w\" sizes=\"auto, (max-width: 773px) 100vw, 773px\" \/><\/a><figcaption class=\"wp-element-caption\">Thorsten mit dem Chef-Organissator Ralf Leineweber vom Celler Ruderverein vor dem Start<\/figcaption><\/figure>\n\n\n\n<figure class=\"wp-block-image size-large\"><a href=\"https:\/\/www.vfl-westercelle.de\/tri-rsp\/wp-content\/uploads\/sites\/7\/2025\/09\/IMG_1429-rotated.jpg\"><img loading=\"lazy\" decoding=\"async\" width=\"1030\" height=\"773\" data-id=\"1439\" src=\"https:\/\/www.vfl-westercelle.de\/tri-rsp\/wp-content\/uploads\/sites\/7\/2025\/09\/IMG_1429-1030x773.jpg\" alt=\"Ganz entspannt in der Zuschauerkulisse.\" class=\"wp-image-1439\" srcset=\"https:\/\/www.vfl-westercelle.de\/tri-rsp\/wp-content\/uploads\/sites\/7\/2025\/09\/IMG_1429-1030x773.jpg 1030w, https:\/\/www.vfl-westercelle.de\/tri-rsp\/wp-content\/uploads\/sites\/7\/2025\/09\/IMG_1429-300x225.jpg 300w, https:\/\/www.vfl-westercelle.de\/tri-rsp\/wp-content\/uploads\/sites\/7\/2025\/09\/IMG_1429-768x576.jpg 768w, https:\/\/www.vfl-westercelle.de\/tri-rsp\/wp-content\/uploads\/sites\/7\/2025\/09\/IMG_1429-1536x1152.jpg 1536w, https:\/\/www.vfl-westercelle.de\/tri-rsp\/wp-content\/uploads\/sites\/7\/2025\/09\/IMG_1429-1500x1125.jpg 1500w, https:\/\/www.vfl-westercelle.de\/tri-rsp\/wp-content\/uploads\/sites\/7\/2025\/09\/IMG_1429-705x529.jpg 705w, https:\/\/www.vfl-westercelle.de\/tri-rsp\/wp-content\/uploads\/sites\/7\/2025\/09\/IMG_1429-rotated.jpg 2016w\" sizes=\"auto, (max-width: 1030px) 100vw, 1030px\" \/><\/a><figcaption class=\"wp-element-caption\">Ganz entspannt in der Zuschauerkulisse.<\/figcaption><\/figure>\n\n\n\n<figure class=\"wp-block-image size-large\"><a href=\"https:\/\/www.vfl-westercelle.de\/tri-rsp\/wp-content\/uploads\/sites\/7\/2025\/09\/IMG_1432-rotated.jpg\"><img loading=\"lazy\" decoding=\"async\" width=\"1030\" height=\"773\" data-id=\"1440\" src=\"https:\/\/www.vfl-westercelle.de\/tri-rsp\/wp-content\/uploads\/sites\/7\/2025\/09\/IMG_1432-1030x773.jpg\" alt=\"Linksau\u00dfen auf dem Bild mit &quot;Zicke&quot; Klusch einem alten Bekannten des Celler Herren-Fu\u00dfballs vom TuS Celle, bei denen Thorsten damals selbst 1979-1981 in der B- und A-Jugend spielte.\" class=\"wp-image-1440\" srcset=\"https:\/\/www.vfl-westercelle.de\/tri-rsp\/wp-content\/uploads\/sites\/7\/2025\/09\/IMG_1432-1030x773.jpg 1030w, https:\/\/www.vfl-westercelle.de\/tri-rsp\/wp-content\/uploads\/sites\/7\/2025\/09\/IMG_1432-300x225.jpg 300w, https:\/\/www.vfl-westercelle.de\/tri-rsp\/wp-content\/uploads\/sites\/7\/2025\/09\/IMG_1432-768x576.jpg 768w, https:\/\/www.vfl-westercelle.de\/tri-rsp\/wp-content\/uploads\/sites\/7\/2025\/09\/IMG_1432-1536x1152.jpg 1536w, https:\/\/www.vfl-westercelle.de\/tri-rsp\/wp-content\/uploads\/sites\/7\/2025\/09\/IMG_1432-1500x1125.jpg 1500w, https:\/\/www.vfl-westercelle.de\/tri-rsp\/wp-content\/uploads\/sites\/7\/2025\/09\/IMG_1432-705x529.jpg 705w, https:\/\/www.vfl-westercelle.de\/tri-rsp\/wp-content\/uploads\/sites\/7\/2025\/09\/IMG_1432-rotated.jpg 2016w\" sizes=\"auto, (max-width: 1030px) 100vw, 1030px\" \/><\/a><figcaption class=\"wp-element-caption\">Linksau\u00dfen auf dem Bild mit &#8222;Zicke&#8220; Klusch einem alten Bekannten des Celler Herren-Fu\u00dfballs vom TuS Celle, bei denen Thorsten damals selbst 1979-1981 in der B- und A-Jugend spielte.  <\/figcaption><\/figure>\n\n\n\n<figure class=\"wp-block-image size-large\"><a href=\"https:\/\/www.vfl-westercelle.de\/tri-rsp\/wp-content\/uploads\/sites\/7\/2025\/09\/IMG_1433-rotated.jpg\"><img loading=\"lazy\" decoding=\"async\" width=\"1030\" height=\"773\" data-id=\"1441\" src=\"https:\/\/www.vfl-westercelle.de\/tri-rsp\/wp-content\/uploads\/sites\/7\/2025\/09\/IMG_1433-1030x773.jpg\" alt=\"Hier zusammen mit dem Landesst\u00fctzpunkttrainer Rudern Klaus Scheerschmidt.\" class=\"wp-image-1441\" srcset=\"https:\/\/www.vfl-westercelle.de\/tri-rsp\/wp-content\/uploads\/sites\/7\/2025\/09\/IMG_1433-1030x773.jpg 1030w, https:\/\/www.vfl-westercelle.de\/tri-rsp\/wp-content\/uploads\/sites\/7\/2025\/09\/IMG_1433-300x225.jpg 300w, https:\/\/www.vfl-westercelle.de\/tri-rsp\/wp-content\/uploads\/sites\/7\/2025\/09\/IMG_1433-768x576.jpg 768w, https:\/\/www.vfl-westercelle.de\/tri-rsp\/wp-content\/uploads\/sites\/7\/2025\/09\/IMG_1433-1536x1152.jpg 1536w, https:\/\/www.vfl-westercelle.de\/tri-rsp\/wp-content\/uploads\/sites\/7\/2025\/09\/IMG_1433-1500x1125.jpg 1500w, https:\/\/www.vfl-westercelle.de\/tri-rsp\/wp-content\/uploads\/sites\/7\/2025\/09\/IMG_1433-705x529.jpg 705w, https:\/\/www.vfl-westercelle.de\/tri-rsp\/wp-content\/uploads\/sites\/7\/2025\/09\/IMG_1433-rotated.jpg 2016w\" sizes=\"auto, (max-width: 1030px) 100vw, 1030px\" \/><\/a><figcaption class=\"wp-element-caption\">Hier zusammen mit dem Landesst\u00fctzpunkttrainer Rudern Klaus Scheerschmidt.<\/figcaption><\/figure>\n\n\n\n<figure class=\"wp-block-image size-large\"><a href=\"https:\/\/www.vfl-westercelle.de\/tri-rsp\/wp-content\/uploads\/sites\/7\/2025\/09\/IMG_1434-rotated.jpg\"><img loading=\"lazy\" decoding=\"async\" width=\"1030\" height=\"773\" data-id=\"1442\" src=\"https:\/\/www.vfl-westercelle.de\/tri-rsp\/wp-content\/uploads\/sites\/7\/2025\/09\/IMG_1434-1030x773.jpg\" alt=\"Direkt nach dem Zieleinlauf. Danke auch an den uns zugelosten Steuermann, der uns souver\u00e4n steuerte und anspornte.\" class=\"wp-image-1442\" srcset=\"https:\/\/www.vfl-westercelle.de\/tri-rsp\/wp-content\/uploads\/sites\/7\/2025\/09\/IMG_1434-1030x773.jpg 1030w, https:\/\/www.vfl-westercelle.de\/tri-rsp\/wp-content\/uploads\/sites\/7\/2025\/09\/IMG_1434-300x225.jpg 300w, https:\/\/www.vfl-westercelle.de\/tri-rsp\/wp-content\/uploads\/sites\/7\/2025\/09\/IMG_1434-768x576.jpg 768w, https:\/\/www.vfl-westercelle.de\/tri-rsp\/wp-content\/uploads\/sites\/7\/2025\/09\/IMG_1434-1536x1152.jpg 1536w, https:\/\/www.vfl-westercelle.de\/tri-rsp\/wp-content\/uploads\/sites\/7\/2025\/09\/IMG_1434-1500x1125.jpg 1500w, https:\/\/www.vfl-westercelle.de\/tri-rsp\/wp-content\/uploads\/sites\/7\/2025\/09\/IMG_1434-705x529.jpg 705w, https:\/\/www.vfl-westercelle.de\/tri-rsp\/wp-content\/uploads\/sites\/7\/2025\/09\/IMG_1434-rotated.jpg 2016w\" sizes=\"auto, (max-width: 1030px) 100vw, 1030px\" \/><\/a><figcaption class=\"wp-element-caption\">Direkt nach dem Zieleinlauf. Danke auch an den uns zugelosten Steuermann, der uns souver\u00e4n steuerte und anspornte.<\/figcaption><\/figure>\n\n\n\n<figure class=\"wp-block-image size-large\"><a href=\"https:\/\/www.vfl-westercelle.de\/tri-rsp\/wp-content\/uploads\/sites\/7\/2025\/09\/IMG_1438.jpg\"><img loading=\"lazy\" decoding=\"async\" width=\"1030\" height=\"773\" data-id=\"1444\" src=\"https:\/\/www.vfl-westercelle.de\/tri-rsp\/wp-content\/uploads\/sites\/7\/2025\/09\/IMG_1438-1030x773.jpg\" alt=\"\" class=\"wp-image-1444\" srcset=\"https:\/\/www.vfl-westercelle.de\/tri-rsp\/wp-content\/uploads\/sites\/7\/2025\/09\/IMG_1438-1030x773.jpg 1030w, https:\/\/www.vfl-westercelle.de\/tri-rsp\/wp-content\/uploads\/sites\/7\/2025\/09\/IMG_1438-300x225.jpg 300w, https:\/\/www.vfl-westercelle.de\/tri-rsp\/wp-content\/uploads\/sites\/7\/2025\/09\/IMG_1438-768x576.jpg 768w, https:\/\/www.vfl-westercelle.de\/tri-rsp\/wp-content\/uploads\/sites\/7\/2025\/09\/IMG_1438-1536x1152.jpg 1536w, https:\/\/www.vfl-westercelle.de\/tri-rsp\/wp-content\/uploads\/sites\/7\/2025\/09\/IMG_1438-1500x1125.jpg 1500w, https:\/\/www.vfl-westercelle.de\/tri-rsp\/wp-content\/uploads\/sites\/7\/2025\/09\/IMG_1438-705x529.jpg 705w, https:\/\/www.vfl-westercelle.de\/tri-rsp\/wp-content\/uploads\/sites\/7\/2025\/09\/IMG_1438.jpg 2016w\" sizes=\"auto, (max-width: 1030px) 100vw, 1030px\" \/><\/a><figcaption class=\"wp-element-caption\">Und hier komplettiert noch unser frohgelaunter 1.Vorsitzender Harald Nowatschin das VfL-Siegerteam.<\/figcaption><\/figure>\n\n\n\n<figure class=\"wp-block-image size-large\"><a href=\"https:\/\/www.vfl-westercelle.de\/tri-rsp\/wp-content\/uploads\/sites\/7\/2025\/09\/IMG_1437-rotated.jpg\"><img loading=\"lazy\" decoding=\"async\" width=\"1030\" height=\"773\" data-id=\"1443\" src=\"https:\/\/www.vfl-westercelle.de\/tri-rsp\/wp-content\/uploads\/sites\/7\/2025\/09\/IMG_1437-1030x773.jpg\" alt=\"\" class=\"wp-image-1443\" srcset=\"https:\/\/www.vfl-westercelle.de\/tri-rsp\/wp-content\/uploads\/sites\/7\/2025\/09\/IMG_1437-1030x773.jpg 1030w, https:\/\/www.vfl-westercelle.de\/tri-rsp\/wp-content\/uploads\/sites\/7\/2025\/09\/IMG_1437-300x225.jpg 300w, https:\/\/www.vfl-westercelle.de\/tri-rsp\/wp-content\/uploads\/sites\/7\/2025\/09\/IMG_1437-768x576.jpg 768w, https:\/\/www.vfl-westercelle.de\/tri-rsp\/wp-content\/uploads\/sites\/7\/2025\/09\/IMG_1437-1536x1152.jpg 1536w, https:\/\/www.vfl-westercelle.de\/tri-rsp\/wp-content\/uploads\/sites\/7\/2025\/09\/IMG_1437-1500x1125.jpg 1500w, https:\/\/www.vfl-westercelle.de\/tri-rsp\/wp-content\/uploads\/sites\/7\/2025\/09\/IMG_1437-705x529.jpg 705w, https:\/\/www.vfl-westercelle.de\/tri-rsp\/wp-content\/uploads\/sites\/7\/2025\/09\/IMG_1437-rotated.jpg 2016w\" sizes=\"auto, (max-width: 1030px) 100vw, 1030px\" \/><\/a><figcaption class=\"wp-element-caption\">Daumen hoch, das hat wirklich Spa\u00df gemacht.<\/figcaption><\/figure>\n\n\n\n<figure class=\"wp-block-image size-large\"><img loading=\"lazy\" decoding=\"async\" width=\"1030\" height=\"773\" data-id=\"1445\" src=\"https:\/\/www.vfl-westercelle.de\/tri-rsp\/wp-content\/uploads\/sites\/7\/2025\/09\/IMG_1442-1030x773.jpg\" alt=\"In der Zuschauerkulisse traf man auch auf Ted Spitzer, Celles Fitness-Papst schlechthin, mit vielen DM- und internationalen Titeln in verschiedenen Sportarten.\" class=\"wp-image-1445\" srcset=\"https:\/\/www.vfl-westercelle.de\/tri-rsp\/wp-content\/uploads\/sites\/7\/2025\/09\/IMG_1442-1030x773.jpg 1030w, https:\/\/www.vfl-westercelle.de\/tri-rsp\/wp-content\/uploads\/sites\/7\/2025\/09\/IMG_1442-300x225.jpg 300w, https:\/\/www.vfl-westercelle.de\/tri-rsp\/wp-content\/uploads\/sites\/7\/2025\/09\/IMG_1442-768x576.jpg 768w, https:\/\/www.vfl-westercelle.de\/tri-rsp\/wp-content\/uploads\/sites\/7\/2025\/09\/IMG_1442-1536x1152.jpg 1536w, https:\/\/www.vfl-westercelle.de\/tri-rsp\/wp-content\/uploads\/sites\/7\/2025\/09\/IMG_1442-1500x1125.jpg 1500w, https:\/\/www.vfl-westercelle.de\/tri-rsp\/wp-content\/uploads\/sites\/7\/2025\/09\/IMG_1442-705x529.jpg 705w, https:\/\/www.vfl-westercelle.de\/tri-rsp\/wp-content\/uploads\/sites\/7\/2025\/09\/IMG_1442-rotated.jpg 2016w\" sizes=\"auto, (max-width: 1030px) 100vw, 1030px\" \/><figcaption class=\"wp-element-caption\">In der Zuschauerkulisse traf man auch auf Ted Spitzer, Celles Fitness-Papst schlechthin, mit vielen DM- und internationalen Titeln in verschiedenen Sportarten. <\/figcaption><\/figure>\n\n\n\n<figure class=\"wp-block-image size-large\"><img loading=\"lazy\" decoding=\"async\" width=\"1030\" height=\"773\" data-id=\"1446\" src=\"https:\/\/www.vfl-westercelle.de\/tri-rsp\/wp-content\/uploads\/sites\/7\/2025\/09\/IMG_1443-1030x773.jpg\" alt=\"Unser Boot &quot;Schmu&quot; beim Einlagerennen.\" class=\"wp-image-1446\" srcset=\"https:\/\/www.vfl-westercelle.de\/tri-rsp\/wp-content\/uploads\/sites\/7\/2025\/09\/IMG_1443-1030x773.jpg 1030w, https:\/\/www.vfl-westercelle.de\/tri-rsp\/wp-content\/uploads\/sites\/7\/2025\/09\/IMG_1443-300x225.jpg 300w, https:\/\/www.vfl-westercelle.de\/tri-rsp\/wp-content\/uploads\/sites\/7\/2025\/09\/IMG_1443-768x576.jpg 768w, https:\/\/www.vfl-westercelle.de\/tri-rsp\/wp-content\/uploads\/sites\/7\/2025\/09\/IMG_1443-1536x1152.jpg 1536w, https:\/\/www.vfl-westercelle.de\/tri-rsp\/wp-content\/uploads\/sites\/7\/2025\/09\/IMG_1443-1500x1125.jpg 1500w, https:\/\/www.vfl-westercelle.de\/tri-rsp\/wp-content\/uploads\/sites\/7\/2025\/09\/IMG_1443-705x529.jpg 705w, https:\/\/www.vfl-westercelle.de\/tri-rsp\/wp-content\/uploads\/sites\/7\/2025\/09\/IMG_1443.jpg 2016w\" sizes=\"auto, (max-width: 1030px) 100vw, 1030px\" \/><figcaption class=\"wp-element-caption\">Unser Boot &#8222;Schmu&#8220; beim Einlagerennen.<\/figcaption><\/figure>\n\n\n\n<figure class=\"wp-block-image size-large\"><img loading=\"lazy\" decoding=\"async\" width=\"1030\" height=\"773\" data-id=\"1447\" src=\"https:\/\/www.vfl-westercelle.de\/tri-rsp\/wp-content\/uploads\/sites\/7\/2025\/09\/IMG_1446-1030x773.jpg\" alt=\"Unser Boot &quot;Schmu&quot; beim Einlagerennen.\" class=\"wp-image-1447\" srcset=\"https:\/\/www.vfl-westercelle.de\/tri-rsp\/wp-content\/uploads\/sites\/7\/2025\/09\/IMG_1446-1030x773.jpg 1030w, https:\/\/www.vfl-westercelle.de\/tri-rsp\/wp-content\/uploads\/sites\/7\/2025\/09\/IMG_1446-300x225.jpg 300w, https:\/\/www.vfl-westercelle.de\/tri-rsp\/wp-content\/uploads\/sites\/7\/2025\/09\/IMG_1446-768x576.jpg 768w, https:\/\/www.vfl-westercelle.de\/tri-rsp\/wp-content\/uploads\/sites\/7\/2025\/09\/IMG_1446-1536x1152.jpg 1536w, https:\/\/www.vfl-westercelle.de\/tri-rsp\/wp-content\/uploads\/sites\/7\/2025\/09\/IMG_1446-1500x1125.jpg 1500w, https:\/\/www.vfl-westercelle.de\/tri-rsp\/wp-content\/uploads\/sites\/7\/2025\/09\/IMG_1446-705x529.jpg 705w, https:\/\/www.vfl-westercelle.de\/tri-rsp\/wp-content\/uploads\/sites\/7\/2025\/09\/IMG_1446.jpg 2016w\" sizes=\"auto, (max-width: 1030px) 100vw, 1030px\" \/><figcaption class=\"wp-element-caption\">Unser Boot &#8222;Schmu&#8220; beim Einlagerennen.<\/figcaption><\/figure>\n\n\n\n<figure class=\"wp-block-image size-large\"><img loading=\"lazy\" decoding=\"async\" width=\"1030\" height=\"773\" data-id=\"1448\" src=\"https:\/\/www.vfl-westercelle.de\/tri-rsp\/wp-content\/uploads\/sites\/7\/2025\/09\/IMG_1451-1030x773.jpg\" alt=\"Siegerehrung und Medaillenvergabe durch den B\u00fcrgermeister der Stadt Celle, Alexander Wille.\" class=\"wp-image-1448\" srcset=\"https:\/\/www.vfl-westercelle.de\/tri-rsp\/wp-content\/uploads\/sites\/7\/2025\/09\/IMG_1451-1030x773.jpg 1030w, https:\/\/www.vfl-westercelle.de\/tri-rsp\/wp-content\/uploads\/sites\/7\/2025\/09\/IMG_1451-300x225.jpg 300w, https:\/\/www.vfl-westercelle.de\/tri-rsp\/wp-content\/uploads\/sites\/7\/2025\/09\/IMG_1451-768x576.jpg 768w, https:\/\/www.vfl-westercelle.de\/tri-rsp\/wp-content\/uploads\/sites\/7\/2025\/09\/IMG_1451-1536x1152.jpg 1536w, https:\/\/www.vfl-westercelle.de\/tri-rsp\/wp-content\/uploads\/sites\/7\/2025\/09\/IMG_1451-1500x1125.jpg 1500w, https:\/\/www.vfl-westercelle.de\/tri-rsp\/wp-content\/uploads\/sites\/7\/2025\/09\/IMG_1451-705x529.jpg 705w, https:\/\/www.vfl-westercelle.de\/tri-rsp\/wp-content\/uploads\/sites\/7\/2025\/09\/IMG_1451.jpg 2016w\" sizes=\"auto, (max-width: 1030px) 100vw, 1030px\" \/><figcaption class=\"wp-element-caption\">Siegerehrung und Medaillenvergabe durch den B\u00fcrgermeister der Stadt Celle, Alexander Wille.<\/figcaption><\/figure>\n\n\n\n<figure class=\"wp-block-image size-large\"><img loading=\"lazy\" decoding=\"async\" width=\"1030\" height=\"773\" data-id=\"1449\" src=\"https:\/\/www.vfl-westercelle.de\/tri-rsp\/wp-content\/uploads\/sites\/7\/2025\/09\/IMG_1457-1030x773.jpg\" alt=\"\" class=\"wp-image-1449\" srcset=\"https:\/\/www.vfl-westercelle.de\/tri-rsp\/wp-content\/uploads\/sites\/7\/2025\/09\/IMG_1457-1030x773.jpg 1030w, https:\/\/www.vfl-westercelle.de\/tri-rsp\/wp-content\/uploads\/sites\/7\/2025\/09\/IMG_1457-300x225.jpg 300w, https:\/\/www.vfl-westercelle.de\/tri-rsp\/wp-content\/uploads\/sites\/7\/2025\/09\/IMG_1457-768x576.jpg 768w, https:\/\/www.vfl-westercelle.de\/tri-rsp\/wp-content\/uploads\/sites\/7\/2025\/09\/IMG_1457-1536x1152.jpg 1536w, https:\/\/www.vfl-westercelle.de\/tri-rsp\/wp-content\/uploads\/sites\/7\/2025\/09\/IMG_1457-1500x1125.jpg 1500w, https:\/\/www.vfl-westercelle.de\/tri-rsp\/wp-content\/uploads\/sites\/7\/2025\/09\/IMG_1457-705x529.jpg 705w, https:\/\/www.vfl-westercelle.de\/tri-rsp\/wp-content\/uploads\/sites\/7\/2025\/09\/IMG_1457.jpg 2016w\" sizes=\"auto, (max-width: 1030px) 100vw, 1030px\" \/><\/figure>\n\n\n\n<figure class=\"wp-block-image size-large\"><img loading=\"lazy\" decoding=\"async\" width=\"773\" height=\"1030\" data-id=\"1450\" src=\"https:\/\/www.vfl-westercelle.de\/tri-rsp\/wp-content\/uploads\/sites\/7\/2025\/09\/IMG_1462-773x1030.jpg\" alt=\"Go for Gold.\" class=\"wp-image-1450\" srcset=\"https:\/\/www.vfl-westercelle.de\/tri-rsp\/wp-content\/uploads\/sites\/7\/2025\/09\/IMG_1462-773x1030.jpg 773w, https:\/\/www.vfl-westercelle.de\/tri-rsp\/wp-content\/uploads\/sites\/7\/2025\/09\/IMG_1462-225x300.jpg 225w, https:\/\/www.vfl-westercelle.de\/tri-rsp\/wp-content\/uploads\/sites\/7\/2025\/09\/IMG_1462-768x1024.jpg 768w, https:\/\/www.vfl-westercelle.de\/tri-rsp\/wp-content\/uploads\/sites\/7\/2025\/09\/IMG_1462-1152x1536.jpg 1152w, https:\/\/www.vfl-westercelle.de\/tri-rsp\/wp-content\/uploads\/sites\/7\/2025\/09\/IMG_1462-1125x1500.jpg 1125w, https:\/\/www.vfl-westercelle.de\/tri-rsp\/wp-content\/uploads\/sites\/7\/2025\/09\/IMG_1462-529x705.jpg 529w, https:\/\/www.vfl-westercelle.de\/tri-rsp\/wp-content\/uploads\/sites\/7\/2025\/09\/IMG_1462-rotated.jpg 1512w\" sizes=\"auto, (max-width: 773px) 100vw, 773px\" \/><figcaption class=\"wp-element-caption\">Go for Gold.<\/figcaption><\/figure>\n<\/figure>\n","protected":false},"excerpt":{"rendered":"<p>Celle 6.9.2025 F\u00fcr eine gute und gemeinn\u00fctzige Tat ben\u00f6tigte es bei Kersten Kraft (Spartenleiter Volleyball), Thorsten L\u00fcbke (Spartenleiter Triathlon\/Radsport) und ihren Mitstreitern Bernd Otte (Radsport) und Dr. Hanno Reckmann (Triathlon) keinerlei \u00dcberzeugungskraft. Man nahm die Herausforderung gern und mit vollem Eifer an, um das herausragende Celler Benefiz-Event &#8222;Rudern gegen Krebs&#8220; an der Ziegeninsel zu unterst\u00fctzen! <a class=\"read-more-link\" href=\"https:\/\/www.vfl-westercelle.de\/tri-rsp\/westerceller-sieg-beim-einlagerennen-beim-rudern-gegen-krebs\/\">[&#8230; weiterlesen]<\/a><\/p>\n","protected":false},"author":39,"featured_media":1454,"comment_status":"closed","ping_status":"open","sticky":false,"template":"","format":"standard","meta":{"footnotes":""},"categories":[1],"tags":[],"class_list":["post-1451","post","type-post","status-publish","format-standard","has-post-thumbnail","hentry","category-allgemein"],"_links":{"self":[{"href":"https:\/\/www.vfl-westercelle.de\/tri-rsp\/wp-json\/wp\/v2\/posts\/1451","targetHints":{"allow":["GET"]}}],"collection":[{"href":"https:\/\/www.vfl-westercelle.de\/tri-rsp\/wp-json\/wp\/v2\/posts"}],"about":[{"href":"https:\/\/www.vfl-westercelle.de\/tri-rsp\/wp-json\/wp\/v2\/types\/post"}],"author":[{"embeddable":true,"href":"https:\/\/www.vfl-westercelle.de\/tri-rsp\/wp-json\/wp\/v2\/users\/39"}],"replies":[{"embeddable":true,"href":"https:\/\/www.vfl-westercelle.de\/tri-rsp\/wp-json\/wp\/v2\/comments?post=1451"}],"version-history":[{"count":3,"href":"https:\/\/www.vfl-westercelle.de\/tri-rsp\/wp-json\/wp\/v2\/posts\/1451\/revisions"}],"predecessor-version":[{"id":1455,"href":"https:\/\/www.vfl-westercelle.de\/tri-rsp\/wp-json\/wp\/v2\/posts\/1451\/revisions\/1455"}],"wp:featuredmedia":[{"embeddable":true,"href":"https:\/\/www.vfl-westercelle.de\/tri-rsp\/wp-json\/wp\/v2\/media\/1454"}],"wp:attachment":[{"href":"https:\/\/www.vfl-westercelle.de\/tri-rsp\/wp-json\/wp\/v2\/media?parent=1451"}],"wp:term":[{"taxonomy":"category","embeddable":true,"href":"https:\/\/www.vfl-westercelle.de\/tri-rsp\/wp-json\/wp\/v2\/categories?post=1451"},{"taxonomy":"post_tag","embeddable":true,"href":"https:\/\/www.vfl-westercelle.de\/tri-rsp\/wp-json\/wp\/v2\/tags?post=1451"}],"curies":[{"name":"wp","href":"https:\/\/api.w.org\/{rel}","templated":true}]}}