{"id":1456,"date":"2025-09-17T19:59:49","date_gmt":"2025-09-17T17:59:49","guid":{"rendered":"https:\/\/www.vfl-westercelle.de\/tri-rsp\/?p=1456"},"modified":"2025-09-17T19:59:50","modified_gmt":"2025-09-17T17:59:50","slug":"sonja-beer-ueberrascht-beim-10-teiche-marathon-in-hahnenklee-platz-2-ueber-42195km","status":"publish","type":"post","link":"https:\/\/www.vfl-westercelle.de\/tri-rsp\/sonja-beer-ueberrascht-beim-10-teiche-marathon-in-hahnenklee-platz-2-ueber-42195km\/","title":{"rendered":"Sonja Beer \u00fcberrascht beim 10-Teiche-Marathon in Hahnenklee: Platz 2 \u00fcber 42,195km"},"content":{"rendered":"\n<p>Eigentlich wollte Sonja Beer vom VfL Westercelle in Hahnenklee bei Goslar nur ihre Zeit von 2023 verbessern und den Lauf entspannt angehen. Doch schon nach wenigen Kilometern war klar: die Beine wollten mehr. Ihre einzige Sorge \u2013 in der zweiten Runde einzubrechen \u2013 erwies sich als unbegr\u00fcndet. \u201eIch habe mir gedacht &#8211; wenn der Einbruch doch kommt, dann hatte ich wenigstens in der ersten Runde Spa\u00df\u201c, so Beer nach dem Rennen.<\/p>\n\n\n\n<p>Das Streckenprofil hatte es in sich: rund 1.000 H\u00f6henmeter, lange Bergabpassagen und am Ende jeder 21,1-km-Runde ein unerwartet steiler Anstieg. Trotzdem lief Beer souver\u00e4n durch und \u00fcberquerte nach 42,195 Kilometern in 4:10:19 Stunden die Ziellinie \u2013 nur&nbsp;2:20&nbsp;Minuten hinter der Siegerin. Der Abstand zur Drittplatzierten betrug satte 40 min.<\/p>\n\n\n\n<p>Der 10-Teiche-Marathon gilt als Geheimtipp f\u00fcr L\u00e4uferinnen und L\u00e4ufer, die sportliche Herausforderung mit famili\u00e4rer Atmosph\u00e4re verbinden m\u00f6chten. F\u00fcr Sonja Beer bleibt er ein besonderer H\u00f6hepunkt des Projektes &#8222;12 Marathons in 12 Monaten&#8220; \u2013 mit Leichtigkeit, Spa\u00df und Mut, das Tempo anzunehmen, erreicht man oft mehr, als man sich selbst zutraut.<\/p>\n\n\n\n<p>Foto und Text: DB<\/p>\n\n\n\n<figure class=\"wp-block-gallery has-nested-images columns-default is-cropped wp-block-gallery-1 is-layout-flex wp-block-gallery-is-layout-flex\">\n<figure class=\"wp-block-image size-large\"><a href=\"http:\/\/www.vfl-westercelle.de\/tri-rsp\/wp-content\/uploads\/sites\/7\/2025\/09\/image1-1-scaled-e1758131661672.jpeg\"><img loading=\"lazy\" decoding=\"async\" width=\"1030\" height=\"479\" data-id=\"1459\" src=\"http:\/\/www.vfl-westercelle.de\/tri-rsp\/wp-content\/uploads\/sites\/7\/2025\/09\/image1-1-scaled-e1758131661672-1030x479.jpeg\" alt=\"\" class=\"wp-image-1459\" srcset=\"https:\/\/www.vfl-westercelle.de\/tri-rsp\/wp-content\/uploads\/sites\/7\/2025\/09\/image1-1-scaled-e1758131661672-1030x479.jpeg 1030w, https:\/\/www.vfl-westercelle.de\/tri-rsp\/wp-content\/uploads\/sites\/7\/2025\/09\/image1-1-scaled-e1758131661672-300x139.jpeg 300w, https:\/\/www.vfl-westercelle.de\/tri-rsp\/wp-content\/uploads\/sites\/7\/2025\/09\/image1-1-scaled-e1758131661672-768x357.jpeg 768w, https:\/\/www.vfl-westercelle.de\/tri-rsp\/wp-content\/uploads\/sites\/7\/2025\/09\/image1-1-scaled-e1758131661672-1536x714.jpeg 1536w, https:\/\/www.vfl-westercelle.de\/tri-rsp\/wp-content\/uploads\/sites\/7\/2025\/09\/image1-1-scaled-e1758131661672-1500x697.jpeg 1500w, https:\/\/www.vfl-westercelle.de\/tri-rsp\/wp-content\/uploads\/sites\/7\/2025\/09\/image1-1-scaled-e1758131661672-705x328.jpeg 705w, https:\/\/www.vfl-westercelle.de\/tri-rsp\/wp-content\/uploads\/sites\/7\/2025\/09\/image1-1-scaled-e1758131661672.jpeg 1596w\" sizes=\"auto, (max-width: 1030px) 100vw, 1030px\" \/><\/a><figcaption class=\"wp-element-caption\">Sonja Beer bei der Siegerehrung, \n2. Platz beim 10 Teiche Marathon in Hahnenklee 2025<\/figcaption><\/figure>\n\n\n\n<figure class=\"wp-block-image size-large\"><a href=\"https:\/\/www.vfl-westercelle.de\/tri-rsp\/wp-content\/uploads\/sites\/7\/2025\/09\/image1-scaled.jpeg\"><img loading=\"lazy\" decoding=\"async\" width=\"773\" height=\"1030\" data-id=\"1457\" src=\"https:\/\/www.vfl-westercelle.de\/tri-rsp\/wp-content\/uploads\/sites\/7\/2025\/09\/image1-773x1030.jpeg\" alt=\"\" class=\"wp-image-1457\" srcset=\"https:\/\/www.vfl-westercelle.de\/tri-rsp\/wp-content\/uploads\/sites\/7\/2025\/09\/image1-773x1030.jpeg 773w, https:\/\/www.vfl-westercelle.de\/tri-rsp\/wp-content\/uploads\/sites\/7\/2025\/09\/image1-225x300.jpeg 225w, https:\/\/www.vfl-westercelle.de\/tri-rsp\/wp-content\/uploads\/sites\/7\/2025\/09\/image1-768x1024.jpeg 768w, https:\/\/www.vfl-westercelle.de\/tri-rsp\/wp-content\/uploads\/sites\/7\/2025\/09\/image1-1152x1536.jpeg 1152w, https:\/\/www.vfl-westercelle.de\/tri-rsp\/wp-content\/uploads\/sites\/7\/2025\/09\/image1-1536x2048.jpeg 1536w, https:\/\/www.vfl-westercelle.de\/tri-rsp\/wp-content\/uploads\/sites\/7\/2025\/09\/image1-1125x1500.jpeg 1125w, https:\/\/www.vfl-westercelle.de\/tri-rsp\/wp-content\/uploads\/sites\/7\/2025\/09\/image1-529x705.jpeg 529w, https:\/\/www.vfl-westercelle.de\/tri-rsp\/wp-content\/uploads\/sites\/7\/2025\/09\/image1-scaled.jpeg 1920w\" sizes=\"auto, (max-width: 773px) 100vw, 773px\" \/><\/a><\/figure>\n<\/figure>\n","protected":false},"excerpt":{"rendered":"<p>Eigentlich wollte Sonja Beer vom VfL Westercelle in Hahnenklee bei Goslar nur ihre Zeit von 2023 verbessern und den Lauf entspannt angehen. Doch schon nach wenigen Kilometern war klar: die Beine wollten mehr. Ihre einzige Sorge \u2013 in der zweiten Runde einzubrechen \u2013 erwies sich als unbegr\u00fcndet. \u201eIch habe mir gedacht &#8211; wenn der Einbruch <a class=\"read-more-link\" href=\"https:\/\/www.vfl-westercelle.de\/tri-rsp\/sonja-beer-ueberrascht-beim-10-teiche-marathon-in-hahnenklee-platz-2-ueber-42195km\/\">[&#8230; weiterlesen]<\/a><\/p>\n","protected":false},"author":39,"featured_media":1459,"comment_status":"closed","ping_status":"open","sticky":false,"template":"","format":"standard","meta":{"footnotes":""},"categories":[1],"tags":[],"class_list":["post-1456","post","type-post","status-publish","format-standard","has-post-thumbnail","hentry","category-allgemein"],"_links":{"self":[{"href":"https:\/\/www.vfl-westercelle.de\/tri-rsp\/wp-json\/wp\/v2\/posts\/1456","targetHints":{"allow":["GET"]}}],"collection":[{"href":"https:\/\/www.vfl-westercelle.de\/tri-rsp\/wp-json\/wp\/v2\/posts"}],"about":[{"href":"https:\/\/www.vfl-westercelle.de\/tri-rsp\/wp-json\/wp\/v2\/types\/post"}],"author":[{"embeddable":true,"href":"https:\/\/www.vfl-westercelle.de\/tri-rsp\/wp-json\/wp\/v2\/users\/39"}],"replies":[{"embeddable":true,"href":"https:\/\/www.vfl-westercelle.de\/tri-rsp\/wp-json\/wp\/v2\/comments?post=1456"}],"version-history":[{"count":3,"href":"https:\/\/www.vfl-westercelle.de\/tri-rsp\/wp-json\/wp\/v2\/posts\/1456\/revisions"}],"predecessor-version":[{"id":1461,"href":"https:\/\/www.vfl-westercelle.de\/tri-rsp\/wp-json\/wp\/v2\/posts\/1456\/revisions\/1461"}],"wp:featuredmedia":[{"embeddable":true,"href":"https:\/\/www.vfl-westercelle.de\/tri-rsp\/wp-json\/wp\/v2\/media\/1459"}],"wp:attachment":[{"href":"https:\/\/www.vfl-westercelle.de\/tri-rsp\/wp-json\/wp\/v2\/media?parent=1456"}],"wp:term":[{"taxonomy":"category","embeddable":true,"href":"https:\/\/www.vfl-westercelle.de\/tri-rsp\/wp-json\/wp\/v2\/categories?post=1456"},{"taxonomy":"post_tag","embeddable":true,"href":"https:\/\/www.vfl-westercelle.de\/tri-rsp\/wp-json\/wp\/v2\/tags?post=1456"}],"curies":[{"name":"wp","href":"https:\/\/api.w.org\/{rel}","templated":true}]}}