{"id":1649,"date":"2026-02-24T19:17:17","date_gmt":"2026-02-24T18:17:17","guid":{"rendered":"https:\/\/www.vfl-westercelle.de\/tri-rsp\/?p=1649"},"modified":"2026-02-24T19:17:19","modified_gmt":"2026-02-24T18:17:19","slug":"sonja-und-daniel-beer-absolvieren-brocken-challenge-im-harz","status":"publish","type":"post","link":"https:\/\/www.vfl-westercelle.de\/tri-rsp\/sonja-und-daniel-beer-absolvieren-brocken-challenge-im-harz\/","title":{"rendered":"Sonja und Daniel Beer absolvieren Brocken-Challenge im Harz"},"content":{"rendered":"\n<p><\/p>\n\n\n\n<p><em>Brocken 15. Februar 2026<\/em><\/p>\n\n\n\n<p>Sonja und Daniel Beer vom VfL Westercelle e.V. waren erneut gemeinsam sportlich unterwegs \u2013 diesmal bei der Brocken-Challenge. Die 80 Kilometer lange Strecke f\u00fchrte von G\u00f6ttingen hinauf auf den Brocken und umfasste rund 1.900 H\u00f6henmeter \u2013 und das mitten im Februar. Das Motto der Veranstaltung lautet \u201ekalt, hart, sch\u00f6n\u201c \u2013 treffender l\u00e4sst sich der Tag kaum beschreiben.<\/p>\n\n\n\n<p>Die Brocken-Challenge ist kein gew\u00f6hnlicher Lauf, sondern eine Benefizveranstaltung. F\u00fcr den Startplatz muss man sich im Vorfeld bewerben, s\u00e4mtliche Startgelder flie\u00dfen in Spendenprojekte. Die Organisation erfolgt vollst\u00e4ndig ehrenamtlich. Auch die Verpflegung entlang der Strecke hatte besonderen Charakter: Die Lebensmittel waren gespendet, vieles stammte aus Biol\u00e4den aus G\u00f6ttingen. Im Mittelpunkt stehen weder Gewinn noch gro\u00dfe Inszenierung, sondern Gemeinschaft und Eigenverantwortung. Vorgaben zur mitzuf\u00fchrenden Ausr\u00fcstung gab es nicht; die Teilnehmenden waren auf ihre Erfahrung angewiesen. \u201eDie Stimmung ist anders \u2013 ehrlicher, aber auch w\u00e4rmer\u201c, so Sonja und Daniel Beer r\u00fcckblickend.<\/p>\n\n\n\n<p>Der Lauf begann vergleichsweise moderat mit \u00fcberwiegend asphaltierten und leicht welligen Passagen. Mit zunehmender N\u00e4he zum Harz wurde jedoch deutlich, welche Herausforderung noch bevorstand. Der Brocken pr\u00e4sentierte sich winterlich: Nebel, K\u00e4lte und eine raue, fast mystische Atmosph\u00e4re pr\u00e4gten das Bild am Gipfel. Sonnenschein blieb aus, stattdessen f\u00fchrte die Strecke durch eine diesige Landschaft, begleitet von leichtem Schneefall und Graupel. Angesichts der im Februar m\u00f6glichen Wetterbedingungen erwiesen sich die Verh\u00e4ltnisse dennoch als vergleichsweise g\u00fcnstig: Selbst am Gipfel herrschte nur wenig Wind, bei Temperaturen von minus neun Grad. Am Zieleinlauf erwarteten Mitarbeitende des Hospiz-Hauses, das einen Teil der Spendengelder erh\u00e4lt, die Teilnehmenden \u2013 trotz eisiger K\u00e4lte engagiert und stimmungsvoll.<\/p>\n\n\n\n<p>Sonja und Daniel Beer absolvierten die gesamte Distanz gemeinsam. Unterwegs entstanden zahlreiche Gespr\u00e4che mit anderen L\u00e4uferinnen und L\u00e4ufern, es wurde gegenseitig motiviert, gelacht und auch schweigend nebeneinander gelaufen. \u201eViele starten aus einer \u00e4hnlichen inneren Haltung heraus. Das verbindet\u201c, berichten sie.<\/p>\n\n\n\n<p>Der R\u00fcckweg vom Brocken erfolgte ebenfalls zu Fu\u00df: Rund acht Kilometer f\u00fchrten hinunter nach Oderbr\u00fcck, wo der Reisebus wartete.<\/p>\n\n\n\n<p>F\u00fcr das Laufpaar vom VfL Westercelle e.V. bleibt vor allem das Gef\u00fchl, Teil einer besonderen Veranstaltung gewesen zu sein. Die Brocken-Challenge ist fordernd, zugleich aber ein Beispiel daf\u00fcr, was durch ehrenamtliches Engagement und gemeinschaftlichen Einsatz m\u00f6glich ist. Kalt, hart, sch\u00f6n \u2013 und vor allem menschlich.<\/p>\n\n\n\n<p>Text: DB<\/p>\n\n\n\n<p>Fotos: DB<\/p>\n\n\n\n<figure class=\"wp-block-gallery has-nested-images columns-default is-cropped wp-block-gallery-1 is-layout-flex wp-block-gallery-is-layout-flex\">\n<figure class=\"wp-block-image size-large\"><a href=\"https:\/\/www.vfl-westercelle.de\/tri-rsp\/wp-content\/uploads\/sites\/7\/2026\/02\/4-Brocken-Challenge-20260215-scaled-e1771956491586.jpeg\"><img loading=\"lazy\" decoding=\"async\" width=\"1030\" height=\"511\" data-id=\"1646\" src=\"https:\/\/www.vfl-westercelle.de\/tri-rsp\/wp-content\/uploads\/sites\/7\/2026\/02\/4-Brocken-Challenge-20260215-scaled-e1771956491586-1030x511.jpeg\" alt=\"\" class=\"wp-image-1646\" srcset=\"https:\/\/www.vfl-westercelle.de\/tri-rsp\/wp-content\/uploads\/sites\/7\/2026\/02\/4-Brocken-Challenge-20260215-scaled-e1771956491586-1030x511.jpeg 1030w, https:\/\/www.vfl-westercelle.de\/tri-rsp\/wp-content\/uploads\/sites\/7\/2026\/02\/4-Brocken-Challenge-20260215-scaled-e1771956491586-300x149.jpeg 300w, https:\/\/www.vfl-westercelle.de\/tri-rsp\/wp-content\/uploads\/sites\/7\/2026\/02\/4-Brocken-Challenge-20260215-scaled-e1771956491586-768x381.jpeg 768w, https:\/\/www.vfl-westercelle.de\/tri-rsp\/wp-content\/uploads\/sites\/7\/2026\/02\/4-Brocken-Challenge-20260215-scaled-e1771956491586-1536x762.jpeg 1536w, https:\/\/www.vfl-westercelle.de\/tri-rsp\/wp-content\/uploads\/sites\/7\/2026\/02\/4-Brocken-Challenge-20260215-scaled-e1771956491586-1500x744.jpeg 1500w, https:\/\/www.vfl-westercelle.de\/tri-rsp\/wp-content\/uploads\/sites\/7\/2026\/02\/4-Brocken-Challenge-20260215-scaled-e1771956491586-705x350.jpeg 705w, https:\/\/www.vfl-westercelle.de\/tri-rsp\/wp-content\/uploads\/sites\/7\/2026\/02\/4-Brocken-Challenge-20260215-scaled-e1771956491586.jpeg 1900w\" sizes=\"auto, (max-width: 1030px) 100vw, 1030px\" \/><\/a><\/figure>\n\n\n\n<figure class=\"wp-block-image size-large\"><a href=\"https:\/\/www.vfl-westercelle.de\/tri-rsp\/wp-content\/uploads\/sites\/7\/2026\/02\/4-Brocken-Challenge-20260215-1-scaled.jpeg\"><img loading=\"lazy\" decoding=\"async\" width=\"773\" height=\"1030\" data-id=\"1653\" src=\"https:\/\/www.vfl-westercelle.de\/tri-rsp\/wp-content\/uploads\/sites\/7\/2026\/02\/4-Brocken-Challenge-20260215-1-773x1030.jpeg\" alt=\"\" class=\"wp-image-1653\" srcset=\"https:\/\/www.vfl-westercelle.de\/tri-rsp\/wp-content\/uploads\/sites\/7\/2026\/02\/4-Brocken-Challenge-20260215-1-773x1030.jpeg 773w, https:\/\/www.vfl-westercelle.de\/tri-rsp\/wp-content\/uploads\/sites\/7\/2026\/02\/4-Brocken-Challenge-20260215-1-225x300.jpeg 225w, https:\/\/www.vfl-westercelle.de\/tri-rsp\/wp-content\/uploads\/sites\/7\/2026\/02\/4-Brocken-Challenge-20260215-1-768x1024.jpeg 768w, https:\/\/www.vfl-westercelle.de\/tri-rsp\/wp-content\/uploads\/sites\/7\/2026\/02\/4-Brocken-Challenge-20260215-1-1152x1536.jpeg 1152w, https:\/\/www.vfl-westercelle.de\/tri-rsp\/wp-content\/uploads\/sites\/7\/2026\/02\/4-Brocken-Challenge-20260215-1-1536x2048.jpeg 1536w, https:\/\/www.vfl-westercelle.de\/tri-rsp\/wp-content\/uploads\/sites\/7\/2026\/02\/4-Brocken-Challenge-20260215-1-1125x1500.jpeg 1125w, https:\/\/www.vfl-westercelle.de\/tri-rsp\/wp-content\/uploads\/sites\/7\/2026\/02\/4-Brocken-Challenge-20260215-1-529x705.jpeg 529w, https:\/\/www.vfl-westercelle.de\/tri-rsp\/wp-content\/uploads\/sites\/7\/2026\/02\/4-Brocken-Challenge-20260215-1-scaled.jpeg 1920w\" sizes=\"auto, (max-width: 773px) 100vw, 773px\" \/><\/a><\/figure>\n\n\n\n<figure class=\"wp-block-image size-large\"><a href=\"https:\/\/www.vfl-westercelle.de\/tri-rsp\/wp-content\/uploads\/sites\/7\/2026\/02\/6-Brocken-Challenge-20260215-scaled.jpeg\"><img loading=\"lazy\" decoding=\"async\" width=\"773\" height=\"1030\" data-id=\"1648\" src=\"https:\/\/www.vfl-westercelle.de\/tri-rsp\/wp-content\/uploads\/sites\/7\/2026\/02\/6-Brocken-Challenge-20260215-773x1030.jpeg\" alt=\"\" class=\"wp-image-1648\" srcset=\"https:\/\/www.vfl-westercelle.de\/tri-rsp\/wp-content\/uploads\/sites\/7\/2026\/02\/6-Brocken-Challenge-20260215-773x1030.jpeg 773w, https:\/\/www.vfl-westercelle.de\/tri-rsp\/wp-content\/uploads\/sites\/7\/2026\/02\/6-Brocken-Challenge-20260215-225x300.jpeg 225w, https:\/\/www.vfl-westercelle.de\/tri-rsp\/wp-content\/uploads\/sites\/7\/2026\/02\/6-Brocken-Challenge-20260215-768x1024.jpeg 768w, https:\/\/www.vfl-westercelle.de\/tri-rsp\/wp-content\/uploads\/sites\/7\/2026\/02\/6-Brocken-Challenge-20260215-1152x1536.jpeg 1152w, https:\/\/www.vfl-westercelle.de\/tri-rsp\/wp-content\/uploads\/sites\/7\/2026\/02\/6-Brocken-Challenge-20260215-1536x2048.jpeg 1536w, https:\/\/www.vfl-westercelle.de\/tri-rsp\/wp-content\/uploads\/sites\/7\/2026\/02\/6-Brocken-Challenge-20260215-1125x1500.jpeg 1125w, https:\/\/www.vfl-westercelle.de\/tri-rsp\/wp-content\/uploads\/sites\/7\/2026\/02\/6-Brocken-Challenge-20260215-529x705.jpeg 529w, https:\/\/www.vfl-westercelle.de\/tri-rsp\/wp-content\/uploads\/sites\/7\/2026\/02\/6-Brocken-Challenge-20260215-scaled.jpeg 1920w\" sizes=\"auto, (max-width: 773px) 100vw, 773px\" \/><\/a><\/figure>\n\n\n\n<figure class=\"wp-block-image size-large\"><a href=\"https:\/\/www.vfl-westercelle.de\/tri-rsp\/wp-content\/uploads\/sites\/7\/2026\/02\/5-Brocken-Challenge-20260215-scaled.jpeg\"><img loading=\"lazy\" decoding=\"async\" width=\"773\" height=\"1030\" data-id=\"1647\" src=\"https:\/\/www.vfl-westercelle.de\/tri-rsp\/wp-content\/uploads\/sites\/7\/2026\/02\/5-Brocken-Challenge-20260215-773x1030.jpeg\" alt=\"\" class=\"wp-image-1647\" srcset=\"https:\/\/www.vfl-westercelle.de\/tri-rsp\/wp-content\/uploads\/sites\/7\/2026\/02\/5-Brocken-Challenge-20260215-773x1030.jpeg 773w, https:\/\/www.vfl-westercelle.de\/tri-rsp\/wp-content\/uploads\/sites\/7\/2026\/02\/5-Brocken-Challenge-20260215-225x300.jpeg 225w, https:\/\/www.vfl-westercelle.de\/tri-rsp\/wp-content\/uploads\/sites\/7\/2026\/02\/5-Brocken-Challenge-20260215-768x1024.jpeg 768w, https:\/\/www.vfl-westercelle.de\/tri-rsp\/wp-content\/uploads\/sites\/7\/2026\/02\/5-Brocken-Challenge-20260215-1152x1536.jpeg 1152w, https:\/\/www.vfl-westercelle.de\/tri-rsp\/wp-content\/uploads\/sites\/7\/2026\/02\/5-Brocken-Challenge-20260215-1536x2048.jpeg 1536w, https:\/\/www.vfl-westercelle.de\/tri-rsp\/wp-content\/uploads\/sites\/7\/2026\/02\/5-Brocken-Challenge-20260215-1125x1500.jpeg 1125w, https:\/\/www.vfl-westercelle.de\/tri-rsp\/wp-content\/uploads\/sites\/7\/2026\/02\/5-Brocken-Challenge-20260215-529x705.jpeg 529w, https:\/\/www.vfl-westercelle.de\/tri-rsp\/wp-content\/uploads\/sites\/7\/2026\/02\/5-Brocken-Challenge-20260215-scaled.jpeg 1920w\" sizes=\"auto, (max-width: 773px) 100vw, 773px\" \/><\/a><\/figure>\n\n\n\n<figure class=\"wp-block-image size-large\"><a href=\"https:\/\/www.vfl-westercelle.de\/tri-rsp\/wp-content\/uploads\/sites\/7\/2026\/02\/3-Brocken-Challenge-20260215-scaled.jpeg\"><img loading=\"lazy\" decoding=\"async\" width=\"773\" height=\"1030\" data-id=\"1645\" src=\"https:\/\/www.vfl-westercelle.de\/tri-rsp\/wp-content\/uploads\/sites\/7\/2026\/02\/3-Brocken-Challenge-20260215-773x1030.jpeg\" alt=\"\" class=\"wp-image-1645\" srcset=\"https:\/\/www.vfl-westercelle.de\/tri-rsp\/wp-content\/uploads\/sites\/7\/2026\/02\/3-Brocken-Challenge-20260215-773x1030.jpeg 773w, https:\/\/www.vfl-westercelle.de\/tri-rsp\/wp-content\/uploads\/sites\/7\/2026\/02\/3-Brocken-Challenge-20260215-225x300.jpeg 225w, https:\/\/www.vfl-westercelle.de\/tri-rsp\/wp-content\/uploads\/sites\/7\/2026\/02\/3-Brocken-Challenge-20260215-768x1024.jpeg 768w, https:\/\/www.vfl-westercelle.de\/tri-rsp\/wp-content\/uploads\/sites\/7\/2026\/02\/3-Brocken-Challenge-20260215-1152x1536.jpeg 1152w, https:\/\/www.vfl-westercelle.de\/tri-rsp\/wp-content\/uploads\/sites\/7\/2026\/02\/3-Brocken-Challenge-20260215-1536x2048.jpeg 1536w, https:\/\/www.vfl-westercelle.de\/tri-rsp\/wp-content\/uploads\/sites\/7\/2026\/02\/3-Brocken-Challenge-20260215-1125x1500.jpeg 1125w, https:\/\/www.vfl-westercelle.de\/tri-rsp\/wp-content\/uploads\/sites\/7\/2026\/02\/3-Brocken-Challenge-20260215-529x705.jpeg 529w, https:\/\/www.vfl-westercelle.de\/tri-rsp\/wp-content\/uploads\/sites\/7\/2026\/02\/3-Brocken-Challenge-20260215-scaled.jpeg 1920w\" sizes=\"auto, (max-width: 773px) 100vw, 773px\" \/><\/a><\/figure>\n\n\n\n<figure class=\"wp-block-image size-large\"><a href=\"https:\/\/www.vfl-westercelle.de\/tri-rsp\/wp-content\/uploads\/sites\/7\/2026\/02\/2-Brocken-Challenge-20260215-scaled.jpg\"><img loading=\"lazy\" decoding=\"async\" width=\"901\" height=\"1030\" data-id=\"1644\" src=\"https:\/\/www.vfl-westercelle.de\/tri-rsp\/wp-content\/uploads\/sites\/7\/2026\/02\/2-Brocken-Challenge-20260215-901x1030.jpg\" alt=\"\" class=\"wp-image-1644\" srcset=\"https:\/\/www.vfl-westercelle.de\/tri-rsp\/wp-content\/uploads\/sites\/7\/2026\/02\/2-Brocken-Challenge-20260215-901x1030.jpg 901w, https:\/\/www.vfl-westercelle.de\/tri-rsp\/wp-content\/uploads\/sites\/7\/2026\/02\/2-Brocken-Challenge-20260215-263x300.jpg 263w, https:\/\/www.vfl-westercelle.de\/tri-rsp\/wp-content\/uploads\/sites\/7\/2026\/02\/2-Brocken-Challenge-20260215-768x878.jpg 768w, https:\/\/www.vfl-westercelle.de\/tri-rsp\/wp-content\/uploads\/sites\/7\/2026\/02\/2-Brocken-Challenge-20260215-1344x1536.jpg 1344w, https:\/\/www.vfl-westercelle.de\/tri-rsp\/wp-content\/uploads\/sites\/7\/2026\/02\/2-Brocken-Challenge-20260215-1792x2048.jpg 1792w, https:\/\/www.vfl-westercelle.de\/tri-rsp\/wp-content\/uploads\/sites\/7\/2026\/02\/2-Brocken-Challenge-20260215-1313x1500.jpg 1313w, https:\/\/www.vfl-westercelle.de\/tri-rsp\/wp-content\/uploads\/sites\/7\/2026\/02\/2-Brocken-Challenge-20260215-617x705.jpg 617w\" sizes=\"auto, (max-width: 901px) 100vw, 901px\" \/><\/a><\/figure>\n\n\n\n<figure class=\"wp-block-image size-large\"><a href=\"https:\/\/www.vfl-westercelle.de\/tri-rsp\/wp-content\/uploads\/sites\/7\/2026\/02\/1-Brocken-Challenge-20260215.jpg\"><img loading=\"lazy\" decoding=\"async\" width=\"773\" height=\"1030\" data-id=\"1643\" src=\"https:\/\/www.vfl-westercelle.de\/tri-rsp\/wp-content\/uploads\/sites\/7\/2026\/02\/1-Brocken-Challenge-20260215-773x1030.jpg\" alt=\"\" class=\"wp-image-1643\" srcset=\"https:\/\/www.vfl-westercelle.de\/tri-rsp\/wp-content\/uploads\/sites\/7\/2026\/02\/1-Brocken-Challenge-20260215-773x1030.jpg 773w, https:\/\/www.vfl-westercelle.de\/tri-rsp\/wp-content\/uploads\/sites\/7\/2026\/02\/1-Brocken-Challenge-20260215-225x300.jpg 225w, https:\/\/www.vfl-westercelle.de\/tri-rsp\/wp-content\/uploads\/sites\/7\/2026\/02\/1-Brocken-Challenge-20260215-768x1024.jpg 768w, https:\/\/www.vfl-westercelle.de\/tri-rsp\/wp-content\/uploads\/sites\/7\/2026\/02\/1-Brocken-Challenge-20260215-1152x1536.jpg 1152w, https:\/\/www.vfl-westercelle.de\/tri-rsp\/wp-content\/uploads\/sites\/7\/2026\/02\/1-Brocken-Challenge-20260215-1125x1500.jpg 1125w, https:\/\/www.vfl-westercelle.de\/tri-rsp\/wp-content\/uploads\/sites\/7\/2026\/02\/1-Brocken-Challenge-20260215-529x705.jpg 529w, https:\/\/www.vfl-westercelle.de\/tri-rsp\/wp-content\/uploads\/sites\/7\/2026\/02\/1-Brocken-Challenge-20260215.jpg 1200w\" sizes=\"auto, (max-width: 773px) 100vw, 773px\" \/><\/a><\/figure>\n<\/figure>\n","protected":false},"excerpt":{"rendered":"<p>Brocken 15. Februar 2026 Sonja und Daniel Beer vom VfL Westercelle e.V. waren erneut gemeinsam sportlich unterwegs \u2013 diesmal bei der Brocken-Challenge. Die 80 Kilometer lange Strecke f\u00fchrte von G\u00f6ttingen hinauf auf den Brocken und umfasste rund 1.900 H\u00f6henmeter \u2013 und das mitten im Februar. Das Motto der Veranstaltung lautet \u201ekalt, hart, sch\u00f6n\u201c \u2013 treffender <a class=\"read-more-link\" href=\"https:\/\/www.vfl-westercelle.de\/tri-rsp\/sonja-und-daniel-beer-absolvieren-brocken-challenge-im-harz\/\">[&#8230; weiterlesen]<\/a><\/p>\n","protected":false},"author":39,"featured_media":1646,"comment_status":"closed","ping_status":"open","sticky":false,"template":"","format":"standard","meta":{"footnotes":""},"categories":[1],"tags":[],"class_list":["post-1649","post","type-post","status-publish","format-standard","has-post-thumbnail","hentry","category-allgemein"],"_links":{"self":[{"href":"https:\/\/www.vfl-westercelle.de\/tri-rsp\/wp-json\/wp\/v2\/posts\/1649","targetHints":{"allow":["GET"]}}],"collection":[{"href":"https:\/\/www.vfl-westercelle.de\/tri-rsp\/wp-json\/wp\/v2\/posts"}],"about":[{"href":"https:\/\/www.vfl-westercelle.de\/tri-rsp\/wp-json\/wp\/v2\/types\/post"}],"author":[{"embeddable":true,"href":"https:\/\/www.vfl-westercelle.de\/tri-rsp\/wp-json\/wp\/v2\/users\/39"}],"replies":[{"embeddable":true,"href":"https:\/\/www.vfl-westercelle.de\/tri-rsp\/wp-json\/wp\/v2\/comments?post=1649"}],"version-history":[{"count":3,"href":"https:\/\/www.vfl-westercelle.de\/tri-rsp\/wp-json\/wp\/v2\/posts\/1649\/revisions"}],"predecessor-version":[{"id":1654,"href":"https:\/\/www.vfl-westercelle.de\/tri-rsp\/wp-json\/wp\/v2\/posts\/1649\/revisions\/1654"}],"wp:featuredmedia":[{"embeddable":true,"href":"https:\/\/www.vfl-westercelle.de\/tri-rsp\/wp-json\/wp\/v2\/media\/1646"}],"wp:attachment":[{"href":"https:\/\/www.vfl-westercelle.de\/tri-rsp\/wp-json\/wp\/v2\/media?parent=1649"}],"wp:term":[{"taxonomy":"category","embeddable":true,"href":"https:\/\/www.vfl-westercelle.de\/tri-rsp\/wp-json\/wp\/v2\/categories?post=1649"},{"taxonomy":"post_tag","embeddable":true,"href":"https:\/\/www.vfl-westercelle.de\/tri-rsp\/wp-json\/wp\/v2\/tags?post=1649"}],"curies":[{"name":"wp","href":"https:\/\/api.w.org\/{rel}","templated":true}]}}