{"id":1662,"date":"2026-02-24T19:17:31","date_gmt":"2026-02-24T18:17:31","guid":{"rendered":"https:\/\/www.vfl-westercelle.de\/tri-rsp\/?p=1662"},"modified":"2026-02-24T19:17:34","modified_gmt":"2026-02-24T18:17:34","slug":"drei-podestplaetze-fuer-westerceller-laeuferteam-in-bremen","status":"publish","type":"post","link":"https:\/\/www.vfl-westercelle.de\/tri-rsp\/drei-podestplaetze-fuer-westerceller-laeuferteam-in-bremen\/","title":{"rendered":"Drei Podestpl\u00e4tze f\u00fcr Westerceller L\u00e4uferteam in Bremen"},"content":{"rendered":"\n<p>Celle\/Bremen<\/p>\n\n\n\n<p>Am Sonntag, 22. Februar 2026, wurden in Bremen in Zusammenarbeit des Bremer und Nieders\u00e4chsischen Leichtathletikverbandes die diesj\u00e4hrigen Landesmeisterschaften im Crosslauf ausgetragen. Auch der VfL Westercelle war mit f\u00fcnf engagierten L\u00e4uferinnen und L\u00e4ufern vertreten: Marion Suchy, Dr. Volker Dittmar, Achim Sennhenn-Oetken, Dr. Hanno Reckmann und Thorsten L\u00fcbke.<\/p>\n\n\n\n<p>Bereits am fr\u00fchen Morgen machten sich die Athletinnen und Athleten aus Celle auf den Weg ins Bundesland Bremen. Sportlerinnen und Sportler aus ganz Niedersachsen und Bremen trafen sich dort, um ihre Landesmeister im Crosslauf zu ermitteln. Der ausrichtende ATS Buntentor Bremen hatte mit gro\u00dfem Einsatz einen anspruchsvollen Rundkurs vorbereitet: Die 1.900 Meter lange Strecke mit zahlreichen Steigungen und Gef\u00e4llen war durch den Regen stark aufgeweicht und bot somit echte, anspruchsvolle Crossbedingungen.<\/p>\n\n\n\n<p>Den Auftakt aus Westerceller Sicht machte Marion Suchy (W55) im Frauenfeld \u00fcber 3.800 Meter. Ohne Spikes war sie in diesem hochklassigen Teilnehmerinnenfeld auf dem matschigen Untergrund zun\u00e4chst im Nachteil. Die Strecke f\u00fchrte \u00fcber aufgeweichte Wiesen und kleine, rutschige H\u00fcgel \u2013 hier waren Nagelschuhe klar von Vorteil. Doch Marion Suchy bewies gro\u00dfen Kampfgeist und sicherte sich mit einem beherzten Lauf den dritten Platz in ihrer Altersklasse.<\/p>\n\n\n\n<p>\u00dcber die 5.700 Meter \u2013 drei Runden auf dem inzwischen durch zahlreiche L\u00e4ufe noch st\u00e4rker aufgeweichten Kurs \u2013 gingen anschlie\u00dfend Dr. Hanno Reckmann (M55), Dr. Volker Dittmar (M65), Achim Sennhenn-Oetken (M65) und Thorsten L\u00fcbke (M60) gemeinsam an den Start. P\u00fcnktlich zum Start setzte erneut Regen ein. Dr. Hanno Reckmann kam mit den schwierigen Bedingungen am besten zurecht und erzielte mit 27:37 Minuten eine starke Zeit. Lediglich 50 Sekunden fehlten ihm auf den drittplatzierten L\u00e4ufer vom Laufteam Wolfshagen. Damit belegte er einen guten f\u00fcnften Platz in der Altersklasse M55.<\/p>\n\n\n\n<p>F\u00fcr die gr\u00f6\u00dfte \u00dcberraschung sorgte Dr. Volker Dittmar. Laut Meldeliste galten einige Konkurrenten mit schnelleren Bestzeiten als favorisiert, sodass eine Platzierung um Rang sechs realistisch erschien. Doch die anspruchsvolle Strecke lag ihm: Mit einem starken Rennen und einem beeindruckenden Endspurt sicherte er sich in 29:50 Minuten die Vizemeisterschaft in der Altersklasse M65. Achim Sennhenn-Oetken folgte in derselben Altersklasse mit 31:53 Minuten auf Platz f\u00fcnf. Thorsten L\u00fcbke erreichte ebenfalls Rang f\u00fcnf in der Altersklasse M60. In der Mannschaftswertung der M60\/65 erk\u00e4mpften sich Dittmar, Sennhenn-Oetken und L\u00fcbke einen hervorragenden dritten Platz.<\/p>\n\n\n\n<p>Nach den erfolgreichen Starts auf Landesebene traten die f\u00fcnf Athletinnen und Athleten des VfL Westercelle zufrieden die Heimreise nach Celle an.<\/p>\n\n\n\n<p>Auf dem Foto:<\/p>\n\n\n\n<p>Achim Sennhenn-Oetken, Marion Suchy, Thorsten L\u00fcbke, Dr. Volker Dittmar, Dr. Hanno Reckmann<\/p>\n\n\n\n<p>Text: Frank Scheiger<\/p>\n\n\n\n<p>Fotos: Frank Scheiger, Thorsten L\u00fcbke<\/p>\n\n\n\n<figure class=\"wp-block-gallery has-nested-images columns-default is-cropped wp-block-gallery-1 is-layout-flex wp-block-gallery-is-layout-flex\">\n<figure class=\"wp-block-image size-large\"><a href=\"https:\/\/www.vfl-westercelle.de\/tri-rsp\/wp-content\/uploads\/sites\/7\/2026\/02\/1-LMCross-Bremen-20260222-e1771956820441.jpg\"><img loading=\"lazy\" decoding=\"async\" width=\"1030\" height=\"376\" data-id=\"1655\" src=\"https:\/\/www.vfl-westercelle.de\/tri-rsp\/wp-content\/uploads\/sites\/7\/2026\/02\/1-LMCross-Bremen-20260222-e1771956820441-1030x376.jpg\" alt=\"\" class=\"wp-image-1655\" srcset=\"https:\/\/www.vfl-westercelle.de\/tri-rsp\/wp-content\/uploads\/sites\/7\/2026\/02\/1-LMCross-Bremen-20260222-e1771956820441-1030x376.jpg 1030w, https:\/\/www.vfl-westercelle.de\/tri-rsp\/wp-content\/uploads\/sites\/7\/2026\/02\/1-LMCross-Bremen-20260222-e1771956820441-300x110.jpg 300w, https:\/\/www.vfl-westercelle.de\/tri-rsp\/wp-content\/uploads\/sites\/7\/2026\/02\/1-LMCross-Bremen-20260222-e1771956820441-768x280.jpg 768w, https:\/\/www.vfl-westercelle.de\/tri-rsp\/wp-content\/uploads\/sites\/7\/2026\/02\/1-LMCross-Bremen-20260222-e1771956820441-1536x561.jpg 1536w, https:\/\/www.vfl-westercelle.de\/tri-rsp\/wp-content\/uploads\/sites\/7\/2026\/02\/1-LMCross-Bremen-20260222-e1771956820441-1500x548.jpg 1500w, https:\/\/www.vfl-westercelle.de\/tri-rsp\/wp-content\/uploads\/sites\/7\/2026\/02\/1-LMCross-Bremen-20260222-e1771956820441-705x257.jpg 705w, https:\/\/www.vfl-westercelle.de\/tri-rsp\/wp-content\/uploads\/sites\/7\/2026\/02\/1-LMCross-Bremen-20260222-e1771956820441.jpg 2038w\" sizes=\"auto, (max-width: 1030px) 100vw, 1030px\" \/><\/a><\/figure>\n\n\n\n<figure class=\"wp-block-image size-large\"><a href=\"https:\/\/www.vfl-westercelle.de\/tri-rsp\/wp-content\/uploads\/sites\/7\/2026\/02\/3-LMCross-Bremen-20260222.jpeg\"><img loading=\"lazy\" decoding=\"async\" width=\"1030\" height=\"773\" data-id=\"1657\" src=\"https:\/\/www.vfl-westercelle.de\/tri-rsp\/wp-content\/uploads\/sites\/7\/2026\/02\/3-LMCross-Bremen-20260222-1030x773.jpeg\" alt=\"\" class=\"wp-image-1657\" srcset=\"https:\/\/www.vfl-westercelle.de\/tri-rsp\/wp-content\/uploads\/sites\/7\/2026\/02\/3-LMCross-Bremen-20260222-1030x773.jpeg 1030w, https:\/\/www.vfl-westercelle.de\/tri-rsp\/wp-content\/uploads\/sites\/7\/2026\/02\/3-LMCross-Bremen-20260222-300x225.jpeg 300w, https:\/\/www.vfl-westercelle.de\/tri-rsp\/wp-content\/uploads\/sites\/7\/2026\/02\/3-LMCross-Bremen-20260222-768x576.jpeg 768w, https:\/\/www.vfl-westercelle.de\/tri-rsp\/wp-content\/uploads\/sites\/7\/2026\/02\/3-LMCross-Bremen-20260222-1536x1152.jpeg 1536w, https:\/\/www.vfl-westercelle.de\/tri-rsp\/wp-content\/uploads\/sites\/7\/2026\/02\/3-LMCross-Bremen-20260222-1500x1125.jpeg 1500w, https:\/\/www.vfl-westercelle.de\/tri-rsp\/wp-content\/uploads\/sites\/7\/2026\/02\/3-LMCross-Bremen-20260222-705x529.jpeg 705w, https:\/\/www.vfl-westercelle.de\/tri-rsp\/wp-content\/uploads\/sites\/7\/2026\/02\/3-LMCross-Bremen-20260222.jpeg 1600w\" sizes=\"auto, (max-width: 1030px) 100vw, 1030px\" \/><\/a><\/figure>\n\n\n\n<figure class=\"wp-block-image size-large\"><a href=\"https:\/\/www.vfl-westercelle.de\/tri-rsp\/wp-content\/uploads\/sites\/7\/2026\/02\/2-LMCross-Bremen-20260222jpeg.jpeg\"><img loading=\"lazy\" decoding=\"async\" width=\"1030\" height=\"773\" data-id=\"1656\" src=\"https:\/\/www.vfl-westercelle.de\/tri-rsp\/wp-content\/uploads\/sites\/7\/2026\/02\/2-LMCross-Bremen-20260222jpeg-1030x773.jpeg\" alt=\"\" class=\"wp-image-1656\" srcset=\"https:\/\/www.vfl-westercelle.de\/tri-rsp\/wp-content\/uploads\/sites\/7\/2026\/02\/2-LMCross-Bremen-20260222jpeg-1030x773.jpeg 1030w, https:\/\/www.vfl-westercelle.de\/tri-rsp\/wp-content\/uploads\/sites\/7\/2026\/02\/2-LMCross-Bremen-20260222jpeg-300x225.jpeg 300w, https:\/\/www.vfl-westercelle.de\/tri-rsp\/wp-content\/uploads\/sites\/7\/2026\/02\/2-LMCross-Bremen-20260222jpeg-768x576.jpeg 768w, https:\/\/www.vfl-westercelle.de\/tri-rsp\/wp-content\/uploads\/sites\/7\/2026\/02\/2-LMCross-Bremen-20260222jpeg-1536x1152.jpeg 1536w, https:\/\/www.vfl-westercelle.de\/tri-rsp\/wp-content\/uploads\/sites\/7\/2026\/02\/2-LMCross-Bremen-20260222jpeg-1500x1125.jpeg 1500w, https:\/\/www.vfl-westercelle.de\/tri-rsp\/wp-content\/uploads\/sites\/7\/2026\/02\/2-LMCross-Bremen-20260222jpeg-705x529.jpeg 705w, https:\/\/www.vfl-westercelle.de\/tri-rsp\/wp-content\/uploads\/sites\/7\/2026\/02\/2-LMCross-Bremen-20260222jpeg.jpeg 1600w\" sizes=\"auto, (max-width: 1030px) 100vw, 1030px\" \/><\/a><\/figure>\n\n\n\n<figure class=\"wp-block-image size-large\"><a href=\"https:\/\/www.vfl-westercelle.de\/tri-rsp\/wp-content\/uploads\/sites\/7\/2026\/02\/4-LMCross-Bremen-20260222.jpeg\"><img loading=\"lazy\" decoding=\"async\" width=\"1030\" height=\"773\" data-id=\"1658\" src=\"https:\/\/www.vfl-westercelle.de\/tri-rsp\/wp-content\/uploads\/sites\/7\/2026\/02\/4-LMCross-Bremen-20260222-1030x773.jpeg\" alt=\"\" class=\"wp-image-1658\" srcset=\"https:\/\/www.vfl-westercelle.de\/tri-rsp\/wp-content\/uploads\/sites\/7\/2026\/02\/4-LMCross-Bremen-20260222-1030x773.jpeg 1030w, https:\/\/www.vfl-westercelle.de\/tri-rsp\/wp-content\/uploads\/sites\/7\/2026\/02\/4-LMCross-Bremen-20260222-300x225.jpeg 300w, https:\/\/www.vfl-westercelle.de\/tri-rsp\/wp-content\/uploads\/sites\/7\/2026\/02\/4-LMCross-Bremen-20260222-768x576.jpeg 768w, https:\/\/www.vfl-westercelle.de\/tri-rsp\/wp-content\/uploads\/sites\/7\/2026\/02\/4-LMCross-Bremen-20260222-1536x1152.jpeg 1536w, https:\/\/www.vfl-westercelle.de\/tri-rsp\/wp-content\/uploads\/sites\/7\/2026\/02\/4-LMCross-Bremen-20260222-1500x1125.jpeg 1500w, https:\/\/www.vfl-westercelle.de\/tri-rsp\/wp-content\/uploads\/sites\/7\/2026\/02\/4-LMCross-Bremen-20260222-705x529.jpeg 705w, https:\/\/www.vfl-westercelle.de\/tri-rsp\/wp-content\/uploads\/sites\/7\/2026\/02\/4-LMCross-Bremen-20260222.jpeg 1600w\" sizes=\"auto, (max-width: 1030px) 100vw, 1030px\" \/><\/a><\/figure>\n\n\n\n<figure class=\"wp-block-image size-large\"><a href=\"https:\/\/www.vfl-westercelle.de\/tri-rsp\/wp-content\/uploads\/sites\/7\/2026\/02\/5-LMCross-Bremen-20260222.jpeg\"><img loading=\"lazy\" decoding=\"async\" width=\"1030\" height=\"773\" data-id=\"1659\" src=\"https:\/\/www.vfl-westercelle.de\/tri-rsp\/wp-content\/uploads\/sites\/7\/2026\/02\/5-LMCross-Bremen-20260222-1030x773.jpeg\" alt=\"\" class=\"wp-image-1659\" srcset=\"https:\/\/www.vfl-westercelle.de\/tri-rsp\/wp-content\/uploads\/sites\/7\/2026\/02\/5-LMCross-Bremen-20260222-1030x773.jpeg 1030w, https:\/\/www.vfl-westercelle.de\/tri-rsp\/wp-content\/uploads\/sites\/7\/2026\/02\/5-LMCross-Bremen-20260222-300x225.jpeg 300w, https:\/\/www.vfl-westercelle.de\/tri-rsp\/wp-content\/uploads\/sites\/7\/2026\/02\/5-LMCross-Bremen-20260222-768x576.jpeg 768w, https:\/\/www.vfl-westercelle.de\/tri-rsp\/wp-content\/uploads\/sites\/7\/2026\/02\/5-LMCross-Bremen-20260222-1536x1152.jpeg 1536w, https:\/\/www.vfl-westercelle.de\/tri-rsp\/wp-content\/uploads\/sites\/7\/2026\/02\/5-LMCross-Bremen-20260222-1500x1125.jpeg 1500w, https:\/\/www.vfl-westercelle.de\/tri-rsp\/wp-content\/uploads\/sites\/7\/2026\/02\/5-LMCross-Bremen-20260222-705x529.jpeg 705w, https:\/\/www.vfl-westercelle.de\/tri-rsp\/wp-content\/uploads\/sites\/7\/2026\/02\/5-LMCross-Bremen-20260222.jpeg 1600w\" sizes=\"auto, (max-width: 1030px) 100vw, 1030px\" \/><\/a><\/figure>\n\n\n\n<figure class=\"wp-block-image size-large\"><a href=\"https:\/\/www.vfl-westercelle.de\/tri-rsp\/wp-content\/uploads\/sites\/7\/2026\/02\/6-LMCross-Bremen-20260222.jpeg\"><img loading=\"lazy\" decoding=\"async\" width=\"1030\" height=\"773\" data-id=\"1660\" src=\"https:\/\/www.vfl-westercelle.de\/tri-rsp\/wp-content\/uploads\/sites\/7\/2026\/02\/6-LMCross-Bremen-20260222-1030x773.jpeg\" alt=\"\" class=\"wp-image-1660\" srcset=\"https:\/\/www.vfl-westercelle.de\/tri-rsp\/wp-content\/uploads\/sites\/7\/2026\/02\/6-LMCross-Bremen-20260222-1030x773.jpeg 1030w, https:\/\/www.vfl-westercelle.de\/tri-rsp\/wp-content\/uploads\/sites\/7\/2026\/02\/6-LMCross-Bremen-20260222-300x225.jpeg 300w, https:\/\/www.vfl-westercelle.de\/tri-rsp\/wp-content\/uploads\/sites\/7\/2026\/02\/6-LMCross-Bremen-20260222-768x576.jpeg 768w, https:\/\/www.vfl-westercelle.de\/tri-rsp\/wp-content\/uploads\/sites\/7\/2026\/02\/6-LMCross-Bremen-20260222-1536x1152.jpeg 1536w, https:\/\/www.vfl-westercelle.de\/tri-rsp\/wp-content\/uploads\/sites\/7\/2026\/02\/6-LMCross-Bremen-20260222-1500x1125.jpeg 1500w, https:\/\/www.vfl-westercelle.de\/tri-rsp\/wp-content\/uploads\/sites\/7\/2026\/02\/6-LMCross-Bremen-20260222-705x529.jpeg 705w, https:\/\/www.vfl-westercelle.de\/tri-rsp\/wp-content\/uploads\/sites\/7\/2026\/02\/6-LMCross-Bremen-20260222.jpeg 1600w\" sizes=\"auto, (max-width: 1030px) 100vw, 1030px\" \/><\/a><\/figure>\n\n\n\n<figure class=\"wp-block-image size-large\"><a href=\"https:\/\/www.vfl-westercelle.de\/tri-rsp\/wp-content\/uploads\/sites\/7\/2026\/02\/7-LMCross-Bremen-20260222.jpeg\"><img loading=\"lazy\" decoding=\"async\" width=\"773\" height=\"1030\" data-id=\"1661\" src=\"https:\/\/www.vfl-westercelle.de\/tri-rsp\/wp-content\/uploads\/sites\/7\/2026\/02\/7-LMCross-Bremen-20260222-773x1030.jpeg\" alt=\"\" class=\"wp-image-1661\" srcset=\"https:\/\/www.vfl-westercelle.de\/tri-rsp\/wp-content\/uploads\/sites\/7\/2026\/02\/7-LMCross-Bremen-20260222-773x1030.jpeg 773w, https:\/\/www.vfl-westercelle.de\/tri-rsp\/wp-content\/uploads\/sites\/7\/2026\/02\/7-LMCross-Bremen-20260222-225x300.jpeg 225w, https:\/\/www.vfl-westercelle.de\/tri-rsp\/wp-content\/uploads\/sites\/7\/2026\/02\/7-LMCross-Bremen-20260222-768x1024.jpeg 768w, https:\/\/www.vfl-westercelle.de\/tri-rsp\/wp-content\/uploads\/sites\/7\/2026\/02\/7-LMCross-Bremen-20260222-1152x1536.jpeg 1152w, https:\/\/www.vfl-westercelle.de\/tri-rsp\/wp-content\/uploads\/sites\/7\/2026\/02\/7-LMCross-Bremen-20260222-1125x1500.jpeg 1125w, https:\/\/www.vfl-westercelle.de\/tri-rsp\/wp-content\/uploads\/sites\/7\/2026\/02\/7-LMCross-Bremen-20260222-529x705.jpeg 529w, https:\/\/www.vfl-westercelle.de\/tri-rsp\/wp-content\/uploads\/sites\/7\/2026\/02\/7-LMCross-Bremen-20260222.jpeg 1200w\" sizes=\"auto, (max-width: 773px) 100vw, 773px\" \/><\/a><\/figure>\n<\/figure>\n","protected":false},"excerpt":{"rendered":"<p>Celle\/Bremen Am Sonntag, 22. Februar 2026, wurden in Bremen in Zusammenarbeit des Bremer und Nieders\u00e4chsischen Leichtathletikverbandes die diesj\u00e4hrigen Landesmeisterschaften im Crosslauf ausgetragen. Auch der VfL Westercelle war mit f\u00fcnf engagierten L\u00e4uferinnen und L\u00e4ufern vertreten: Marion Suchy, Dr. Volker Dittmar, Achim Sennhenn-Oetken, Dr. Hanno Reckmann und Thorsten L\u00fcbke. Bereits am fr\u00fchen Morgen machten sich die Athletinnen <a class=\"read-more-link\" href=\"https:\/\/www.vfl-westercelle.de\/tri-rsp\/drei-podestplaetze-fuer-westerceller-laeuferteam-in-bremen\/\">[&#8230; weiterlesen]<\/a><\/p>\n","protected":false},"author":39,"featured_media":1655,"comment_status":"closed","ping_status":"open","sticky":false,"template":"","format":"standard","meta":{"footnotes":""},"categories":[1],"tags":[],"class_list":["post-1662","post","type-post","status-publish","format-standard","has-post-thumbnail","hentry","category-allgemein"],"_links":{"self":[{"href":"https:\/\/www.vfl-westercelle.de\/tri-rsp\/wp-json\/wp\/v2\/posts\/1662","targetHints":{"allow":["GET"]}}],"collection":[{"href":"https:\/\/www.vfl-westercelle.de\/tri-rsp\/wp-json\/wp\/v2\/posts"}],"about":[{"href":"https:\/\/www.vfl-westercelle.de\/tri-rsp\/wp-json\/wp\/v2\/types\/post"}],"author":[{"embeddable":true,"href":"https:\/\/www.vfl-westercelle.de\/tri-rsp\/wp-json\/wp\/v2\/users\/39"}],"replies":[{"embeddable":true,"href":"https:\/\/www.vfl-westercelle.de\/tri-rsp\/wp-json\/wp\/v2\/comments?post=1662"}],"version-history":[{"count":2,"href":"https:\/\/www.vfl-westercelle.de\/tri-rsp\/wp-json\/wp\/v2\/posts\/1662\/revisions"}],"predecessor-version":[{"id":1664,"href":"https:\/\/www.vfl-westercelle.de\/tri-rsp\/wp-json\/wp\/v2\/posts\/1662\/revisions\/1664"}],"wp:featuredmedia":[{"embeddable":true,"href":"https:\/\/www.vfl-westercelle.de\/tri-rsp\/wp-json\/wp\/v2\/media\/1655"}],"wp:attachment":[{"href":"https:\/\/www.vfl-westercelle.de\/tri-rsp\/wp-json\/wp\/v2\/media?parent=1662"}],"wp:term":[{"taxonomy":"category","embeddable":true,"href":"https:\/\/www.vfl-westercelle.de\/tri-rsp\/wp-json\/wp\/v2\/categories?post=1662"},{"taxonomy":"post_tag","embeddable":true,"href":"https:\/\/www.vfl-westercelle.de\/tri-rsp\/wp-json\/wp\/v2\/tags?post=1662"}],"curies":[{"name":"wp","href":"https:\/\/api.w.org\/{rel}","templated":true}]}}