{"id":1670,"date":"2026-03-19T20:30:10","date_gmt":"2026-03-19T19:30:10","guid":{"rendered":"https:\/\/www.vfl-westercelle.de\/tri-rsp\/?p=1670"},"modified":"2026-03-19T20:30:12","modified_gmt":"2026-03-19T19:30:12","slug":"triathleten-aus-dem-landkreis-celle-erfolgreich-beim-cross-duathlon-helmstedt","status":"publish","type":"post","link":"https:\/\/www.vfl-westercelle.de\/tri-rsp\/triathleten-aus-dem-landkreis-celle-erfolgreich-beim-cross-duathlon-helmstedt\/","title":{"rendered":"Triathleten aus dem Landkreis Celle erfolgreich beim Cross-Duathlon Helmstedt"},"content":{"rendered":"\n<p>Helmstedt. Weil f\u00fcr einen Triathlon das Wasser noch zu kalt zum Schwimmen drau\u00dfen ist, finden als erste Wettk\u00e4mpfe im Jahr Duathlons statt. Beim Duathlon wechseln sich Laufen, Radfahren und zum Abschluss nochmal Laufen ab.<\/p>\n\n\n\n<p>Am Sonntag, dem 15. M\u00e4rz 2026, fand bei k\u00fchlem aber wenigstens trockenen Wetter in Helmstedt am Lappwaldsee der traditionelle Cross-Duathlon mit den nieders\u00e4chsischen Landesmeisterschaften f\u00fcr die Erwachsenen statt. Dabei starteten aus dem Landkreis Celle in verschiedenen Altersgruppen Athleten vom VfL Westercelle und SV Nienhagen. Bei den Sch\u00fclern starteten f\u00fcr den SV Nienhagen in der Altersklasse Sch\u00fcler C \u00fcber die Strecke Lauf 200m \u2013 Rad 1,2km \u2013 Lauf 200m Lasse Mumm und landete auf dem 4. Platz. Seine Schwester absolvierte die Strecken 1,3 km Laufen \u2013 5km Radfahren \u2013 400m Laufen und landete bei den Sch\u00fclerinnen A mit Platz 3 auf dem Podest. Bei den Jugendlichen startete zum ersten Mal Jayden Engel f\u00fcr den VfL Westercelle bei einem Duathlon \u00fcber die Strecken 2,2km Laufen &#8211; 11km Radfahren &#8211; 1,3km Laufen mit \u00e4hnlicher Beschaffenheit der Strecken wie auch bei den Erwachsenen und schrammte mit einem 4. Platz knapp am Podium vorbei.<\/p>\n\n\n\n<p>Bei den Erwachsenen sind die Laufstrecken ein doppelter Rundkurs in h\u00fcgeligem Gel\u00e4nde auf Asphalt, Pflaster und Schotter mit leichten Steigungen. Die Cross-Radstrecke ist eine lassof\u00f6rmige Strecke mit einem kurzen Asphaltst\u00fcck und dann Schotterwegen mit teilweise weichen Sandabschnitten und auch leichten Steigungen. Im Hauptwettkampf sind 4.4km zu laufen dann 21km Rad zu fahren und wieder 4.4km zu laufen. Bei den Landesmeisterschaften ist die erste Laufstrecke mit 6km etwas l\u00e4nger.&nbsp; Im Hauptwettkampf konnte Claudia Schimschal vom VfL Westercelle in ihrer Altersklasse und offen den 2. Platz auf dem Podium belegen. Bei den Frauen in der Wertung der Landesmeisterschaft wurde Brigitte Kampel vom SV Nienhagen in ihrer Altersklasse Vize-Landesmeisterin. Bei den M\u00e4nnern erreichte Hanno Reckmann vom VfL Westercelle in seiner Altersklasse den Vize-Landesmeister Titel. Falk Mumm vom SV Nienhagen erreichte bei den Landesmeisterschaften das Podium mit einem 3. Platz seiner Altersklasse.<\/p>\n\n\n\n<p>Der sehr gut organisierte Wettkampf war ein gelungener Start in die Saison, hat viel Spa\u00df gemacht und macht Lust auf die Vorbereitung f\u00fcr die nun folgende Triathlon Saison, in der die Erwachsenen mit anderen Vereinsmitgliedern in der Mixed Landesliga starten werden.&nbsp;<\/p>\n\n\n\n<figure class=\"wp-block-gallery has-nested-images columns-default is-cropped wp-block-gallery-1 is-layout-flex wp-block-gallery-is-layout-flex\">\n<figure class=\"wp-block-image size-large\"><img loading=\"lazy\" decoding=\"async\" width=\"1030\" height=\"374\" data-id=\"1666\" src=\"https:\/\/www.vfl-westercelle.de\/tri-rsp\/wp-content\/uploads\/sites\/7\/2026\/03\/FotoMontage_CrossDuathlonHelmstedt2026-scaled-e1773948375742-1030x374.jpg\" alt=\"\" class=\"wp-image-1666\" srcset=\"https:\/\/www.vfl-westercelle.de\/tri-rsp\/wp-content\/uploads\/sites\/7\/2026\/03\/FotoMontage_CrossDuathlonHelmstedt2026-scaled-e1773948375742-1030x374.jpg 1030w, https:\/\/www.vfl-westercelle.de\/tri-rsp\/wp-content\/uploads\/sites\/7\/2026\/03\/FotoMontage_CrossDuathlonHelmstedt2026-scaled-e1773948375742-300x109.jpg 300w, https:\/\/www.vfl-westercelle.de\/tri-rsp\/wp-content\/uploads\/sites\/7\/2026\/03\/FotoMontage_CrossDuathlonHelmstedt2026-scaled-e1773948375742-768x279.jpg 768w, https:\/\/www.vfl-westercelle.de\/tri-rsp\/wp-content\/uploads\/sites\/7\/2026\/03\/FotoMontage_CrossDuathlonHelmstedt2026-scaled-e1773948375742-1536x558.jpg 1536w, https:\/\/www.vfl-westercelle.de\/tri-rsp\/wp-content\/uploads\/sites\/7\/2026\/03\/FotoMontage_CrossDuathlonHelmstedt2026-scaled-e1773948375742-1500x545.jpg 1500w, https:\/\/www.vfl-westercelle.de\/tri-rsp\/wp-content\/uploads\/sites\/7\/2026\/03\/FotoMontage_CrossDuathlonHelmstedt2026-scaled-e1773948375742-705x256.jpg 705w, https:\/\/www.vfl-westercelle.de\/tri-rsp\/wp-content\/uploads\/sites\/7\/2026\/03\/FotoMontage_CrossDuathlonHelmstedt2026-scaled-e1773948375742.jpg 1680w\" sizes=\"auto, (max-width: 1030px) 100vw, 1030px\" \/><\/figure>\n\n\n\n<figure class=\"wp-block-image size-large\"><a href=\"https:\/\/www.vfl-westercelle.de\/tri-rsp\/wp-content\/uploads\/sites\/7\/2026\/03\/FotoMontage_CrossDuathlonHelmstedt2026-1-scaled.jpg\"><img loading=\"lazy\" decoding=\"async\" width=\"685\" height=\"1030\" data-id=\"1667\" src=\"https:\/\/www.vfl-westercelle.de\/tri-rsp\/wp-content\/uploads\/sites\/7\/2026\/03\/FotoMontage_CrossDuathlonHelmstedt2026-1-685x1030.jpg\" alt=\"\" class=\"wp-image-1667\" srcset=\"https:\/\/www.vfl-westercelle.de\/tri-rsp\/wp-content\/uploads\/sites\/7\/2026\/03\/FotoMontage_CrossDuathlonHelmstedt2026-1-685x1030.jpg 685w, https:\/\/www.vfl-westercelle.de\/tri-rsp\/wp-content\/uploads\/sites\/7\/2026\/03\/FotoMontage_CrossDuathlonHelmstedt2026-1-200x300.jpg 200w, https:\/\/www.vfl-westercelle.de\/tri-rsp\/wp-content\/uploads\/sites\/7\/2026\/03\/FotoMontage_CrossDuathlonHelmstedt2026-1-768x1154.jpg 768w, https:\/\/www.vfl-westercelle.de\/tri-rsp\/wp-content\/uploads\/sites\/7\/2026\/03\/FotoMontage_CrossDuathlonHelmstedt2026-1-1022x1536.jpg 1022w, https:\/\/www.vfl-westercelle.de\/tri-rsp\/wp-content\/uploads\/sites\/7\/2026\/03\/FotoMontage_CrossDuathlonHelmstedt2026-1-1363x2048.jpg 1363w, https:\/\/www.vfl-westercelle.de\/tri-rsp\/wp-content\/uploads\/sites\/7\/2026\/03\/FotoMontage_CrossDuathlonHelmstedt2026-1-998x1500.jpg 998w, https:\/\/www.vfl-westercelle.de\/tri-rsp\/wp-content\/uploads\/sites\/7\/2026\/03\/FotoMontage_CrossDuathlonHelmstedt2026-1-469x705.jpg 469w, https:\/\/www.vfl-westercelle.de\/tri-rsp\/wp-content\/uploads\/sites\/7\/2026\/03\/FotoMontage_CrossDuathlonHelmstedt2026-1-scaled.jpg 1703w\" sizes=\"auto, (max-width: 685px) 100vw, 685px\" \/><\/a><\/figure>\n<\/figure>\n","protected":false},"excerpt":{"rendered":"<p>Helmstedt. Weil f\u00fcr einen Triathlon das Wasser noch zu kalt zum Schwimmen drau\u00dfen ist, finden als erste Wettk\u00e4mpfe im Jahr Duathlons statt. Beim Duathlon wechseln sich Laufen, Radfahren und zum Abschluss nochmal Laufen ab. Am Sonntag, dem 15. M\u00e4rz 2026, fand bei k\u00fchlem aber wenigstens trockenen Wetter in Helmstedt am Lappwaldsee der traditionelle Cross-Duathlon mit <a class=\"read-more-link\" href=\"https:\/\/www.vfl-westercelle.de\/tri-rsp\/triathleten-aus-dem-landkreis-celle-erfolgreich-beim-cross-duathlon-helmstedt\/\">[&#8230; weiterlesen]<\/a><\/p>\n","protected":false},"author":39,"featured_media":1666,"comment_status":"closed","ping_status":"open","sticky":false,"template":"","format":"standard","meta":{"footnotes":""},"categories":[1],"tags":[],"class_list":["post-1670","post","type-post","status-publish","format-standard","has-post-thumbnail","hentry","category-allgemein"],"_links":{"self":[{"href":"https:\/\/www.vfl-westercelle.de\/tri-rsp\/wp-json\/wp\/v2\/posts\/1670","targetHints":{"allow":["GET"]}}],"collection":[{"href":"https:\/\/www.vfl-westercelle.de\/tri-rsp\/wp-json\/wp\/v2\/posts"}],"about":[{"href":"https:\/\/www.vfl-westercelle.de\/tri-rsp\/wp-json\/wp\/v2\/types\/post"}],"author":[{"embeddable":true,"href":"https:\/\/www.vfl-westercelle.de\/tri-rsp\/wp-json\/wp\/v2\/users\/39"}],"replies":[{"embeddable":true,"href":"https:\/\/www.vfl-westercelle.de\/tri-rsp\/wp-json\/wp\/v2\/comments?post=1670"}],"version-history":[{"count":2,"href":"https:\/\/www.vfl-westercelle.de\/tri-rsp\/wp-json\/wp\/v2\/posts\/1670\/revisions"}],"predecessor-version":[{"id":1672,"href":"https:\/\/www.vfl-westercelle.de\/tri-rsp\/wp-json\/wp\/v2\/posts\/1670\/revisions\/1672"}],"wp:featuredmedia":[{"embeddable":true,"href":"https:\/\/www.vfl-westercelle.de\/tri-rsp\/wp-json\/wp\/v2\/media\/1666"}],"wp:attachment":[{"href":"https:\/\/www.vfl-westercelle.de\/tri-rsp\/wp-json\/wp\/v2\/media?parent=1670"}],"wp:term":[{"taxonomy":"category","embeddable":true,"href":"https:\/\/www.vfl-westercelle.de\/tri-rsp\/wp-json\/wp\/v2\/categories?post=1670"},{"taxonomy":"post_tag","embeddable":true,"href":"https:\/\/www.vfl-westercelle.de\/tri-rsp\/wp-json\/wp\/v2\/tags?post=1670"}],"curies":[{"name":"wp","href":"https:\/\/api.w.org\/{rel}","templated":true}]}}