{"id":1673,"date":"2026-03-19T20:32:25","date_gmt":"2026-03-19T19:32:25","guid":{"rendered":"https:\/\/www.vfl-westercelle.de\/tri-rsp\/?p=1673"},"modified":"2026-03-19T20:33:14","modified_gmt":"2026-03-19T19:33:14","slug":"starker-endspurt-sorgt-fuer-vizetitel-vfl-westercelle-trotzt-kaelte-und-konkurrenz","status":"publish","type":"post","link":"https:\/\/www.vfl-westercelle.de\/tri-rsp\/starker-endspurt-sorgt-fuer-vizetitel-vfl-westercelle-trotzt-kaelte-und-konkurrenz\/","title":{"rendered":"Starker Endspurt sorgt f\u00fcr Vizetitel \u2013 VFL Westercelle trotzt K\u00e4lte und Konkurrenz"},"content":{"rendered":"\n<p><em>Celle\/G\u00f6ttingen<\/em><\/p>\n\n\n\n<p>Mit nur zwei Startern, aber umso mehr Kampfgeist im Gep\u00e4ck, machte sich die Laufsparte des VFL Westercelle am Sonntag auf den Weg zu den Landesmeisterschaften \u00fcber f\u00fcnf Kilometer Stra\u00dfe in G\u00f6ttingen \u2013 und sorgte dort f\u00fcr beachtliche Ausrufezeichen.<\/p>\n\n\n\n<p>Bei k\u00fchlen Temperaturen, grauem Himmel und sp\u00fcrbarem Wind fiel um 12:45 Uhr der Startschuss f\u00fcr die Seniorenklassen sowie die Frauenkonkurrenz. Der anspruchsvolle Rundkurs durch die G\u00f6ttinger Altstadt \u2013 gespickt mit Kopfsteinpflaster und zwei t\u00fcckischen Steigungen \u2013 verlangte den Athletinnen und Athleten alles ab.<\/p>\n\n\n\n<p>F\u00fcr Westercelle gingen Marion Suchy (W55) und Dr. Volker Dittmar (M65) an den Start \u2013 und besonders Dittmar lieferte ein Rennen, das an Spannung kaum zu \u00fcberbieten war.<\/p>\n\n\n\n<p>Nervenkrimi auf der Zielgeraden<\/p>\n\n\n\n<p>In einem hochklassigen Teilnehmerfeld hielt sich Dittmar von Beginn an stark im Rennen. Doch die Entscheidung fiel erst auf den letzten Metern: Mit einem beherzten, alles riskierenden Endspurt zog er noch an seinem direkten Konkurrenten Christian Breeck (SC Melle) vorbei \u2013 und sicherte sich in 21:42 Minuten den zweiten Platz.<\/p>\n\n\n\n<p>Ein Vizelandesmeistertitel, der hart erk\u00e4mpft war \u2013 und selbst den Routinier \u00fcberraschte. \u201eEndspurts liegen mir eigentlich nicht\u201c, gestand Dittmar nach dem Rennen sichtlich verbl\u00fcfft. Die Belohnung: Urkunde und Podiumsplatz direkt vor dem G\u00f6ttinger Rathaus.<\/p>\n\n\n\n<p>K\u00e4mpferherz wird belohnt<\/p>\n\n\n\n<p>F\u00fcr Marion Suchy verlief das Rennen dagegen zun\u00e4chst alles andere als optimal. Die sonst so erfolgsverw\u00f6hnte L\u00e4uferin hatte mit den besonderen Streckenbedingungen zu k\u00e4mpfen: Die Steigungen, das unruhige Kopfsteinpflaster \u2013 an diesem Tag wollte es einfach nicht rund laufen.<\/p>\n\n\n\n<p>Mit 28:49 Minuten blieb sie deutlich hinter ihren gewohnten Leistungen zur\u00fcck. Umso gr\u00f6\u00dfer die \u00dcberraschung im Ziel: Trotz aller Schwierigkeiten reichte es noch f\u00fcr den dritten Platz in ihrer Altersklasse.<\/p>\n\n\n\n<p>Ein vers\u00f6hnliches Ende eines herausfordernden Wettkampftages \u2013 und ein weiterer Beleg daf\u00fcr, dass beim VFL Westercelle selbst unter schwierigen Bedingungen mit starken Ergebnissen zu rechnen ist.<\/p>\n\n\n\n<p>Text: Frank Scheiger<\/p>\n\n\n\n<p>Foto: privat<\/p>\n\n\n\n<figure class=\"wp-block-gallery has-nested-images columns-default is-cropped wp-block-gallery-1 is-layout-flex wp-block-gallery-is-layout-flex\">\n<figure class=\"wp-block-image size-large\"><img loading=\"lazy\" decoding=\"async\" width=\"1030\" height=\"441\" data-id=\"1668\" src=\"https:\/\/www.vfl-westercelle.de\/tri-rsp\/wp-content\/uploads\/sites\/7\/2026\/03\/IMG_3664-scaled-e1773948429716-1030x441.jpeg\" alt=\"\" class=\"wp-image-1668\" srcset=\"https:\/\/www.vfl-westercelle.de\/tri-rsp\/wp-content\/uploads\/sites\/7\/2026\/03\/IMG_3664-scaled-e1773948429716-1030x441.jpeg 1030w, https:\/\/www.vfl-westercelle.de\/tri-rsp\/wp-content\/uploads\/sites\/7\/2026\/03\/IMG_3664-scaled-e1773948429716-300x128.jpeg 300w, https:\/\/www.vfl-westercelle.de\/tri-rsp\/wp-content\/uploads\/sites\/7\/2026\/03\/IMG_3664-scaled-e1773948429716-768x329.jpeg 768w, https:\/\/www.vfl-westercelle.de\/tri-rsp\/wp-content\/uploads\/sites\/7\/2026\/03\/IMG_3664-scaled-e1773948429716-1536x657.jpeg 1536w, https:\/\/www.vfl-westercelle.de\/tri-rsp\/wp-content\/uploads\/sites\/7\/2026\/03\/IMG_3664-scaled-e1773948429716-1500x642.jpeg 1500w, https:\/\/www.vfl-westercelle.de\/tri-rsp\/wp-content\/uploads\/sites\/7\/2026\/03\/IMG_3664-scaled-e1773948429716-705x302.jpeg 705w, https:\/\/www.vfl-westercelle.de\/tri-rsp\/wp-content\/uploads\/sites\/7\/2026\/03\/IMG_3664-scaled-e1773948429716.jpeg 1655w\" sizes=\"auto, (max-width: 1030px) 100vw, 1030px\" \/><\/figure>\n\n\n\n<figure class=\"wp-block-image size-large\"><a href=\"https:\/\/www.vfl-westercelle.de\/tri-rsp\/wp-content\/uploads\/sites\/7\/2026\/03\/IMG_3664-1-scaled.jpeg\"><img loading=\"lazy\" decoding=\"async\" width=\"773\" height=\"1030\" data-id=\"1669\" src=\"https:\/\/www.vfl-westercelle.de\/tri-rsp\/wp-content\/uploads\/sites\/7\/2026\/03\/IMG_3664-1-773x1030.jpeg\" alt=\"\" class=\"wp-image-1669\" srcset=\"https:\/\/www.vfl-westercelle.de\/tri-rsp\/wp-content\/uploads\/sites\/7\/2026\/03\/IMG_3664-1-773x1030.jpeg 773w, https:\/\/www.vfl-westercelle.de\/tri-rsp\/wp-content\/uploads\/sites\/7\/2026\/03\/IMG_3664-1-225x300.jpeg 225w, https:\/\/www.vfl-westercelle.de\/tri-rsp\/wp-content\/uploads\/sites\/7\/2026\/03\/IMG_3664-1-768x1024.jpeg 768w, https:\/\/www.vfl-westercelle.de\/tri-rsp\/wp-content\/uploads\/sites\/7\/2026\/03\/IMG_3664-1-1152x1536.jpeg 1152w, https:\/\/www.vfl-westercelle.de\/tri-rsp\/wp-content\/uploads\/sites\/7\/2026\/03\/IMG_3664-1-1536x2048.jpeg 1536w, https:\/\/www.vfl-westercelle.de\/tri-rsp\/wp-content\/uploads\/sites\/7\/2026\/03\/IMG_3664-1-1125x1500.jpeg 1125w, https:\/\/www.vfl-westercelle.de\/tri-rsp\/wp-content\/uploads\/sites\/7\/2026\/03\/IMG_3664-1-529x705.jpeg 529w, https:\/\/www.vfl-westercelle.de\/tri-rsp\/wp-content\/uploads\/sites\/7\/2026\/03\/IMG_3664-1-scaled.jpeg 1920w\" sizes=\"auto, (max-width: 773px) 100vw, 773px\" \/><\/a><\/figure>\n<\/figure>\n","protected":false},"excerpt":{"rendered":"<p>Celle\/G\u00f6ttingen Mit nur zwei Startern, aber umso mehr Kampfgeist im Gep\u00e4ck, machte sich die Laufsparte des VFL Westercelle am Sonntag auf den Weg zu den Landesmeisterschaften \u00fcber f\u00fcnf Kilometer Stra\u00dfe in G\u00f6ttingen \u2013 und sorgte dort f\u00fcr beachtliche Ausrufezeichen. Bei k\u00fchlen Temperaturen, grauem Himmel und sp\u00fcrbarem Wind fiel um 12:45 Uhr der Startschuss f\u00fcr die <a class=\"read-more-link\" href=\"https:\/\/www.vfl-westercelle.de\/tri-rsp\/starker-endspurt-sorgt-fuer-vizetitel-vfl-westercelle-trotzt-kaelte-und-konkurrenz\/\">[&#8230; weiterlesen]<\/a><\/p>\n","protected":false},"author":39,"featured_media":1668,"comment_status":"closed","ping_status":"open","sticky":false,"template":"","format":"standard","meta":{"footnotes":""},"categories":[1],"tags":[],"class_list":["post-1673","post","type-post","status-publish","format-standard","has-post-thumbnail","hentry","category-allgemein"],"_links":{"self":[{"href":"https:\/\/www.vfl-westercelle.de\/tri-rsp\/wp-json\/wp\/v2\/posts\/1673","targetHints":{"allow":["GET"]}}],"collection":[{"href":"https:\/\/www.vfl-westercelle.de\/tri-rsp\/wp-json\/wp\/v2\/posts"}],"about":[{"href":"https:\/\/www.vfl-westercelle.de\/tri-rsp\/wp-json\/wp\/v2\/types\/post"}],"author":[{"embeddable":true,"href":"https:\/\/www.vfl-westercelle.de\/tri-rsp\/wp-json\/wp\/v2\/users\/39"}],"replies":[{"embeddable":true,"href":"https:\/\/www.vfl-westercelle.de\/tri-rsp\/wp-json\/wp\/v2\/comments?post=1673"}],"version-history":[{"count":1,"href":"https:\/\/www.vfl-westercelle.de\/tri-rsp\/wp-json\/wp\/v2\/posts\/1673\/revisions"}],"predecessor-version":[{"id":1674,"href":"https:\/\/www.vfl-westercelle.de\/tri-rsp\/wp-json\/wp\/v2\/posts\/1673\/revisions\/1674"}],"wp:featuredmedia":[{"embeddable":true,"href":"https:\/\/www.vfl-westercelle.de\/tri-rsp\/wp-json\/wp\/v2\/media\/1668"}],"wp:attachment":[{"href":"https:\/\/www.vfl-westercelle.de\/tri-rsp\/wp-json\/wp\/v2\/media?parent=1673"}],"wp:term":[{"taxonomy":"category","embeddable":true,"href":"https:\/\/www.vfl-westercelle.de\/tri-rsp\/wp-json\/wp\/v2\/categories?post=1673"},{"taxonomy":"post_tag","embeddable":true,"href":"https:\/\/www.vfl-westercelle.de\/tri-rsp\/wp-json\/wp\/v2\/tags?post=1673"}],"curies":[{"name":"wp","href":"https:\/\/api.w.org\/{rel}","templated":true}]}}