{"id":223,"date":"2017-08-07T19:59:24","date_gmt":"2017-08-07T17:59:24","guid":{"rendered":"http:\/\/www.vfl-westercelle.de\/tri-rsp\/?p=223"},"modified":"2017-08-07T19:59:24","modified_gmt":"2017-08-07T17:59:24","slug":"luebke-verpasst-das-podium-in-leipzig-nur-knapp","status":"publish","type":"post","link":"https:\/\/www.vfl-westercelle.de\/tri-rsp\/luebke-verpasst-das-podium-in-leipzig-nur-knapp\/","title":{"rendered":"L\u00fcbke verpasst das Podium in Leipzig nur knapp"},"content":{"rendered":"<p>Beim Triathlon rund um den Kulkwitzer See im S\u00fcden von Leipzig kommen j\u00e4hrlich weit mehr als 1.000 Starter aus dem In- und Ausland auf der Olympischen und der Sprint-Distanz zusammen. K\u00fcrzlich fand hier nun die 34.Auflage statt. Auf der Sprintdistanz erreichten 432\u00a0 Athleten das Ziel auf dem herrlichen Gr\u00fcn am \u201eKulki\u201c. Unter ihnen auch der Celler Triathlet Thorsten L\u00fcbke vom VfL Westercelle, der sich tags zuvor noch ganz spontan f\u00fcr einen Start in Leipzig entschied, da ihm seine Tochter einen der begehrten Nachr\u00fccker-Startpl\u00e4tze vor Ort organisieren konnte.<\/p>\n<p>V\u00f6llig entspannt und ohne Druck und Zielzeiten ging es dann f\u00fcr L\u00fcbke auch aufgrund der geringen Vorbereitung in den Wettkampf der Sprintdistanz, auf der es galt 550 Meter zu schwimmen, etwa 23 Kilometer Rad zu fahren und 5 Kilometer zu laufen. Gleich in der ersten Disziplin mussten alle Teilnehmer\/innen wegen der angenehmen Wassertemperatur von 24 Grad ohne Neoprenanzug schwimmen, was f\u00fcr schw\u00e4chere Schwimmer ein kleiner Nachteil ist, so auch so h\u00e4ufig f\u00fcr den VfL&#8217;er L\u00fcbke, der seit Mitte Juni ohne Schwimmtraining blieb. Aber aufgrund der kurzen Distanz schafft man das nat\u00fcrlich locker, wenn auch etwas langsamer als voll trainiert.<\/p>\n\n\t\t<style type=\"text\/css\">\n\t\t\t#gallery-1 {\n\t\t\t\tmargin: auto;\n\t\t\t}\n\t\t\t#gallery-1 .gallery-item {\n\t\t\t\tfloat: left;\n\t\t\t\tmargin-top: 10px;\n\t\t\t\ttext-align: center;\n\t\t\t\twidth: 33%;\n\t\t\t}\n\t\t\t#gallery-1 img {\n\t\t\t\tborder: 2px solid #cfcfcf;\n\t\t\t}\n\t\t\t#gallery-1 .gallery-caption {\n\t\t\t\tmargin-left: 0;\n\t\t\t}\n\t\t\t\/* see gallery_shortcode() in wp-includes\/media.php *\/\n\t\t<\/style>\n\t\t<div id='gallery-1' class='gallery galleryid-223 gallery-columns-3 gallery-size-thumbnail'><dl class='gallery-item'>\n\t\t\t<dt class='gallery-icon landscape'>\n\t\t\t\t<a href='https:\/\/www.vfl-westercelle.de\/tri-rsp\/wp-content\/uploads\/sites\/7\/2017\/08\/Leipzig.Meldeb\u00fcro.RotesHaus.22.7.2017..jpg'><img loading=\"lazy\" decoding=\"async\" width=\"80\" height=\"80\" src=\"https:\/\/www.vfl-westercelle.de\/tri-rsp\/wp-content\/uploads\/sites\/7\/2017\/08\/Leipzig.Meldeb\u00fcro.RotesHaus.22.7.2017.-80x80.jpg\" class=\"attachment-thumbnail size-thumbnail\" alt=\"\" aria-describedby=\"gallery-1-232\" srcset=\"https:\/\/www.vfl-westercelle.de\/tri-rsp\/wp-content\/uploads\/sites\/7\/2017\/08\/Leipzig.Meldeb\u00fcro.RotesHaus.22.7.2017.-80x80.jpg 80w, https:\/\/www.vfl-westercelle.de\/tri-rsp\/wp-content\/uploads\/sites\/7\/2017\/08\/Leipzig.Meldeb\u00fcro.RotesHaus.22.7.2017.-36x36.jpg 36w, https:\/\/www.vfl-westercelle.de\/tri-rsp\/wp-content\/uploads\/sites\/7\/2017\/08\/Leipzig.Meldeb\u00fcro.RotesHaus.22.7.2017.-180x180.jpg 180w, https:\/\/www.vfl-westercelle.de\/tri-rsp\/wp-content\/uploads\/sites\/7\/2017\/08\/Leipzig.Meldeb\u00fcro.RotesHaus.22.7.2017.-120x120.jpg 120w, https:\/\/www.vfl-westercelle.de\/tri-rsp\/wp-content\/uploads\/sites\/7\/2017\/08\/Leipzig.Meldeb\u00fcro.RotesHaus.22.7.2017.-450x450.jpg 450w\" sizes=\"auto, (max-width: 80px) 100vw, 80px\" \/><\/a>\n\t\t\t<\/dt>\n\t\t\t\t<dd class='wp-caption-text gallery-caption' id='gallery-1-232'>\n\t\t\t\tLeipzig 2017 &#8211; Meldeb\u00fcro &#8222;Rotes Haus&#8220;\n\t\t\t\t<\/dd><\/dl><dl class='gallery-item'>\n\t\t\t<dt class='gallery-icon landscape'>\n\t\t\t\t<a href='https:\/\/www.vfl-westercelle.de\/tri-rsp\/wp-content\/uploads\/sites\/7\/2017\/08\/Leipzig.Tri_.23.7.2017.Schwimmersammelnsich.1.jpg'><img loading=\"lazy\" decoding=\"async\" width=\"80\" height=\"80\" src=\"https:\/\/www.vfl-westercelle.de\/tri-rsp\/wp-content\/uploads\/sites\/7\/2017\/08\/Leipzig.Tri_.23.7.2017.Schwimmersammelnsich.1-80x80.jpg\" class=\"attachment-thumbnail size-thumbnail\" alt=\"\" aria-describedby=\"gallery-1-230\" srcset=\"https:\/\/www.vfl-westercelle.de\/tri-rsp\/wp-content\/uploads\/sites\/7\/2017\/08\/Leipzig.Tri_.23.7.2017.Schwimmersammelnsich.1-80x80.jpg 80w, https:\/\/www.vfl-westercelle.de\/tri-rsp\/wp-content\/uploads\/sites\/7\/2017\/08\/Leipzig.Tri_.23.7.2017.Schwimmersammelnsich.1-36x36.jpg 36w, https:\/\/www.vfl-westercelle.de\/tri-rsp\/wp-content\/uploads\/sites\/7\/2017\/08\/Leipzig.Tri_.23.7.2017.Schwimmersammelnsich.1-180x180.jpg 180w, https:\/\/www.vfl-westercelle.de\/tri-rsp\/wp-content\/uploads\/sites\/7\/2017\/08\/Leipzig.Tri_.23.7.2017.Schwimmersammelnsich.1-120x120.jpg 120w, https:\/\/www.vfl-westercelle.de\/tri-rsp\/wp-content\/uploads\/sites\/7\/2017\/08\/Leipzig.Tri_.23.7.2017.Schwimmersammelnsich.1-450x450.jpg 450w\" sizes=\"auto, (max-width: 80px) 100vw, 80px\" \/><\/a>\n\t\t\t<\/dt>\n\t\t\t\t<dd class='wp-caption-text gallery-caption' id='gallery-1-230'>\n\t\t\t\tLeipzig 2017 &#8211; Schwimmer sammeln sich\n\t\t\t\t<\/dd><\/dl><dl class='gallery-item'>\n\t\t\t<dt class='gallery-icon portrait'>\n\t\t\t\t<a href='https:\/\/www.vfl-westercelle.de\/tri-rsp\/wp-content\/uploads\/sites\/7\/2017\/08\/Leipzig.Tri_.23.7.2017.Ziel_.-e1502128567756.jpg'><img loading=\"lazy\" decoding=\"async\" width=\"80\" height=\"80\" src=\"https:\/\/www.vfl-westercelle.de\/tri-rsp\/wp-content\/uploads\/sites\/7\/2017\/08\/Leipzig.Tri_.23.7.2017.Ziel_.-e1502128567756-80x80.jpg\" class=\"attachment-thumbnail size-thumbnail\" alt=\"\" aria-describedby=\"gallery-1-229\" srcset=\"https:\/\/www.vfl-westercelle.de\/tri-rsp\/wp-content\/uploads\/sites\/7\/2017\/08\/Leipzig.Tri_.23.7.2017.Ziel_.-e1502128567756-80x80.jpg 80w, https:\/\/www.vfl-westercelle.de\/tri-rsp\/wp-content\/uploads\/sites\/7\/2017\/08\/Leipzig.Tri_.23.7.2017.Ziel_.-e1502128567756-36x36.jpg 36w, https:\/\/www.vfl-westercelle.de\/tri-rsp\/wp-content\/uploads\/sites\/7\/2017\/08\/Leipzig.Tri_.23.7.2017.Ziel_.-e1502128567756-180x180.jpg 180w, https:\/\/www.vfl-westercelle.de\/tri-rsp\/wp-content\/uploads\/sites\/7\/2017\/08\/Leipzig.Tri_.23.7.2017.Ziel_.-e1502128567756-120x120.jpg 120w, https:\/\/www.vfl-westercelle.de\/tri-rsp\/wp-content\/uploads\/sites\/7\/2017\/08\/Leipzig.Tri_.23.7.2017.Ziel_.-e1502128567756-450x450.jpg 450w\" sizes=\"auto, (max-width: 80px) 100vw, 80px\" \/><\/a>\n\t\t\t<\/dt>\n\t\t\t\t<dd class='wp-caption-text gallery-caption' id='gallery-1-229'>\n\t\t\t\tLeipzig 2017 &#8211; Ziel\n\t\t\t\t<\/dd><\/dl><br style=\"clear: both\" \/>\n\t\t<\/div>\n\n<p>So ging es nach einem schnellen Wechsel auf die durchaus schnelle, aber an diesem Tag sehr vom Seitenwind erschwerte Radrundstrecke, die einseitig abgesperrt und zweimal zu fahren war. Bereits auf der ersten Runde wehte der sehr b\u00f6ige Wind 4 Teilnehmer in kurzen Abst\u00e4nden vom Rad. F\u00fcnf Akteure mussten deshalb das Rennen vorzeitig beenden, zwei von ihnen sogar mit dem Notarzt abtransportiert werden. \u201eWenn man so etwas mitbekommt, f\u00e4hrt man anschlie\u00dfend doch etwas vorsichtiger und respektvoller!\u201c so L\u00fcbke. Dennoch sprang eine positive Radzeit heraus, die nochmal f\u00fcr den abschlie\u00dfenden 5 Kilometer Lauf am See motivieren sollte. Angefeuert von etwa 3.000 begeisterten Zuschauern, speziell am Schwimmausstieg und an der Laufstrecke am \u201eKulki\u201c, wurden nochmal einige Reserven mobilisiert. Dass sich L\u00fcbke dann in der Endabrechnung in beachtlichen 1:15,44 Std. noch auf den 4.Platz in der Altersklasse 50 vorschob, immerhin mit<\/p>\n<p>47 Teilnehmern die gr\u00f6\u00dfte Altersgruppe, war schon beachtlich und das Podium au\u00dferdem nur 24 Sekunden entfernt, somit in greifbarer N\u00e4he. \u201eLeider kannte man seine Altersklassen-Konkurrenten nicht, sonst w\u00e4re sicher noch etwas gegangen, aber in Sachsen kenne ich mich in der Triathlon-Szene bisher noch nicht so gut aus!\u201c so L\u00fcbke mit einem Schmunzeln. Der Leipziger Triathlon feiert im n\u00e4chsten Jahr seine 35.Austragung und da werden die Karten neu gemischt. \u201eMal sehen, was da geht, wenn man fit ist und einen richtig guten Tag erwischt,\u201c so L\u00fcbke sehr zufrieden.<\/p>\n","protected":false},"excerpt":{"rendered":"<p>Beim Triathlon rund um den Kulkwitzer See im S\u00fcden von Leipzig kommen j\u00e4hrlich weit mehr als 1.000 Starter aus dem In- und Ausland auf der Olympischen und der Sprint-Distanz zusammen. K\u00fcrzlich fand hier nun die 34.Auflage statt. Auf der Sprintdistanz erreichten 432\u00a0 Athleten das Ziel auf dem herrlichen Gr\u00fcn am \u201eKulki\u201c. Unter ihnen auch der <a class=\"read-more-link\" href=\"https:\/\/www.vfl-westercelle.de\/tri-rsp\/luebke-verpasst-das-podium-in-leipzig-nur-knapp\/\">[&#8230; weiterlesen]<\/a><\/p>\n","protected":false},"author":1,"featured_media":231,"comment_status":"closed","ping_status":"closed","sticky":false,"template":"","format":"standard","meta":{"footnotes":""},"categories":[4],"tags":[],"class_list":["post-223","post","type-post","status-publish","format-standard","has-post-thumbnail","hentry","category-triathlon-radfahren"],"_links":{"self":[{"href":"https:\/\/www.vfl-westercelle.de\/tri-rsp\/wp-json\/wp\/v2\/posts\/223","targetHints":{"allow":["GET"]}}],"collection":[{"href":"https:\/\/www.vfl-westercelle.de\/tri-rsp\/wp-json\/wp\/v2\/posts"}],"about":[{"href":"https:\/\/www.vfl-westercelle.de\/tri-rsp\/wp-json\/wp\/v2\/types\/post"}],"author":[{"embeddable":true,"href":"https:\/\/www.vfl-westercelle.de\/tri-rsp\/wp-json\/wp\/v2\/users\/1"}],"replies":[{"embeddable":true,"href":"https:\/\/www.vfl-westercelle.de\/tri-rsp\/wp-json\/wp\/v2\/comments?post=223"}],"version-history":[{"count":2,"href":"https:\/\/www.vfl-westercelle.de\/tri-rsp\/wp-json\/wp\/v2\/posts\/223\/revisions"}],"predecessor-version":[{"id":233,"href":"https:\/\/www.vfl-westercelle.de\/tri-rsp\/wp-json\/wp\/v2\/posts\/223\/revisions\/233"}],"wp:featuredmedia":[{"embeddable":true,"href":"https:\/\/www.vfl-westercelle.de\/tri-rsp\/wp-json\/wp\/v2\/media\/231"}],"wp:attachment":[{"href":"https:\/\/www.vfl-westercelle.de\/tri-rsp\/wp-json\/wp\/v2\/media?parent=223"}],"wp:term":[{"taxonomy":"category","embeddable":true,"href":"https:\/\/www.vfl-westercelle.de\/tri-rsp\/wp-json\/wp\/v2\/categories?post=223"},{"taxonomy":"post_tag","embeddable":true,"href":"https:\/\/www.vfl-westercelle.de\/tri-rsp\/wp-json\/wp\/v2\/tags?post=223"}],"curies":[{"name":"wp","href":"https:\/\/api.w.org\/{rel}","templated":true}]}}