{"id":53,"date":"2017-01-29T21:18:15","date_gmt":"2017-01-29T20:18:15","guid":{"rendered":"http:\/\/www.vfl-westercelle.de\/tri-rsp\/2017\/01\/29\/nadia-schreiber-und-gerald-sommer-erreichen-beim-37-winser-silvesterlauf-jeweils-den-3-platz\/"},"modified":"2023-03-14T18:33:46","modified_gmt":"2023-03-14T17:33:46","slug":"nadia-schreiber-und-gerald-sommer-erreichen-beim-37-winser-silvesterlauf-jeweils-den-3-platz","status":"publish","type":"post","link":"https:\/\/www.vfl-westercelle.de\/tri-rsp\/nadia-schreiber-und-gerald-sommer-erreichen-beim-37-winser-silvesterlauf-jeweils-den-3-platz\/","title":{"rendered":"Nadia Schreiber und Gerald Sommer erreichen beim 37.Winser Silvesterlauf jeweils den 3.Platz"},"content":{"rendered":"<p>Am letzten Tag des Jahres nutzten auch 2016 wieder viele Laufbegeisterte den traditionellen Silvesterlauf des MTV \u201eFichte\u201c um das Jahr sportlich zu beenden. Bei der 37. Auflage dieser Gro\u00dfveranstaltung in Winsen (Aller) gingen am letzten Nachmittag des Jahres rund 400 L\u00e4ufer auf insgesamt vier Laufstrecken an den Start. Angeboten wurden 1500 (bis 6 Jahre), 3000, 5000 und 10.300 Meter.<\/p>\n<p>Dabei konnten unsere Triathleten noch einmal \u00fcberzeugen und belegten mit Nadia Schreiber bei den Frauen in der Gesamtwertung \u00fcber 5.000 m den 3.Platz, Gerald Sommer gelang \u00fcber die 3.000 m Distanz in der Gesamtwertung der M\u00e4nner ebenfalls der 3. Platz. Thorsten L\u00fcbke startete auf der 5.000 m Distanz und belegte einen Mittelfeldplatz.<\/p>\n<p><em>Auf dem Foto: Nadia Schreiber<\/em><\/p>\n","protected":false},"excerpt":{"rendered":"<p>Am letzten Tag des Jahres nutzten auch 2016 wieder viele Laufbegeisterte den traditionellen Silvesterlauf des MTV \u201eFichte\u201c um das Jahr sportlich zu beenden. Bei der 37. Auflage dieser Gro\u00dfveranstaltung in Winsen (Aller) gingen am letzten Nachmittag des Jahres rund 400 L\u00e4ufer auf insgesamt vier Laufstrecken an den Start. Angeboten wurden 1500 (bis 6 Jahre), 3000, <a class=\"read-more-link\" href=\"https:\/\/www.vfl-westercelle.de\/tri-rsp\/nadia-schreiber-und-gerald-sommer-erreichen-beim-37-winser-silvesterlauf-jeweils-den-3-platz\/\">[&#8230; weiterlesen]<\/a><\/p>\n","protected":false},"author":1,"featured_media":54,"comment_status":"closed","ping_status":"closed","sticky":false,"template":"","format":"standard","meta":{"footnotes":""},"categories":[4],"tags":[],"class_list":["post-53","post","type-post","status-publish","format-standard","has-post-thumbnail","hentry","category-triathlon-radfahren"],"_links":{"self":[{"href":"https:\/\/www.vfl-westercelle.de\/tri-rsp\/wp-json\/wp\/v2\/posts\/53","targetHints":{"allow":["GET"]}}],"collection":[{"href":"https:\/\/www.vfl-westercelle.de\/tri-rsp\/wp-json\/wp\/v2\/posts"}],"about":[{"href":"https:\/\/www.vfl-westercelle.de\/tri-rsp\/wp-json\/wp\/v2\/types\/post"}],"author":[{"embeddable":true,"href":"https:\/\/www.vfl-westercelle.de\/tri-rsp\/wp-json\/wp\/v2\/users\/1"}],"replies":[{"embeddable":true,"href":"https:\/\/www.vfl-westercelle.de\/tri-rsp\/wp-json\/wp\/v2\/comments?post=53"}],"version-history":[{"count":1,"href":"https:\/\/www.vfl-westercelle.de\/tri-rsp\/wp-json\/wp\/v2\/posts\/53\/revisions"}],"predecessor-version":[{"id":912,"href":"https:\/\/www.vfl-westercelle.de\/tri-rsp\/wp-json\/wp\/v2\/posts\/53\/revisions\/912"}],"wp:featuredmedia":[{"embeddable":true,"href":"https:\/\/www.vfl-westercelle.de\/tri-rsp\/wp-json\/wp\/v2\/media\/54"}],"wp:attachment":[{"href":"https:\/\/www.vfl-westercelle.de\/tri-rsp\/wp-json\/wp\/v2\/media?parent=53"}],"wp:term":[{"taxonomy":"category","embeddable":true,"href":"https:\/\/www.vfl-westercelle.de\/tri-rsp\/wp-json\/wp\/v2\/categories?post=53"},{"taxonomy":"post_tag","embeddable":true,"href":"https:\/\/www.vfl-westercelle.de\/tri-rsp\/wp-json\/wp\/v2\/tags?post=53"}],"curies":[{"name":"wp","href":"https:\/\/api.w.org\/{rel}","templated":true}]}}