{"id":59,"date":"2017-05-02T23:19:30","date_gmt":"2017-05-02T21:19:30","guid":{"rendered":"http:\/\/www.vfl-westercelle.de\/tri-rsp\/2017\/05\/02\/schreiber-und-sennhenn-oetken-mit-guten-laufleistungen-in-celle-und-hannover\/"},"modified":"2023-03-14T18:33:45","modified_gmt":"2023-03-14T17:33:45","slug":"schreiber-und-sennhenn-oetken-mit-guten-laufleistungen-in-celle-und-hannover","status":"publish","type":"post","link":"https:\/\/www.vfl-westercelle.de\/tri-rsp\/schreiber-und-sennhenn-oetken-mit-guten-laufleistungen-in-celle-und-hannover\/","title":{"rendered":"Schreiber und Sennhenn-Oetken mit guten Laufleistungen in Celle und Hannover"},"content":{"rendered":"<p>K\u00fcrzlich sorgten Nadia Schreiber beim Celler Wasa Lauf und Achim Sennhenn-Oetken im Rahmen des Hannover Marathons f\u00fcr \u00fcberzeugende Laufleistungen.<br \/>\nNadia \u00fcberquerte beim 5 km-Lauf nach 22:19 min. die Ziellinie auf der Stechbahn und erzielte unter den fast 1.000 Starterinnen einen guten 18.Gesamtplatz bei den Frauen!<br \/>\nUnd Achim konnte sich beim Halbmarathon in Hannover in 1:39,05 Std. \u00fcber eine neue pers\u00f6nliche Bestzeit freuen. Herzlichen Gl\u00fcckwunsch beiden Sportlern.<br \/>\nBei beiden Veranstaltungen sorgten wiedermal viele tausend Zuschauer und auch gute Wetterbedingungen f\u00fcr eine mitrei\u00dfende Atmosph\u00e4re.<\/p>\n<p>(auf den Foto: Achim Sennhenn-Oetken)<\/p>\n","protected":false},"excerpt":{"rendered":"<p>K\u00fcrzlich sorgten Nadia Schreiber beim Celler Wasa Lauf und Achim Sennhenn-Oetken im Rahmen des Hannover Marathons f\u00fcr \u00fcberzeugende Laufleistungen. Nadia \u00fcberquerte beim 5 km-Lauf nach 22:19 min. die Ziellinie auf der Stechbahn und erzielte unter den fast 1.000 Starterinnen einen guten 18.Gesamtplatz bei den Frauen! Und Achim konnte sich beim Halbmarathon in Hannover in 1:39,05 <a class=\"read-more-link\" href=\"https:\/\/www.vfl-westercelle.de\/tri-rsp\/schreiber-und-sennhenn-oetken-mit-guten-laufleistungen-in-celle-und-hannover\/\">[&#8230; weiterlesen]<\/a><\/p>\n","protected":false},"author":1,"featured_media":60,"comment_status":"closed","ping_status":"closed","sticky":false,"template":"","format":"standard","meta":{"footnotes":""},"categories":[4],"tags":[],"class_list":["post-59","post","type-post","status-publish","format-standard","has-post-thumbnail","hentry","category-triathlon-radfahren"],"_links":{"self":[{"href":"https:\/\/www.vfl-westercelle.de\/tri-rsp\/wp-json\/wp\/v2\/posts\/59","targetHints":{"allow":["GET"]}}],"collection":[{"href":"https:\/\/www.vfl-westercelle.de\/tri-rsp\/wp-json\/wp\/v2\/posts"}],"about":[{"href":"https:\/\/www.vfl-westercelle.de\/tri-rsp\/wp-json\/wp\/v2\/types\/post"}],"author":[{"embeddable":true,"href":"https:\/\/www.vfl-westercelle.de\/tri-rsp\/wp-json\/wp\/v2\/users\/1"}],"replies":[{"embeddable":true,"href":"https:\/\/www.vfl-westercelle.de\/tri-rsp\/wp-json\/wp\/v2\/comments?post=59"}],"version-history":[{"count":1,"href":"https:\/\/www.vfl-westercelle.de\/tri-rsp\/wp-json\/wp\/v2\/posts\/59\/revisions"}],"predecessor-version":[{"id":909,"href":"https:\/\/www.vfl-westercelle.de\/tri-rsp\/wp-json\/wp\/v2\/posts\/59\/revisions\/909"}],"wp:featuredmedia":[{"embeddable":true,"href":"https:\/\/www.vfl-westercelle.de\/tri-rsp\/wp-json\/wp\/v2\/media\/60"}],"wp:attachment":[{"href":"https:\/\/www.vfl-westercelle.de\/tri-rsp\/wp-json\/wp\/v2\/media?parent=59"}],"wp:term":[{"taxonomy":"category","embeddable":true,"href":"https:\/\/www.vfl-westercelle.de\/tri-rsp\/wp-json\/wp\/v2\/categories?post=59"},{"taxonomy":"post_tag","embeddable":true,"href":"https:\/\/www.vfl-westercelle.de\/tri-rsp\/wp-json\/wp\/v2\/tags?post=59"}],"curies":[{"name":"wp","href":"https:\/\/api.w.org\/{rel}","templated":true}]}}