{"id":61,"date":"2017-05-22T16:59:23","date_gmt":"2017-05-22T14:59:23","guid":{"rendered":"http:\/\/www.vfl-westercelle.de\/tri-rsp\/2017\/05\/22\/abwechslungsreiche-trainingsfahrt-durch-den-naturpark-suedheide\/"},"modified":"2023-03-14T18:33:45","modified_gmt":"2023-03-14T17:33:45","slug":"abwechslungsreiche-trainingsfahrt-durch-den-naturpark-suedheide","status":"publish","type":"post","link":"https:\/\/www.vfl-westercelle.de\/tri-rsp\/abwechslungsreiche-trainingsfahrt-durch-den-naturpark-suedheide\/","title":{"rendered":"Abwechslungsreiche Trainingsfahrt durch den Naturpark S\u00fcdheide"},"content":{"rendered":"<p>K\u00fcrzlich unternahmen einige Sportler der Radsport-Triathlon-Sparte unter der Leitung von Thorsten L\u00fcbke eine ausgiebige und abwechslungsreiche Trainingsfahrt durch den Naturpark S\u00fcdheide.<br \/>\nGestartet sind die vier Radsportler vom Treffpunkt aus Gro\u00df Hehlen, von dort ging es auf Radwander- und Waldwegen \u00fcber den Buchholzberg Richtung Wittbeck, Feuersch\u00fctzenbostel, Eversen, Hof Boitzen, teilweise die \u00d6rtze im Blick, vorbei zwischen den Oldendorfer Baggerseen, durch das Tiefenthal und die angrenzende Misselhorner Heide und dann am Eicksberg und der Fuhrmannssch\u00e4nke vorbei \u00fcber den Zitronenberg nach Wildeck mit kurzem Halt in Rebberlah an der Esel-Koppel, die sich bereits zu viert auf eine kleine Streicheleinheit und etwas gezupftes L\u00f6wenzahn freuten und neugierig unsere Crossr\u00e4der bestaunten. Nach ein paar Fotos ging es weiter Richtung Wasserwerk Gar\u00dfen \u00fcber Scheuen am Segelflugplatz vorbei Richtung Heimat. Insgesamt sammelten die Teilnehmer in rund 3 Stunden etwas mehr als 70 km mit etwa 600 H\u00f6henmetern, da die S\u00fcdheide doch einige kleinere abwechslungsreiche Anstiege aufweist.<\/p>\n","protected":false},"excerpt":{"rendered":"<p>K\u00fcrzlich unternahmen einige Sportler der Radsport-Triathlon-Sparte unter der Leitung von Thorsten L\u00fcbke eine ausgiebige und abwechslungsreiche Trainingsfahrt durch den Naturpark S\u00fcdheide. Gestartet sind die vier Radsportler vom Treffpunkt aus Gro\u00df Hehlen, von dort ging es auf Radwander- und Waldwegen \u00fcber den Buchholzberg Richtung Wittbeck, Feuersch\u00fctzenbostel, Eversen, Hof Boitzen, teilweise die \u00d6rtze im Blick, vorbei zwischen <a class=\"read-more-link\" href=\"https:\/\/www.vfl-westercelle.de\/tri-rsp\/abwechslungsreiche-trainingsfahrt-durch-den-naturpark-suedheide\/\">[&#8230; weiterlesen]<\/a><\/p>\n","protected":false},"author":1,"featured_media":62,"comment_status":"closed","ping_status":"closed","sticky":false,"template":"","format":"standard","meta":{"footnotes":""},"categories":[4],"tags":[],"class_list":["post-61","post","type-post","status-publish","format-standard","has-post-thumbnail","hentry","category-triathlon-radfahren"],"_links":{"self":[{"href":"https:\/\/www.vfl-westercelle.de\/tri-rsp\/wp-json\/wp\/v2\/posts\/61","targetHints":{"allow":["GET"]}}],"collection":[{"href":"https:\/\/www.vfl-westercelle.de\/tri-rsp\/wp-json\/wp\/v2\/posts"}],"about":[{"href":"https:\/\/www.vfl-westercelle.de\/tri-rsp\/wp-json\/wp\/v2\/types\/post"}],"author":[{"embeddable":true,"href":"https:\/\/www.vfl-westercelle.de\/tri-rsp\/wp-json\/wp\/v2\/users\/1"}],"replies":[{"embeddable":true,"href":"https:\/\/www.vfl-westercelle.de\/tri-rsp\/wp-json\/wp\/v2\/comments?post=61"}],"version-history":[{"count":1,"href":"https:\/\/www.vfl-westercelle.de\/tri-rsp\/wp-json\/wp\/v2\/posts\/61\/revisions"}],"predecessor-version":[{"id":908,"href":"https:\/\/www.vfl-westercelle.de\/tri-rsp\/wp-json\/wp\/v2\/posts\/61\/revisions\/908"}],"wp:featuredmedia":[{"embeddable":true,"href":"https:\/\/www.vfl-westercelle.de\/tri-rsp\/wp-json\/wp\/v2\/media\/62"}],"wp:attachment":[{"href":"https:\/\/www.vfl-westercelle.de\/tri-rsp\/wp-json\/wp\/v2\/media?parent=61"}],"wp:term":[{"taxonomy":"category","embeddable":true,"href":"https:\/\/www.vfl-westercelle.de\/tri-rsp\/wp-json\/wp\/v2\/categories?post=61"},{"taxonomy":"post_tag","embeddable":true,"href":"https:\/\/www.vfl-westercelle.de\/tri-rsp\/wp-json\/wp\/v2\/tags?post=61"}],"curies":[{"name":"wp","href":"https:\/\/api.w.org\/{rel}","templated":true}]}}