{"id":635,"date":"2020-09-16T10:49:56","date_gmt":"2020-09-16T08:49:56","guid":{"rendered":"http:\/\/www.vfl-westercelle.de\/tri-rsp\/?p=635"},"modified":"2021-05-20T17:21:45","modified_gmt":"2021-05-20T15:21:45","slug":"suchy-und-sommer-beim-triathlon-in-oschersleben-auf-dem-podium","status":"publish","type":"post","link":"https:\/\/www.vfl-westercelle.de\/tri-rsp\/suchy-und-sommer-beim-triathlon-in-oschersleben-auf-dem-podium\/","title":{"rendered":"Suchy und Sommer beim Triathlon in Oschersleben auf dem Podium"},"content":{"rendered":"\n<p><strong>Sehr gute Leistungen zeigten die Westerceller Triathleten Marion Suchy mit Platz 2 in der Altersklasse (AK) 50 und Gerald Sommer mit Platz 3 in der AK 60 in Oschersleben.<\/strong><\/p>\n\n\n\n<p>Der Triathlon in Oschersleben war erst der zweite Wettkampf in Deutschland im Corona-Jahr. Dementsprechend stark war das Feld mit Teilnehmern aus 10 Bundesl\u00e4ndern besetzt. \u00dcber 200 Helferinnen und Helfer sorgten trotz der strengen Hygieneregeln f\u00fcr einen reibungslosen Ablauf. Die Stimmung war bei 30 Grad und Sonnenschein auch an den Strecken super. Die Abstandsregeln wurden penibel eingehalten. Der Schwimmstart erfolgte in Wellen im Freibad auf einer 50 Meter Bahn. Gerald Sommer legte die 500 Meter in starken 10:59 min. hin. Marion Suchy lief bereits nach 14:59 min. aus der langen Wechselzone und sprang aufs Triathlon-Bike. Jetzt ging es auf die 31 km Radstrecke, die mit 300 H\u00f6henmeter sehr h\u00fcgelig war. Zudem galt es auf den schnellen und kurvenreichen Abfahrten auf Anraten der Kampfrichter Vorsicht walten zu lassen. \u201eDer Radsprint war schon sehr anstrengend. Jedoch durch viele Ortsfeuerwehren , die Polizei und sehr viele HelferInnen sehr gut abgesichert. Zudem gab es eine Vollsperrung in beide Richtungen. Das war f\u00fcr einen Amateur-Triathlon schon fast einmalig in Deutschland,\u201c zeigte sich Sommer begeistert von der Strecke. Nach 58:26 min. sprang Sommer vom Bike ab und lief mit dem Rad in die Wechselzone. Nachdem Marion Suchy einen top Radsprint hingelegt hatte, lief sie auf die 5,5 km Laufstrecke. \u201eDie ersten 2 Kilometer ging es gleich einen H\u00fcgel hinauf. Das war schon hart bei den Temperaturen,\u201c so eine topfitte Marion Suchy, die nach 1:50,46 Stunden gl\u00fccklich ins Ziel lief. Gerald Sommer ben\u00f6tigte f\u00fcr die Laufstrecke mit guter Renneinteilung 31:01 min. und lief in einer Gesamtzeit von 1:46,09 Stunden freudestrahlend in den Zielkanal. \u201eDas war ein einmaliges Erlebnis in diesem tristen Corona-Jahr,\u201c so Sommer abschlie\u00dfend.<\/p>\n\n\n\n<p>Text: Gerald Sommer<\/p>\n\n\n\n<p>Foto: C. Beddig-Sommer<\/p>\n","protected":false},"excerpt":{"rendered":"<p>Sehr gute Leistungen zeigten die Westerceller Triathleten Marion Suchy mit Platz 2 in der Altersklasse (AK) 50 und Gerald Sommer mit Platz 3 in der AK 60 in Oschersleben. Der Triathlon in Oschersleben war erst der zweite Wettkampf in Deutschland im Corona-Jahr. Dementsprechend stark war das Feld mit Teilnehmern aus 10 Bundesl\u00e4ndern besetzt. \u00dcber 200 <a class=\"read-more-link\" href=\"https:\/\/www.vfl-westercelle.de\/tri-rsp\/suchy-und-sommer-beim-triathlon-in-oschersleben-auf-dem-podium\/\">[&#8230; weiterlesen]<\/a><\/p>\n","protected":false},"author":1,"featured_media":640,"comment_status":"closed","ping_status":"open","sticky":false,"template":"","format":"standard","meta":{"footnotes":""},"categories":[1],"tags":[],"class_list":["post-635","post","type-post","status-publish","format-standard","has-post-thumbnail","hentry","category-allgemein"],"_links":{"self":[{"href":"https:\/\/www.vfl-westercelle.de\/tri-rsp\/wp-json\/wp\/v2\/posts\/635","targetHints":{"allow":["GET"]}}],"collection":[{"href":"https:\/\/www.vfl-westercelle.de\/tri-rsp\/wp-json\/wp\/v2\/posts"}],"about":[{"href":"https:\/\/www.vfl-westercelle.de\/tri-rsp\/wp-json\/wp\/v2\/types\/post"}],"author":[{"embeddable":true,"href":"https:\/\/www.vfl-westercelle.de\/tri-rsp\/wp-json\/wp\/v2\/users\/1"}],"replies":[{"embeddable":true,"href":"https:\/\/www.vfl-westercelle.de\/tri-rsp\/wp-json\/wp\/v2\/comments?post=635"}],"version-history":[{"count":2,"href":"https:\/\/www.vfl-westercelle.de\/tri-rsp\/wp-json\/wp\/v2\/posts\/635\/revisions"}],"predecessor-version":[{"id":642,"href":"https:\/\/www.vfl-westercelle.de\/tri-rsp\/wp-json\/wp\/v2\/posts\/635\/revisions\/642"}],"wp:featuredmedia":[{"embeddable":true,"href":"https:\/\/www.vfl-westercelle.de\/tri-rsp\/wp-json\/wp\/v2\/media\/640"}],"wp:attachment":[{"href":"https:\/\/www.vfl-westercelle.de\/tri-rsp\/wp-json\/wp\/v2\/media?parent=635"}],"wp:term":[{"taxonomy":"category","embeddable":true,"href":"https:\/\/www.vfl-westercelle.de\/tri-rsp\/wp-json\/wp\/v2\/categories?post=635"},{"taxonomy":"post_tag","embeddable":true,"href":"https:\/\/www.vfl-westercelle.de\/tri-rsp\/wp-json\/wp\/v2\/tags?post=635"}],"curies":[{"name":"wp","href":"https:\/\/api.w.org\/{rel}","templated":true}]}}