{"id":643,"date":"2020-09-17T09:59:14","date_gmt":"2020-09-17T07:59:14","guid":{"rendered":"http:\/\/www.vfl-westercelle.de\/tri-rsp\/?p=643"},"modified":"2021-05-20T17:21:44","modified_gmt":"2021-05-20T15:21:44","slug":"radsportler-meistern-anspruchsvolle-harzfahrt-zum-torfhaus","status":"publish","type":"post","link":"https:\/\/www.vfl-westercelle.de\/tri-rsp\/radsportler-meistern-anspruchsvolle-harzfahrt-zum-torfhaus\/","title":{"rendered":"Radsportler meistern anspruchsvolle Harzfahrt zum Torfhaus"},"content":{"rendered":"\n<p>Alle Jahre wieder lockt der Harz mit seinen anspruchsvollen Passagen einige unserer Radsportler zu einer schwei\u00dftreibenden Ausfahrt mit etwa 1.500 H\u00f6henmetern und rasanten Abfahrten an.<\/p>\n\n\n\n<p>Auch in Corona-Zeiten machte sich eine kleine 4er Gruppe vom VfL Westercelle auf. Los ging es f\u00fcr Knud, Hasko und Thorsten aus Celle und Andreas vom Arendsee in der Fr\u00fch um 7.30 Uhr, um dann am Treffpunkt vom Parkplatz an der Trabrennbahn in Bad Harzburg gemeinsam eine rund 80 Kilometer Stra\u00dfentrainingseinheit \u00fcber Goslar, Kreuzeck, an Hahnenklee vorbei, Lautenthal runter kachelnd und wieder raufkletternd, \u00fcber Zellerfeld, Oberschulenberg hoch, an der Okertalsperre vorbei, Gemkenthal, dann den finalen 7 km Anstieg ab Altenau zum Torfhaus jeder in seinem Tempo hoch krackselnd. Dann schnell Fotos gemacht und ab ging es die Abfahrt auf der Hauptstra\u00dfe hinunter mit Tempo 70 km\/h plus in Richtung&nbsp; Bad Harzburg zur\u00fcck.&nbsp;Dort zusammen schnell ein leckeres Eis als kleine Belohnung f\u00fcr die nette Bergfahrttrainingseinheit eingesogen und ab zu den Autos um wieder heimw\u00e4rts zu fahren. Das Wetter spielte hervorragend mit, fast schon etwas zu warm, daher sehr schwei\u00dftreibend. Unangenehm war diesmal leider der teilweise sehr&nbsp; starke Auto- und&nbsp; Motorradverkehr! Aber damit muss man leben und sich drauf einstellen. So fuhren wir lieber etwas defensiver und gingen kein gro\u00dfes Risiko an kurvigen Abfahrten ein und kamen Gott sei Dank ohne Probleme und Zwischenf\u00e4lle \u00fcber den Kurs.&nbsp;Allen Teilnehmern hat es wieder riesigen Spa\u00df gemacht, sodass man bereits die n\u00e4chste gemeinsame Ausfahrt in den Harz ins Auge fasst.<\/p>\n\n\n\n<div class=\"wp-block-group\"><div class=\"wp-block-group__inner-container is-layout-flow wp-block-group-is-layout-flow\">\n<figure class=\"wp-block-gallery columns-1 is-cropped wp-block-gallery-1 is-layout-flex wp-block-gallery-is-layout-flex\"><ul class=\"blocks-gallery-grid\"><li class=\"blocks-gallery-item\"><figure><img loading=\"lazy\" decoding=\"async\" width=\"1030\" height=\"386\" src=\"http:\/\/www.vfl-westercelle.de\/tri-rsp\/wp-content\/uploads\/sites\/7\/2020\/09\/Harzfahrt.Sommer2020.5-1-scaled-e1600329990669-1030x386.jpg\" alt=\"\" data-id=\"648\" data-full-url=\"http:\/\/www.vfl-westercelle.de\/tri-rsp\/wp-content\/uploads\/sites\/7\/2020\/09\/Harzfahrt.Sommer2020.5-1-scaled-e1600329990669.jpg\" data-link=\"http:\/\/www.vfl-westercelle.de\/tri-rsp\/2020\/09\/17\/radsportler-meistern-anspruchsvolle-harzfahrt-zum-torfhaus\/harzfahrt-sommer2020-5-1\/\" class=\"wp-image-648\" srcset=\"https:\/\/www.vfl-westercelle.de\/tri-rsp\/wp-content\/uploads\/sites\/7\/2020\/09\/Harzfahrt.Sommer2020.5-1-scaled-e1600329990669-1030x386.jpg 1030w, https:\/\/www.vfl-westercelle.de\/tri-rsp\/wp-content\/uploads\/sites\/7\/2020\/09\/Harzfahrt.Sommer2020.5-1-scaled-e1600329990669-300x113.jpg 300w, https:\/\/www.vfl-westercelle.de\/tri-rsp\/wp-content\/uploads\/sites\/7\/2020\/09\/Harzfahrt.Sommer2020.5-1-scaled-e1600329990669-768x288.jpg 768w, https:\/\/www.vfl-westercelle.de\/tri-rsp\/wp-content\/uploads\/sites\/7\/2020\/09\/Harzfahrt.Sommer2020.5-1-scaled-e1600329990669-1536x576.jpg 1536w, https:\/\/www.vfl-westercelle.de\/tri-rsp\/wp-content\/uploads\/sites\/7\/2020\/09\/Harzfahrt.Sommer2020.5-1-scaled-e1600329990669-2048x768.jpg 2048w, https:\/\/www.vfl-westercelle.de\/tri-rsp\/wp-content\/uploads\/sites\/7\/2020\/09\/Harzfahrt.Sommer2020.5-1-scaled-e1600329990669-1500x563.jpg 1500w, https:\/\/www.vfl-westercelle.de\/tri-rsp\/wp-content\/uploads\/sites\/7\/2020\/09\/Harzfahrt.Sommer2020.5-1-scaled-e1600329990669-705x264.jpg 705w\" sizes=\"auto, (max-width: 1030px) 100vw, 1030px\" \/><\/figure><\/li><\/ul><\/figure>\n<\/div><\/div>\n\n\n\n<p><\/p>\n","protected":false},"excerpt":{"rendered":"<p>Alle Jahre wieder lockt der Harz mit seinen anspruchsvollen Passagen einige unserer Radsportler zu einer schwei\u00dftreibenden Ausfahrt mit etwa 1.500 H\u00f6henmetern und rasanten Abfahrten an. Auch in Corona-Zeiten machte sich eine kleine 4er Gruppe vom VfL Westercelle auf. Los ging es f\u00fcr Knud, Hasko und Thorsten aus Celle und Andreas vom Arendsee in der Fr\u00fch <a class=\"read-more-link\" href=\"https:\/\/www.vfl-westercelle.de\/tri-rsp\/radsportler-meistern-anspruchsvolle-harzfahrt-zum-torfhaus\/\">[&#8230; weiterlesen]<\/a><\/p>\n","protected":false},"author":1,"featured_media":645,"comment_status":"closed","ping_status":"open","sticky":false,"template":"","format":"standard","meta":{"footnotes":""},"categories":[1],"tags":[],"class_list":["post-643","post","type-post","status-publish","format-standard","has-post-thumbnail","hentry","category-allgemein"],"_links":{"self":[{"href":"https:\/\/www.vfl-westercelle.de\/tri-rsp\/wp-json\/wp\/v2\/posts\/643","targetHints":{"allow":["GET"]}}],"collection":[{"href":"https:\/\/www.vfl-westercelle.de\/tri-rsp\/wp-json\/wp\/v2\/posts"}],"about":[{"href":"https:\/\/www.vfl-westercelle.de\/tri-rsp\/wp-json\/wp\/v2\/types\/post"}],"author":[{"embeddable":true,"href":"https:\/\/www.vfl-westercelle.de\/tri-rsp\/wp-json\/wp\/v2\/users\/1"}],"replies":[{"embeddable":true,"href":"https:\/\/www.vfl-westercelle.de\/tri-rsp\/wp-json\/wp\/v2\/comments?post=643"}],"version-history":[{"count":5,"href":"https:\/\/www.vfl-westercelle.de\/tri-rsp\/wp-json\/wp\/v2\/posts\/643\/revisions"}],"predecessor-version":[{"id":652,"href":"https:\/\/www.vfl-westercelle.de\/tri-rsp\/wp-json\/wp\/v2\/posts\/643\/revisions\/652"}],"wp:featuredmedia":[{"embeddable":true,"href":"https:\/\/www.vfl-westercelle.de\/tri-rsp\/wp-json\/wp\/v2\/media\/645"}],"wp:attachment":[{"href":"https:\/\/www.vfl-westercelle.de\/tri-rsp\/wp-json\/wp\/v2\/media?parent=643"}],"wp:term":[{"taxonomy":"category","embeddable":true,"href":"https:\/\/www.vfl-westercelle.de\/tri-rsp\/wp-json\/wp\/v2\/categories?post=643"},{"taxonomy":"post_tag","embeddable":true,"href":"https:\/\/www.vfl-westercelle.de\/tri-rsp\/wp-json\/wp\/v2\/tags?post=643"}],"curies":[{"name":"wp","href":"https:\/\/api.w.org\/{rel}","templated":true}]}}