{"id":653,"date":"2020-09-22T10:25:01","date_gmt":"2020-09-22T08:25:01","guid":{"rendered":"http:\/\/www.vfl-westercelle.de\/tri-rsp\/?p=653"},"modified":"2021-05-20T17:21:44","modified_gmt":"2021-05-20T15:21:44","slug":"radsportspektakel-in-beckedorf-mit-krassen-streckenrekorden","status":"publish","type":"post","link":"https:\/\/www.vfl-westercelle.de\/tri-rsp\/radsportspektakel-in-beckedorf-mit-krassen-streckenrekorden\/","title":{"rendered":"Radsportspektakel in Beckedorf mit krassen Streckenrekorden"},"content":{"rendered":"<section  class='av_textblock_section av-kfdoxs3h-5d61bd141f521765b452d4e460488fa6 '   itemscope=\"itemscope\" itemtype=\"https:\/\/schema.org\/BlogPosting\" itemprop=\"blogPost\" ><div class='avia_textblock'  itemprop=\"text\" ><p>Was f\u00fcr ein Einzelzeitfahr-Spektakel wurde am Wochenende im beschaulichen Beckedorf geboten.\u00a0In Zeiten der aktuell stattfindenden Tour de France, brannten im Kreis Celle die Amateurfahrer ein wahres\u00a0 Feuerwerk ab.\u00a0 Das war Radrennsport vom Feinsten mit Spitzenfahrern, oder wie Insider der Szene sagen: mit fitten Hei\u00dfd\u00fcsen, siehe den Link vom Blog <a href=\"www.derbaranski.de\">www.derbaranski.de<\/a>!<\/p>\n<p>Zwischen Beckedorf und Eschede ging im wahrsten Sinne, unter Teilnahme einer kleinen, aber fachkundigen und enthusiastisch anfeuernden Zuschauerkulisse, die Post ab. Radrennsportler aus 8 Bundesl\u00e4ndern trafen sich auf Einladung des VfL Westercelle Radsport- und Triathlon-Abteilung unterm Kastanienbaum am M\u00fchlenweg in Beckedorf, was seit\u00a0 Jahrzehnten Tradition hat, zuvor beim Celler Velo Club, dann beim TuS Celle 92 und nun beim VfL Westercelle. Dass die 5.Offene Vereinsmeisterschaft im 30 km Einzelzeitfahren mit Gleichgesinnten aus befreundeten Vereinen unter besonderen Auflagen, aber quasi zur Masters-WM oder DM mutierte, hatte in diesem Jahr zwei Gr\u00fcnde: 1. in\u00a0 Coronazeiten sind so gut wie alle Sportveranstaltungen aufgrund der hohen Hygieneauflagen in 2020 abgesagt worden. 2. es war ein letzter Formtest f\u00fcr Spitzenfahrer, die nochmal Material und Konkurrenz testen wollten.<\/p>\n<p>Also ein letztes Mal vorher die Klingen kreuzen, bevor es am kommenden Wochenende beim\u00a0&#8222;King of the Lake&#8220;, dem Weltpokal am Attersee in \u00d6sterreich, richtig zur Sache und um die begehrten Podestpl\u00e4tze und Troph\u00e4en geht.\u00a0 Der VfL Westercelle und sein kleines Organisationsteam hatten bestens vorgesorgt und konnten mit einem entsprechenden Sicherheits- konzept aufwarten.\u00a0Es gab ein Teilnehmerlimit\u00a0 mit maximal erlaubten 50 Startern,\u00a0 dass auch schon nach kurzer Zeit ausgebucht war. Dass aber Teilnehmer\/innen aus 8 Bundes- l\u00e4ndern an den Start gingen, damit hat man nun wirklich nicht gerechnet und dass die Qualit\u00e4t so hoch sein w\u00fcrde, erst recht nicht. Teilnehmer wie Michael Kopf (Jenatec LAWI Cycling Masters Team), Tino Beck (Maxim Magdeburg) oder Marcus Baranski (RG Hamburg) gaben ihr Stelldichein. Die beiden Letztgenannten \u00fcbrigens schon Weltpokalsieger der letzten Jahre beim legend\u00e4ren &#8222;King of the Lake&#8220;!\u00a0Aber auch die Vorjahressieger Michael Schmidt (SW TuS Enzen) und Benjamin Passler (Grebser Cycling Team) wollten ein W\u00f6rtchen um den Sieg mitreden! Hinzu kamen weitere Fahrer aus Th\u00fcringen, NRW, Bremen und Sachsen. Auch drei Franzosen vom Team Tiger\/DFAT gingen an den Start und wurden\u00a0 von ihren Familienmitgliedern begeistert unterst\u00fctzt. Wacker schlugen sich auch die weiteren Teilnehmer aus dem Landkreis und Stadt Celle. Den Sieg machten aber die zuvor favorisierten Spitzenfahrer der Szene unter sich aus. Bei den M\u00e4nnern siegte Michael Kopf in unglaublichen\u00a0 37:02 min. vor Marcus Baranski in 37:35 min. und Tino Beck in 37:46 min. und dem Vorjahressieger Benjamin Passler in 38:48 min. Tino Beck dazu: &#8222;Was war das heute, eine Master TT WM, DM eines der angesagtesten Zeitfahren 47 Schnitt hin und zur\u00fcck Strecke 30 km Platz 3. Hm nix davon, es war die Vereinsmeisterschaft eines Radvereins in der S\u00fcdheide, die mit Sicherheit mal richtig gut besetzt war. Eine sehr sch\u00f6ne Veranstaltung, die mit Herzblut durchgef\u00fchrt wird, danke, da\u00df war bestimmt nicht mein letzter Besuch in der N\u00e4he von Celle!&#8220; Oder was schreibt der Sieger Micha Kopf bei Facebook: &#8222;Bei dem Wind von gestern m\u00fcssen beim King am See die Steigungen am Berg aber noch ausgebaut werden.&#8220; In der Tat, der Wind war diesmal nicht unbedingt der Freund der Teilnehmer\/innen!\u00a0 Dennoch blieben alle vier unter dem alten Streckenrekord von 39:23 min., Wahnsinn! Auch die Pl\u00e4tze 5-7 blieben noch unter der Schallmauer von 40:00 min. Der Optimierer Felix Block (Porta Westfalica) verbesserte sich auf 39:28 min. und auch J\u00f6rg Pacher (Jenatec LAWI Cycling Masters Team) kommt rechtzeitig zum Saisonh\u00f6hepunkt mit 39:29 min. m\u00e4chtig in Fahrt, sowie Dario Wildmann (RC Sprintax Bielefeld) in 39:41 min.!<\/p>\n<p>Dass man auch in h\u00f6herem Alter noch sehr schnell fahren kann, das bewiesen Heinz Koslowski mit 63 Jahren vom Marathonclub Walsrode in 43:38 min. oder der 71 j\u00e4hrige Theodor Block (Porta Westfalica) in 44:35 min. und unser 68 j\u00e4hrige VfLer Michael Brockmann in 49:24 min. eindrucksvoll.\u00a0Den internen Titel der Vereinsmeisterschaft sicherte sich S\u00f6ren Tanke in ausgezeichneten\u00a042:15 min. vor Paul Stelter in 44:00 min. und Andreas Harloff in 47:56 min.!<\/p>\n<p>Bei den Frauen brannte Susan Tschirschke (RC Sprintax Biekefeld) in 48:15 min. einen neuen Streckenrekord in den Asphalt. F\u00fcr beide Streckenrekorde hat die AXA-Vertretung, Stefan G\u00fcnther eine Pr\u00e4mie ausgelobt.\u00a0 Auch die BKK-Mobil Oil unterst\u00fctzte die Veranstaltung dankenswerterweise erneut mit Sachpreisen. F\u00fcr die Sicherheit auf der Radstrecke sorgte erstmals der Motorradclub Knieschleifer Ortsgruppe Celle mit 8 Fahrern um Frank Scheiger und sie lieferten einen hervorragenden Dienst ab. Marcus Baranski dazu: &#8222;Grunds\u00e4tzlich nie so geil: fahren im flie\u00dfenden Verkehr und eine Allee mit viel Licht und Schatten. Die Jungs um Thorsten hatten aber dran gedacht und was auf die Beine gestellt, das dann wieder was hatte: eine Motorradgang, die vor jedem vierten Fahrer mit Warnweste und -blinker fuhr und alle anderen Verkehrsteilnehmer sagen wir mal sensibilisierte, was da gleich kommen w\u00fcrde. Gute Sache sowas und danke daf\u00fcr.&#8220;\u00a0F\u00fcr Teilnehmer Stefan B\u00e4dermann (TuS Hermannsburg), eigentlich L\u00e4ufer, war das EZF ganz was Neues und er war sichtlich begeistert: &#8222;Tolle Organisation und unfassbar schnelle Zeiten.&#8220; Ganz vielen Dank sagen wir an Christiane und Jessi f\u00fcr die Startnummernausgabe, Zeitnahme und Ergebniserstellung, sowie Volker f\u00fcr die \u00dcberwachung der Corona-Hygieneregeln rund um die Veranstaltung. Einen kleinen Wermutstropfen gab es aber dennoch. Viele Fahrer freuten sich auf\u00a0 einen professionellen Fotografen, der dieses hochkar\u00e4tige Radsportspektakel auf die Linse nehmen sollte. Leider kam er trotz gemachter Zusage widererwarten nicht. Und Ulrike Oetken stand diesmal,\u00a0\u00a0\u00a0\u00a0 lange vorher abgemeldet, nicht zur Verf\u00fcgung, da sie anderweitig unterwegs war. Ihre Top-Shots wurden schmerzlich vermisst. So mussten die Optimierer auf ihre hochwertigen und beliebten Bilder in diesem Jahr verzichten, schade. Aber vielleicht in 2021 auf ein Neues!\u00a0 Fazit: die Teilnehmer lobten das Event bisher mit ausschlie\u00dflich positivem Feedback. Das sieht ganz nach einer weiteren Austragung in 2021 aus. &#8222;Vielleicht dann sogar erstmals mit einer komplett abgesperrten Radstrecke\u00a0 und einer Zeitfahr-Startrampe. Diese ultraschnelle Strecke b\u00f6te sich auch f\u00f6rmlich f\u00fcr Landes- und Deutsche Meisterschaften an&#8220;, so ein motivierter Organisator Thorsten L\u00fcbke.<\/p>\n<p>Text: Thorsten L\u00fcbke<\/p>\n<p>Fotos: J\u00f6rg Pacher (2020, Siegerehrung) und Ulrike Oetken (2019, Benjamin Passler auf der Strecke)<\/p>\n<\/div><\/section>\n\n<style type=\"text\/css\" data-created_by=\"avia_inline_auto\" id=\"style-css-av-kfdozlzz-66e15686543a9c4fcc972bae125b06de\">\n#top .avia-gallery.av-kfdozlzz-66e15686543a9c4fcc972bae125b06de .avia-gallery-thumb a{\nwidth:20%;\n}\n<\/style>\n<div  class='avia-gallery av-kfdozlzz-66e15686543a9c4fcc972bae125b06de avia_animate_when_visible  avia-builder-el-1  el_after_av_textblock  el_before_av_textblock  avia_lazyload avia-gallery-animate avia-gallery-1'  itemprop=\"image\" itemscope=\"itemscope\" itemtype=\"https:\/\/schema.org\/ImageObject\" ><meta itemprop=\"contentURL\" content=\"https:\/\/www.vfl-westercelle.de\/tri-rsp\/radsportspektakel-in-beckedorf-mit-krassen-streckenrekorden\/\"><div class='avia-gallery-thumb'><a href=\"https:\/\/www.vfl-westercelle.de\/tri-rsp\/wp-content\/uploads\/sites\/7\/2020\/09\/Bekedorf-II-1030x687.jpg\" data-srcset=\"https:\/\/www.vfl-westercelle.de\/tri-rsp\/wp-content\/uploads\/sites\/7\/2020\/09\/Bekedorf-II-1030x687.jpg 1030w, https:\/\/www.vfl-westercelle.de\/tri-rsp\/wp-content\/uploads\/sites\/7\/2020\/09\/Bekedorf-II-300x200.jpg 300w, https:\/\/www.vfl-westercelle.de\/tri-rsp\/wp-content\/uploads\/sites\/7\/2020\/09\/Bekedorf-II-768x512.jpg 768w, https:\/\/www.vfl-westercelle.de\/tri-rsp\/wp-content\/uploads\/sites\/7\/2020\/09\/Bekedorf-II-705x470.jpg 705w, https:\/\/www.vfl-westercelle.de\/tri-rsp\/wp-content\/uploads\/sites\/7\/2020\/09\/Bekedorf-II.jpg 1080w\" data-sizes=\"(max-width: 1030px) 100vw, 1030px\" data-rel='gallery-1' data-prev-img='https:\/\/www.vfl-westercelle.de\/tri-rsp\/wp-content\/uploads\/sites\/7\/2020\/09\/Bekedorf-II-495x400.jpg' class='first_thumb lightbox ' data-onclick='1' title='Bekedorf II'  itemprop=\"thumbnailUrl\"  ><img decoding=\"async\" fetchpriority=\"high\" class=\"wp-image-655 avia-img-lazy-loading-not-655\"   src=\"https:\/\/www.vfl-westercelle.de\/tri-rsp\/wp-content\/uploads\/sites\/7\/2020\/09\/Bekedorf-II-495x400.jpg\" width=\"495\" height=\"400\"  title='Bekedorf II' alt='' srcset=\"https:\/\/www.vfl-westercelle.de\/tri-rsp\/wp-content\/uploads\/sites\/7\/2020\/09\/Bekedorf-II-495x400.jpg 495w, https:\/\/www.vfl-westercelle.de\/tri-rsp\/wp-content\/uploads\/sites\/7\/2020\/09\/Bekedorf-II-845x684.jpg 845w\" sizes=\"(max-width: 495px) 100vw, 495px\" \/><div class='big-prev-fake'><img decoding=\"async\" loading=\"lazy\" class=\"wp-image-655 avia-img-lazy-loading-655\"  width=\"495\" height=\"400\" src=\"https:\/\/www.vfl-westercelle.de\/tri-rsp\/wp-content\/uploads\/sites\/7\/2020\/09\/Bekedorf-II-495x400.jpg\" title='Bekedorf II' alt='' srcset=\"https:\/\/www.vfl-westercelle.de\/tri-rsp\/wp-content\/uploads\/sites\/7\/2020\/09\/Bekedorf-II-495x400.jpg 495w, https:\/\/www.vfl-westercelle.de\/tri-rsp\/wp-content\/uploads\/sites\/7\/2020\/09\/Bekedorf-II-845x684.jpg 845w\" sizes=\"auto, (max-width: 495px) 100vw, 495px\" \/><\/div><\/a><a href=\"https:\/\/www.vfl-westercelle.de\/tri-rsp\/wp-content\/uploads\/sites\/7\/2020\/09\/Bekedorf-III-1030x687.jpg\" data-srcset=\"https:\/\/www.vfl-westercelle.de\/tri-rsp\/wp-content\/uploads\/sites\/7\/2020\/09\/Bekedorf-III-1030x687.jpg 1030w, https:\/\/www.vfl-westercelle.de\/tri-rsp\/wp-content\/uploads\/sites\/7\/2020\/09\/Bekedorf-III-300x200.jpg 300w, https:\/\/www.vfl-westercelle.de\/tri-rsp\/wp-content\/uploads\/sites\/7\/2020\/09\/Bekedorf-III-768x512.jpg 768w, https:\/\/www.vfl-westercelle.de\/tri-rsp\/wp-content\/uploads\/sites\/7\/2020\/09\/Bekedorf-III-705x470.jpg 705w, https:\/\/www.vfl-westercelle.de\/tri-rsp\/wp-content\/uploads\/sites\/7\/2020\/09\/Bekedorf-III.jpg 1080w\" data-sizes=\"(max-width: 1030px) 100vw, 1030px\" data-rel='gallery-1' data-prev-img='https:\/\/www.vfl-westercelle.de\/tri-rsp\/wp-content\/uploads\/sites\/7\/2020\/09\/Bekedorf-III-495x400.jpg' class='lightbox ' data-onclick='2' title='Bekedorf III'  itemprop=\"thumbnailUrl\"  ><img decoding=\"async\" fetchpriority=\"high\" class=\"wp-image-656 avia-img-lazy-loading-not-656\"   src=\"https:\/\/www.vfl-westercelle.de\/tri-rsp\/wp-content\/uploads\/sites\/7\/2020\/09\/Bekedorf-III-495x400.jpg\" width=\"495\" height=\"400\"  title='Bekedorf III' alt='' srcset=\"https:\/\/www.vfl-westercelle.de\/tri-rsp\/wp-content\/uploads\/sites\/7\/2020\/09\/Bekedorf-III-495x400.jpg 495w, https:\/\/www.vfl-westercelle.de\/tri-rsp\/wp-content\/uploads\/sites\/7\/2020\/09\/Bekedorf-III-845x684.jpg 845w\" sizes=\"(max-width: 495px) 100vw, 495px\" \/><div class='big-prev-fake'><img decoding=\"async\" loading=\"lazy\" class=\"wp-image-656 avia-img-lazy-loading-656\"  width=\"495\" height=\"400\" src=\"https:\/\/www.vfl-westercelle.de\/tri-rsp\/wp-content\/uploads\/sites\/7\/2020\/09\/Bekedorf-III-495x400.jpg\" title='Bekedorf III' alt='' srcset=\"https:\/\/www.vfl-westercelle.de\/tri-rsp\/wp-content\/uploads\/sites\/7\/2020\/09\/Bekedorf-III-495x400.jpg 495w, https:\/\/www.vfl-westercelle.de\/tri-rsp\/wp-content\/uploads\/sites\/7\/2020\/09\/Bekedorf-III-845x684.jpg 845w\" sizes=\"auto, (max-width: 495px) 100vw, 495px\" \/><\/div><\/a><a href=\"https:\/\/www.vfl-westercelle.de\/tri-rsp\/wp-content\/uploads\/sites\/7\/2020\/09\/Bekedorf-IIII-1030x687.jpg\" data-srcset=\"https:\/\/www.vfl-westercelle.de\/tri-rsp\/wp-content\/uploads\/sites\/7\/2020\/09\/Bekedorf-IIII-1030x687.jpg 1030w, https:\/\/www.vfl-westercelle.de\/tri-rsp\/wp-content\/uploads\/sites\/7\/2020\/09\/Bekedorf-IIII-300x200.jpg 300w, https:\/\/www.vfl-westercelle.de\/tri-rsp\/wp-content\/uploads\/sites\/7\/2020\/09\/Bekedorf-IIII-768x512.jpg 768w, https:\/\/www.vfl-westercelle.de\/tri-rsp\/wp-content\/uploads\/sites\/7\/2020\/09\/Bekedorf-IIII-705x470.jpg 705w, https:\/\/www.vfl-westercelle.de\/tri-rsp\/wp-content\/uploads\/sites\/7\/2020\/09\/Bekedorf-IIII.jpg 1080w\" data-sizes=\"(max-width: 1030px) 100vw, 1030px\" data-rel='gallery-1' data-prev-img='https:\/\/www.vfl-westercelle.de\/tri-rsp\/wp-content\/uploads\/sites\/7\/2020\/09\/Bekedorf-IIII-495x400.jpg' class='lightbox ' data-onclick='3' title='Bekedorf IIII'  itemprop=\"thumbnailUrl\"  ><img decoding=\"async\" fetchpriority=\"high\" class=\"wp-image-657 avia-img-lazy-loading-not-657\"   src=\"https:\/\/www.vfl-westercelle.de\/tri-rsp\/wp-content\/uploads\/sites\/7\/2020\/09\/Bekedorf-IIII-495x400.jpg\" width=\"495\" height=\"400\"  title='Bekedorf IIII' alt='' srcset=\"https:\/\/www.vfl-westercelle.de\/tri-rsp\/wp-content\/uploads\/sites\/7\/2020\/09\/Bekedorf-IIII-495x400.jpg 495w, https:\/\/www.vfl-westercelle.de\/tri-rsp\/wp-content\/uploads\/sites\/7\/2020\/09\/Bekedorf-IIII-845x684.jpg 845w\" sizes=\"(max-width: 495px) 100vw, 495px\" \/><div class='big-prev-fake'><img decoding=\"async\" loading=\"lazy\" class=\"wp-image-657 avia-img-lazy-loading-657\"  width=\"495\" height=\"400\" src=\"https:\/\/www.vfl-westercelle.de\/tri-rsp\/wp-content\/uploads\/sites\/7\/2020\/09\/Bekedorf-IIII-495x400.jpg\" title='Bekedorf IIII' alt='' srcset=\"https:\/\/www.vfl-westercelle.de\/tri-rsp\/wp-content\/uploads\/sites\/7\/2020\/09\/Bekedorf-IIII-495x400.jpg 495w, https:\/\/www.vfl-westercelle.de\/tri-rsp\/wp-content\/uploads\/sites\/7\/2020\/09\/Bekedorf-IIII-845x684.jpg 845w\" sizes=\"auto, (max-width: 495px) 100vw, 495px\" \/><\/div><\/a><a href=\"https:\/\/www.vfl-westercelle.de\/tri-rsp\/wp-content\/uploads\/sites\/7\/2020\/09\/Bekedorf-V-1030x773.jpg\" data-srcset=\"https:\/\/www.vfl-westercelle.de\/tri-rsp\/wp-content\/uploads\/sites\/7\/2020\/09\/Bekedorf-V-1030x773.jpg 1030w, https:\/\/www.vfl-westercelle.de\/tri-rsp\/wp-content\/uploads\/sites\/7\/2020\/09\/Bekedorf-V-300x225.jpg 300w, https:\/\/www.vfl-westercelle.de\/tri-rsp\/wp-content\/uploads\/sites\/7\/2020\/09\/Bekedorf-V-768x576.jpg 768w, https:\/\/www.vfl-westercelle.de\/tri-rsp\/wp-content\/uploads\/sites\/7\/2020\/09\/Bekedorf-V-1536x1152.jpg 1536w, https:\/\/www.vfl-westercelle.de\/tri-rsp\/wp-content\/uploads\/sites\/7\/2020\/09\/Bekedorf-V-1500x1125.jpg 1500w, https:\/\/www.vfl-westercelle.de\/tri-rsp\/wp-content\/uploads\/sites\/7\/2020\/09\/Bekedorf-V-705x529.jpg 705w, https:\/\/www.vfl-westercelle.de\/tri-rsp\/wp-content\/uploads\/sites\/7\/2020\/09\/Bekedorf-V.jpg 1600w\" data-sizes=\"(max-width: 1030px) 100vw, 1030px\" data-rel='gallery-1' data-prev-img='https:\/\/www.vfl-westercelle.de\/tri-rsp\/wp-content\/uploads\/sites\/7\/2020\/09\/Bekedorf-V-495x400.jpg' class='lightbox ' data-onclick='4' title='Bekedorf V'  itemprop=\"thumbnailUrl\"  ><img decoding=\"async\" fetchpriority=\"high\" class=\"wp-image-658 avia-img-lazy-loading-not-658\"   src=\"https:\/\/www.vfl-westercelle.de\/tri-rsp\/wp-content\/uploads\/sites\/7\/2020\/09\/Bekedorf-V-495x400.jpg\" width=\"495\" height=\"400\"  title='Bekedorf V' alt='' srcset=\"https:\/\/www.vfl-westercelle.de\/tri-rsp\/wp-content\/uploads\/sites\/7\/2020\/09\/Bekedorf-V-495x400.jpg 495w, https:\/\/www.vfl-westercelle.de\/tri-rsp\/wp-content\/uploads\/sites\/7\/2020\/09\/Bekedorf-V-845x684.jpg 845w\" sizes=\"(max-width: 495px) 100vw, 495px\" \/><div class='big-prev-fake'><img decoding=\"async\" loading=\"lazy\" class=\"wp-image-658 avia-img-lazy-loading-658\"  width=\"495\" height=\"400\" src=\"https:\/\/www.vfl-westercelle.de\/tri-rsp\/wp-content\/uploads\/sites\/7\/2020\/09\/Bekedorf-V-495x400.jpg\" title='Bekedorf V' alt='' srcset=\"https:\/\/www.vfl-westercelle.de\/tri-rsp\/wp-content\/uploads\/sites\/7\/2020\/09\/Bekedorf-V-495x400.jpg 495w, https:\/\/www.vfl-westercelle.de\/tri-rsp\/wp-content\/uploads\/sites\/7\/2020\/09\/Bekedorf-V-845x684.jpg 845w\" sizes=\"auto, (max-width: 495px) 100vw, 495px\" \/><\/div><\/a><a href=\"https:\/\/www.vfl-westercelle.de\/tri-rsp\/wp-content\/uploads\/sites\/7\/2020\/09\/IMGP0001-1030x773.jpg\" data-srcset=\"https:\/\/www.vfl-westercelle.de\/tri-rsp\/wp-content\/uploads\/sites\/7\/2020\/09\/IMGP0001-1030x773.jpg 1030w, https:\/\/www.vfl-westercelle.de\/tri-rsp\/wp-content\/uploads\/sites\/7\/2020\/09\/IMGP0001-300x225.jpg 300w, https:\/\/www.vfl-westercelle.de\/tri-rsp\/wp-content\/uploads\/sites\/7\/2020\/09\/IMGP0001-768x576.jpg 768w, https:\/\/www.vfl-westercelle.de\/tri-rsp\/wp-content\/uploads\/sites\/7\/2020\/09\/IMGP0001-1536x1152.jpg 1536w, https:\/\/www.vfl-westercelle.de\/tri-rsp\/wp-content\/uploads\/sites\/7\/2020\/09\/IMGP0001-2048x1536.jpg 2048w, https:\/\/www.vfl-westercelle.de\/tri-rsp\/wp-content\/uploads\/sites\/7\/2020\/09\/IMGP0001-1500x1125.jpg 1500w, https:\/\/www.vfl-westercelle.de\/tri-rsp\/wp-content\/uploads\/sites\/7\/2020\/09\/IMGP0001-705x529.jpg 705w\" data-sizes=\"(max-width: 1030px) 100vw, 1030px\" data-rel='gallery-1' data-prev-img='https:\/\/www.vfl-westercelle.de\/tri-rsp\/wp-content\/uploads\/sites\/7\/2020\/09\/IMGP0001-495x400.jpg' class='lightbox ' data-onclick='5' title='PENTAX Image'  itemprop=\"thumbnailUrl\"  ><img decoding=\"async\" fetchpriority=\"high\" class=\"wp-image-668 avia-img-lazy-loading-not-668\"  data-avia-tooltip='PENTAX Image' src=\"https:\/\/www.vfl-westercelle.de\/tri-rsp\/wp-content\/uploads\/sites\/7\/2020\/09\/IMGP0001-495x400.jpg\" width=\"495\" height=\"400\"  title='PENTAX Image' alt='' srcset=\"https:\/\/www.vfl-westercelle.de\/tri-rsp\/wp-content\/uploads\/sites\/7\/2020\/09\/IMGP0001-495x400.jpg 495w, https:\/\/www.vfl-westercelle.de\/tri-rsp\/wp-content\/uploads\/sites\/7\/2020\/09\/IMGP0001-845x684.jpg 845w\" sizes=\"(max-width: 495px) 100vw, 495px\" \/><div class='big-prev-fake'><img decoding=\"async\" loading=\"lazy\" class=\"wp-image-668 avia-img-lazy-loading-668\"  width=\"495\" height=\"400\" src=\"https:\/\/www.vfl-westercelle.de\/tri-rsp\/wp-content\/uploads\/sites\/7\/2020\/09\/IMGP0001-495x400.jpg\" title='PENTAX Image' alt='' srcset=\"https:\/\/www.vfl-westercelle.de\/tri-rsp\/wp-content\/uploads\/sites\/7\/2020\/09\/IMGP0001-495x400.jpg 495w, https:\/\/www.vfl-westercelle.de\/tri-rsp\/wp-content\/uploads\/sites\/7\/2020\/09\/IMGP0001-845x684.jpg 845w\" sizes=\"auto, (max-width: 495px) 100vw, 495px\" \/><\/div><\/a><a href=\"https:\/\/www.vfl-westercelle.de\/tri-rsp\/wp-content\/uploads\/sites\/7\/2020\/09\/IMGP0002-1030x773.jpg\" data-srcset=\"https:\/\/www.vfl-westercelle.de\/tri-rsp\/wp-content\/uploads\/sites\/7\/2020\/09\/IMGP0002-1030x773.jpg 1030w, https:\/\/www.vfl-westercelle.de\/tri-rsp\/wp-content\/uploads\/sites\/7\/2020\/09\/IMGP0002-300x225.jpg 300w, https:\/\/www.vfl-westercelle.de\/tri-rsp\/wp-content\/uploads\/sites\/7\/2020\/09\/IMGP0002-768x576.jpg 768w, https:\/\/www.vfl-westercelle.de\/tri-rsp\/wp-content\/uploads\/sites\/7\/2020\/09\/IMGP0002-1536x1152.jpg 1536w, https:\/\/www.vfl-westercelle.de\/tri-rsp\/wp-content\/uploads\/sites\/7\/2020\/09\/IMGP0002-2048x1536.jpg 2048w, https:\/\/www.vfl-westercelle.de\/tri-rsp\/wp-content\/uploads\/sites\/7\/2020\/09\/IMGP0002-1500x1125.jpg 1500w, https:\/\/www.vfl-westercelle.de\/tri-rsp\/wp-content\/uploads\/sites\/7\/2020\/09\/IMGP0002-705x529.jpg 705w\" data-sizes=\"(max-width: 1030px) 100vw, 1030px\" data-rel='gallery-1' data-prev-img='https:\/\/www.vfl-westercelle.de\/tri-rsp\/wp-content\/uploads\/sites\/7\/2020\/09\/IMGP0002-495x400.jpg' class='first_thumb lightbox ' data-onclick='6' title='PENTAX Image'  itemprop=\"thumbnailUrl\"  ><img decoding=\"async\" fetchpriority=\"high\" class=\"wp-image-669 avia-img-lazy-loading-not-669\"  data-avia-tooltip='PENTAX Image' src=\"https:\/\/www.vfl-westercelle.de\/tri-rsp\/wp-content\/uploads\/sites\/7\/2020\/09\/IMGP0002-495x400.jpg\" width=\"495\" height=\"400\"  title='PENTAX Image' alt='' srcset=\"https:\/\/www.vfl-westercelle.de\/tri-rsp\/wp-content\/uploads\/sites\/7\/2020\/09\/IMGP0002-495x400.jpg 495w, https:\/\/www.vfl-westercelle.de\/tri-rsp\/wp-content\/uploads\/sites\/7\/2020\/09\/IMGP0002-845x684.jpg 845w\" sizes=\"(max-width: 495px) 100vw, 495px\" \/><div class='big-prev-fake'><img decoding=\"async\" loading=\"lazy\" class=\"wp-image-669 avia-img-lazy-loading-669\"  width=\"495\" height=\"400\" src=\"https:\/\/www.vfl-westercelle.de\/tri-rsp\/wp-content\/uploads\/sites\/7\/2020\/09\/IMGP0002-495x400.jpg\" title='PENTAX Image' alt='' srcset=\"https:\/\/www.vfl-westercelle.de\/tri-rsp\/wp-content\/uploads\/sites\/7\/2020\/09\/IMGP0002-495x400.jpg 495w, https:\/\/www.vfl-westercelle.de\/tri-rsp\/wp-content\/uploads\/sites\/7\/2020\/09\/IMGP0002-845x684.jpg 845w\" sizes=\"auto, (max-width: 495px) 100vw, 495px\" \/><\/div><\/a><a href=\"https:\/\/www.vfl-westercelle.de\/tri-rsp\/wp-content\/uploads\/sites\/7\/2020\/09\/IMGP0003-1030x773.jpg\" data-srcset=\"https:\/\/www.vfl-westercelle.de\/tri-rsp\/wp-content\/uploads\/sites\/7\/2020\/09\/IMGP0003-1030x773.jpg 1030w, https:\/\/www.vfl-westercelle.de\/tri-rsp\/wp-content\/uploads\/sites\/7\/2020\/09\/IMGP0003-300x225.jpg 300w, https:\/\/www.vfl-westercelle.de\/tri-rsp\/wp-content\/uploads\/sites\/7\/2020\/09\/IMGP0003-768x576.jpg 768w, https:\/\/www.vfl-westercelle.de\/tri-rsp\/wp-content\/uploads\/sites\/7\/2020\/09\/IMGP0003-1536x1152.jpg 1536w, https:\/\/www.vfl-westercelle.de\/tri-rsp\/wp-content\/uploads\/sites\/7\/2020\/09\/IMGP0003-2048x1536.jpg 2048w, https:\/\/www.vfl-westercelle.de\/tri-rsp\/wp-content\/uploads\/sites\/7\/2020\/09\/IMGP0003-1500x1125.jpg 1500w, https:\/\/www.vfl-westercelle.de\/tri-rsp\/wp-content\/uploads\/sites\/7\/2020\/09\/IMGP0003-705x529.jpg 705w\" data-sizes=\"(max-width: 1030px) 100vw, 1030px\" data-rel='gallery-1' data-prev-img='https:\/\/www.vfl-westercelle.de\/tri-rsp\/wp-content\/uploads\/sites\/7\/2020\/09\/IMGP0003-495x400.jpg' class='lightbox ' data-onclick='7' title='PENTAX Image'  itemprop=\"thumbnailUrl\"  ><img decoding=\"async\" fetchpriority=\"high\" class=\"wp-image-670 avia-img-lazy-loading-not-670\"  data-avia-tooltip='PENTAX Image' src=\"https:\/\/www.vfl-westercelle.de\/tri-rsp\/wp-content\/uploads\/sites\/7\/2020\/09\/IMGP0003-495x400.jpg\" width=\"495\" height=\"400\"  title='PENTAX Image' alt='' srcset=\"https:\/\/www.vfl-westercelle.de\/tri-rsp\/wp-content\/uploads\/sites\/7\/2020\/09\/IMGP0003-495x400.jpg 495w, https:\/\/www.vfl-westercelle.de\/tri-rsp\/wp-content\/uploads\/sites\/7\/2020\/09\/IMGP0003-845x684.jpg 845w\" sizes=\"(max-width: 495px) 100vw, 495px\" \/><div class='big-prev-fake'><img decoding=\"async\" loading=\"lazy\" class=\"wp-image-670 avia-img-lazy-loading-670\"  width=\"495\" height=\"400\" src=\"https:\/\/www.vfl-westercelle.de\/tri-rsp\/wp-content\/uploads\/sites\/7\/2020\/09\/IMGP0003-495x400.jpg\" title='PENTAX Image' alt='' srcset=\"https:\/\/www.vfl-westercelle.de\/tri-rsp\/wp-content\/uploads\/sites\/7\/2020\/09\/IMGP0003-495x400.jpg 495w, https:\/\/www.vfl-westercelle.de\/tri-rsp\/wp-content\/uploads\/sites\/7\/2020\/09\/IMGP0003-845x684.jpg 845w\" sizes=\"auto, (max-width: 495px) 100vw, 495px\" \/><\/div><\/a><a href=\"https:\/\/www.vfl-westercelle.de\/tri-rsp\/wp-content\/uploads\/sites\/7\/2020\/09\/IMGP0004-1030x773.jpg\" data-srcset=\"https:\/\/www.vfl-westercelle.de\/tri-rsp\/wp-content\/uploads\/sites\/7\/2020\/09\/IMGP0004-1030x773.jpg 1030w, https:\/\/www.vfl-westercelle.de\/tri-rsp\/wp-content\/uploads\/sites\/7\/2020\/09\/IMGP0004-300x225.jpg 300w, https:\/\/www.vfl-westercelle.de\/tri-rsp\/wp-content\/uploads\/sites\/7\/2020\/09\/IMGP0004-768x576.jpg 768w, https:\/\/www.vfl-westercelle.de\/tri-rsp\/wp-content\/uploads\/sites\/7\/2020\/09\/IMGP0004-1536x1152.jpg 1536w, https:\/\/www.vfl-westercelle.de\/tri-rsp\/wp-content\/uploads\/sites\/7\/2020\/09\/IMGP0004-2048x1536.jpg 2048w, https:\/\/www.vfl-westercelle.de\/tri-rsp\/wp-content\/uploads\/sites\/7\/2020\/09\/IMGP0004-1500x1125.jpg 1500w, https:\/\/www.vfl-westercelle.de\/tri-rsp\/wp-content\/uploads\/sites\/7\/2020\/09\/IMGP0004-705x529.jpg 705w\" data-sizes=\"(max-width: 1030px) 100vw, 1030px\" data-rel='gallery-1' data-prev-img='https:\/\/www.vfl-westercelle.de\/tri-rsp\/wp-content\/uploads\/sites\/7\/2020\/09\/IMGP0004-495x400.jpg' class='lightbox ' data-onclick='8' title='PENTAX Image'  itemprop=\"thumbnailUrl\"  ><img decoding=\"async\" fetchpriority=\"high\" class=\"wp-image-671 avia-img-lazy-loading-not-671\"  data-avia-tooltip='PENTAX Image' src=\"https:\/\/www.vfl-westercelle.de\/tri-rsp\/wp-content\/uploads\/sites\/7\/2020\/09\/IMGP0004-495x400.jpg\" width=\"495\" height=\"400\"  title='PENTAX Image' alt='' srcset=\"https:\/\/www.vfl-westercelle.de\/tri-rsp\/wp-content\/uploads\/sites\/7\/2020\/09\/IMGP0004-495x400.jpg 495w, https:\/\/www.vfl-westercelle.de\/tri-rsp\/wp-content\/uploads\/sites\/7\/2020\/09\/IMGP0004-845x684.jpg 845w\" sizes=\"(max-width: 495px) 100vw, 495px\" \/><div class='big-prev-fake'><img decoding=\"async\" loading=\"lazy\" class=\"wp-image-671 avia-img-lazy-loading-671\"  width=\"495\" height=\"400\" src=\"https:\/\/www.vfl-westercelle.de\/tri-rsp\/wp-content\/uploads\/sites\/7\/2020\/09\/IMGP0004-495x400.jpg\" title='PENTAX Image' alt='' srcset=\"https:\/\/www.vfl-westercelle.de\/tri-rsp\/wp-content\/uploads\/sites\/7\/2020\/09\/IMGP0004-495x400.jpg 495w, https:\/\/www.vfl-westercelle.de\/tri-rsp\/wp-content\/uploads\/sites\/7\/2020\/09\/IMGP0004-845x684.jpg 845w\" sizes=\"auto, (max-width: 495px) 100vw, 495px\" \/><\/div><\/a><a href=\"https:\/\/www.vfl-westercelle.de\/tri-rsp\/wp-content\/uploads\/sites\/7\/2020\/09\/IMGP0005-1030x773.jpg\" data-srcset=\"https:\/\/www.vfl-westercelle.de\/tri-rsp\/wp-content\/uploads\/sites\/7\/2020\/09\/IMGP0005-1030x773.jpg 1030w, https:\/\/www.vfl-westercelle.de\/tri-rsp\/wp-content\/uploads\/sites\/7\/2020\/09\/IMGP0005-300x225.jpg 300w, https:\/\/www.vfl-westercelle.de\/tri-rsp\/wp-content\/uploads\/sites\/7\/2020\/09\/IMGP0005-768x576.jpg 768w, https:\/\/www.vfl-westercelle.de\/tri-rsp\/wp-content\/uploads\/sites\/7\/2020\/09\/IMGP0005-1536x1152.jpg 1536w, https:\/\/www.vfl-westercelle.de\/tri-rsp\/wp-content\/uploads\/sites\/7\/2020\/09\/IMGP0005-2048x1536.jpg 2048w, https:\/\/www.vfl-westercelle.de\/tri-rsp\/wp-content\/uploads\/sites\/7\/2020\/09\/IMGP0005-1500x1125.jpg 1500w, https:\/\/www.vfl-westercelle.de\/tri-rsp\/wp-content\/uploads\/sites\/7\/2020\/09\/IMGP0005-705x529.jpg 705w\" data-sizes=\"(max-width: 1030px) 100vw, 1030px\" data-rel='gallery-1' data-prev-img='https:\/\/www.vfl-westercelle.de\/tri-rsp\/wp-content\/uploads\/sites\/7\/2020\/09\/IMGP0005-495x400.jpg' class='lightbox ' data-onclick='9' title='PENTAX Image'  itemprop=\"thumbnailUrl\"  ><img decoding=\"async\" fetchpriority=\"high\" class=\"wp-image-672 avia-img-lazy-loading-not-672\"  data-avia-tooltip='PENTAX Image' src=\"https:\/\/www.vfl-westercelle.de\/tri-rsp\/wp-content\/uploads\/sites\/7\/2020\/09\/IMGP0005-495x400.jpg\" width=\"495\" height=\"400\"  title='PENTAX Image' alt='' srcset=\"https:\/\/www.vfl-westercelle.de\/tri-rsp\/wp-content\/uploads\/sites\/7\/2020\/09\/IMGP0005-495x400.jpg 495w, https:\/\/www.vfl-westercelle.de\/tri-rsp\/wp-content\/uploads\/sites\/7\/2020\/09\/IMGP0005-845x684.jpg 845w\" sizes=\"(max-width: 495px) 100vw, 495px\" \/><div class='big-prev-fake'><img decoding=\"async\" loading=\"lazy\" class=\"wp-image-672 avia-img-lazy-loading-672\"  width=\"495\" height=\"400\" src=\"https:\/\/www.vfl-westercelle.de\/tri-rsp\/wp-content\/uploads\/sites\/7\/2020\/09\/IMGP0005-495x400.jpg\" title='PENTAX Image' alt='' srcset=\"https:\/\/www.vfl-westercelle.de\/tri-rsp\/wp-content\/uploads\/sites\/7\/2020\/09\/IMGP0005-495x400.jpg 495w, https:\/\/www.vfl-westercelle.de\/tri-rsp\/wp-content\/uploads\/sites\/7\/2020\/09\/IMGP0005-845x684.jpg 845w\" sizes=\"auto, (max-width: 495px) 100vw, 495px\" \/><\/div><\/a><a href=\"https:\/\/www.vfl-westercelle.de\/tri-rsp\/wp-content\/uploads\/sites\/7\/2020\/09\/IMGP0006-1030x773.jpg\" data-srcset=\"https:\/\/www.vfl-westercelle.de\/tri-rsp\/wp-content\/uploads\/sites\/7\/2020\/09\/IMGP0006-1030x773.jpg 1030w, https:\/\/www.vfl-westercelle.de\/tri-rsp\/wp-content\/uploads\/sites\/7\/2020\/09\/IMGP0006-300x225.jpg 300w, https:\/\/www.vfl-westercelle.de\/tri-rsp\/wp-content\/uploads\/sites\/7\/2020\/09\/IMGP0006-768x576.jpg 768w, https:\/\/www.vfl-westercelle.de\/tri-rsp\/wp-content\/uploads\/sites\/7\/2020\/09\/IMGP0006-1536x1152.jpg 1536w, https:\/\/www.vfl-westercelle.de\/tri-rsp\/wp-content\/uploads\/sites\/7\/2020\/09\/IMGP0006-2048x1536.jpg 2048w, https:\/\/www.vfl-westercelle.de\/tri-rsp\/wp-content\/uploads\/sites\/7\/2020\/09\/IMGP0006-1500x1125.jpg 1500w, https:\/\/www.vfl-westercelle.de\/tri-rsp\/wp-content\/uploads\/sites\/7\/2020\/09\/IMGP0006-705x529.jpg 705w\" data-sizes=\"(max-width: 1030px) 100vw, 1030px\" data-rel='gallery-1' data-prev-img='https:\/\/www.vfl-westercelle.de\/tri-rsp\/wp-content\/uploads\/sites\/7\/2020\/09\/IMGP0006-495x400.jpg' class='lightbox ' data-onclick='10' title='PENTAX Image'  itemprop=\"thumbnailUrl\"  ><img decoding=\"async\" fetchpriority=\"high\" class=\"wp-image-673 avia-img-lazy-loading-not-673\"  data-avia-tooltip='PENTAX Image' src=\"https:\/\/www.vfl-westercelle.de\/tri-rsp\/wp-content\/uploads\/sites\/7\/2020\/09\/IMGP0006-495x400.jpg\" width=\"495\" height=\"400\"  title='PENTAX Image' alt='' srcset=\"https:\/\/www.vfl-westercelle.de\/tri-rsp\/wp-content\/uploads\/sites\/7\/2020\/09\/IMGP0006-495x400.jpg 495w, https:\/\/www.vfl-westercelle.de\/tri-rsp\/wp-content\/uploads\/sites\/7\/2020\/09\/IMGP0006-845x684.jpg 845w\" sizes=\"(max-width: 495px) 100vw, 495px\" \/><div class='big-prev-fake'><img decoding=\"async\" loading=\"lazy\" class=\"wp-image-673 avia-img-lazy-loading-673\"  width=\"495\" height=\"400\" src=\"https:\/\/www.vfl-westercelle.de\/tri-rsp\/wp-content\/uploads\/sites\/7\/2020\/09\/IMGP0006-495x400.jpg\" title='PENTAX Image' alt='' srcset=\"https:\/\/www.vfl-westercelle.de\/tri-rsp\/wp-content\/uploads\/sites\/7\/2020\/09\/IMGP0006-495x400.jpg 495w, https:\/\/www.vfl-westercelle.de\/tri-rsp\/wp-content\/uploads\/sites\/7\/2020\/09\/IMGP0006-845x684.jpg 845w\" sizes=\"auto, (max-width: 495px) 100vw, 495px\" \/><\/div><\/a><a href=\"https:\/\/www.vfl-westercelle.de\/tri-rsp\/wp-content\/uploads\/sites\/7\/2020\/09\/IMGP0007-1030x773.jpg\" data-srcset=\"https:\/\/www.vfl-westercelle.de\/tri-rsp\/wp-content\/uploads\/sites\/7\/2020\/09\/IMGP0007-1030x773.jpg 1030w, https:\/\/www.vfl-westercelle.de\/tri-rsp\/wp-content\/uploads\/sites\/7\/2020\/09\/IMGP0007-300x225.jpg 300w, https:\/\/www.vfl-westercelle.de\/tri-rsp\/wp-content\/uploads\/sites\/7\/2020\/09\/IMGP0007-768x576.jpg 768w, https:\/\/www.vfl-westercelle.de\/tri-rsp\/wp-content\/uploads\/sites\/7\/2020\/09\/IMGP0007-1536x1152.jpg 1536w, https:\/\/www.vfl-westercelle.de\/tri-rsp\/wp-content\/uploads\/sites\/7\/2020\/09\/IMGP0007-2048x1536.jpg 2048w, https:\/\/www.vfl-westercelle.de\/tri-rsp\/wp-content\/uploads\/sites\/7\/2020\/09\/IMGP0007-1500x1125.jpg 1500w, https:\/\/www.vfl-westercelle.de\/tri-rsp\/wp-content\/uploads\/sites\/7\/2020\/09\/IMGP0007-705x529.jpg 705w\" data-sizes=\"(max-width: 1030px) 100vw, 1030px\" data-rel='gallery-1' data-prev-img='https:\/\/www.vfl-westercelle.de\/tri-rsp\/wp-content\/uploads\/sites\/7\/2020\/09\/IMGP0007-495x400.jpg' class='first_thumb lightbox ' data-onclick='11' title='PENTAX Image'  itemprop=\"thumbnailUrl\"  ><img decoding=\"async\" fetchpriority=\"high\" class=\"wp-image-674 avia-img-lazy-loading-not-674\"  data-avia-tooltip='PENTAX Image' src=\"https:\/\/www.vfl-westercelle.de\/tri-rsp\/wp-content\/uploads\/sites\/7\/2020\/09\/IMGP0007-495x400.jpg\" width=\"495\" height=\"400\"  title='PENTAX Image' alt='' srcset=\"https:\/\/www.vfl-westercelle.de\/tri-rsp\/wp-content\/uploads\/sites\/7\/2020\/09\/IMGP0007-495x400.jpg 495w, https:\/\/www.vfl-westercelle.de\/tri-rsp\/wp-content\/uploads\/sites\/7\/2020\/09\/IMGP0007-845x684.jpg 845w\" sizes=\"(max-width: 495px) 100vw, 495px\" \/><div class='big-prev-fake'><img decoding=\"async\" loading=\"lazy\" class=\"wp-image-674 avia-img-lazy-loading-674\"  width=\"495\" height=\"400\" src=\"https:\/\/www.vfl-westercelle.de\/tri-rsp\/wp-content\/uploads\/sites\/7\/2020\/09\/IMGP0007-495x400.jpg\" title='PENTAX Image' alt='' srcset=\"https:\/\/www.vfl-westercelle.de\/tri-rsp\/wp-content\/uploads\/sites\/7\/2020\/09\/IMGP0007-495x400.jpg 495w, https:\/\/www.vfl-westercelle.de\/tri-rsp\/wp-content\/uploads\/sites\/7\/2020\/09\/IMGP0007-845x684.jpg 845w\" sizes=\"auto, (max-width: 495px) 100vw, 495px\" \/><\/div><\/a><a href=\"https:\/\/www.vfl-westercelle.de\/tri-rsp\/wp-content\/uploads\/sites\/7\/2020\/09\/IMGP0008-1030x773.jpg\" data-srcset=\"https:\/\/www.vfl-westercelle.de\/tri-rsp\/wp-content\/uploads\/sites\/7\/2020\/09\/IMGP0008-1030x773.jpg 1030w, https:\/\/www.vfl-westercelle.de\/tri-rsp\/wp-content\/uploads\/sites\/7\/2020\/09\/IMGP0008-300x225.jpg 300w, https:\/\/www.vfl-westercelle.de\/tri-rsp\/wp-content\/uploads\/sites\/7\/2020\/09\/IMGP0008-768x576.jpg 768w, https:\/\/www.vfl-westercelle.de\/tri-rsp\/wp-content\/uploads\/sites\/7\/2020\/09\/IMGP0008-1536x1152.jpg 1536w, https:\/\/www.vfl-westercelle.de\/tri-rsp\/wp-content\/uploads\/sites\/7\/2020\/09\/IMGP0008-2048x1536.jpg 2048w, https:\/\/www.vfl-westercelle.de\/tri-rsp\/wp-content\/uploads\/sites\/7\/2020\/09\/IMGP0008-1500x1125.jpg 1500w, https:\/\/www.vfl-westercelle.de\/tri-rsp\/wp-content\/uploads\/sites\/7\/2020\/09\/IMGP0008-705x529.jpg 705w\" data-sizes=\"(max-width: 1030px) 100vw, 1030px\" data-rel='gallery-1' data-prev-img='https:\/\/www.vfl-westercelle.de\/tri-rsp\/wp-content\/uploads\/sites\/7\/2020\/09\/IMGP0008-495x400.jpg' class='lightbox ' data-onclick='12' title='PENTAX Image'  itemprop=\"thumbnailUrl\"  ><img decoding=\"async\" fetchpriority=\"high\" class=\"wp-image-675 avia-img-lazy-loading-not-675\"  data-avia-tooltip='PENTAX Image' src=\"https:\/\/www.vfl-westercelle.de\/tri-rsp\/wp-content\/uploads\/sites\/7\/2020\/09\/IMGP0008-495x400.jpg\" width=\"495\" height=\"400\"  title='PENTAX Image' alt='' srcset=\"https:\/\/www.vfl-westercelle.de\/tri-rsp\/wp-content\/uploads\/sites\/7\/2020\/09\/IMGP0008-495x400.jpg 495w, https:\/\/www.vfl-westercelle.de\/tri-rsp\/wp-content\/uploads\/sites\/7\/2020\/09\/IMGP0008-845x684.jpg 845w\" sizes=\"(max-width: 495px) 100vw, 495px\" \/><div class='big-prev-fake'><img decoding=\"async\" loading=\"lazy\" class=\"wp-image-675 avia-img-lazy-loading-675\"  width=\"495\" height=\"400\" src=\"https:\/\/www.vfl-westercelle.de\/tri-rsp\/wp-content\/uploads\/sites\/7\/2020\/09\/IMGP0008-495x400.jpg\" title='PENTAX Image' alt='' srcset=\"https:\/\/www.vfl-westercelle.de\/tri-rsp\/wp-content\/uploads\/sites\/7\/2020\/09\/IMGP0008-495x400.jpg 495w, https:\/\/www.vfl-westercelle.de\/tri-rsp\/wp-content\/uploads\/sites\/7\/2020\/09\/IMGP0008-845x684.jpg 845w\" sizes=\"auto, (max-width: 495px) 100vw, 495px\" \/><\/div><\/a><a href=\"https:\/\/www.vfl-westercelle.de\/tri-rsp\/wp-content\/uploads\/sites\/7\/2020\/09\/IMGP0009-1030x773.jpg\" data-srcset=\"https:\/\/www.vfl-westercelle.de\/tri-rsp\/wp-content\/uploads\/sites\/7\/2020\/09\/IMGP0009-1030x773.jpg 1030w, https:\/\/www.vfl-westercelle.de\/tri-rsp\/wp-content\/uploads\/sites\/7\/2020\/09\/IMGP0009-300x225.jpg 300w, https:\/\/www.vfl-westercelle.de\/tri-rsp\/wp-content\/uploads\/sites\/7\/2020\/09\/IMGP0009-768x576.jpg 768w, https:\/\/www.vfl-westercelle.de\/tri-rsp\/wp-content\/uploads\/sites\/7\/2020\/09\/IMGP0009-1536x1152.jpg 1536w, https:\/\/www.vfl-westercelle.de\/tri-rsp\/wp-content\/uploads\/sites\/7\/2020\/09\/IMGP0009-2048x1536.jpg 2048w, https:\/\/www.vfl-westercelle.de\/tri-rsp\/wp-content\/uploads\/sites\/7\/2020\/09\/IMGP0009-1500x1125.jpg 1500w, https:\/\/www.vfl-westercelle.de\/tri-rsp\/wp-content\/uploads\/sites\/7\/2020\/09\/IMGP0009-705x529.jpg 705w\" data-sizes=\"(max-width: 1030px) 100vw, 1030px\" data-rel='gallery-1' data-prev-img='https:\/\/www.vfl-westercelle.de\/tri-rsp\/wp-content\/uploads\/sites\/7\/2020\/09\/IMGP0009-495x400.jpg' class='lightbox ' data-onclick='13' title='PENTAX Image'  itemprop=\"thumbnailUrl\"  ><img decoding=\"async\" fetchpriority=\"high\" class=\"wp-image-676 avia-img-lazy-loading-not-676\"  data-avia-tooltip='PENTAX Image' src=\"https:\/\/www.vfl-westercelle.de\/tri-rsp\/wp-content\/uploads\/sites\/7\/2020\/09\/IMGP0009-495x400.jpg\" width=\"495\" height=\"400\"  title='PENTAX Image' alt='' srcset=\"https:\/\/www.vfl-westercelle.de\/tri-rsp\/wp-content\/uploads\/sites\/7\/2020\/09\/IMGP0009-495x400.jpg 495w, https:\/\/www.vfl-westercelle.de\/tri-rsp\/wp-content\/uploads\/sites\/7\/2020\/09\/IMGP0009-845x684.jpg 845w\" sizes=\"(max-width: 495px) 100vw, 495px\" \/><div class='big-prev-fake'><img decoding=\"async\" loading=\"lazy\" class=\"wp-image-676 avia-img-lazy-loading-676\"  width=\"495\" height=\"400\" src=\"https:\/\/www.vfl-westercelle.de\/tri-rsp\/wp-content\/uploads\/sites\/7\/2020\/09\/IMGP0009-495x400.jpg\" title='PENTAX Image' alt='' srcset=\"https:\/\/www.vfl-westercelle.de\/tri-rsp\/wp-content\/uploads\/sites\/7\/2020\/09\/IMGP0009-495x400.jpg 495w, https:\/\/www.vfl-westercelle.de\/tri-rsp\/wp-content\/uploads\/sites\/7\/2020\/09\/IMGP0009-845x684.jpg 845w\" sizes=\"auto, (max-width: 495px) 100vw, 495px\" \/><\/div><\/a><a href=\"https:\/\/www.vfl-westercelle.de\/tri-rsp\/wp-content\/uploads\/sites\/7\/2020\/09\/IMGP0010-1030x773.jpg\" data-srcset=\"https:\/\/www.vfl-westercelle.de\/tri-rsp\/wp-content\/uploads\/sites\/7\/2020\/09\/IMGP0010-1030x773.jpg 1030w, https:\/\/www.vfl-westercelle.de\/tri-rsp\/wp-content\/uploads\/sites\/7\/2020\/09\/IMGP0010-300x225.jpg 300w, https:\/\/www.vfl-westercelle.de\/tri-rsp\/wp-content\/uploads\/sites\/7\/2020\/09\/IMGP0010-768x576.jpg 768w, https:\/\/www.vfl-westercelle.de\/tri-rsp\/wp-content\/uploads\/sites\/7\/2020\/09\/IMGP0010-1536x1152.jpg 1536w, https:\/\/www.vfl-westercelle.de\/tri-rsp\/wp-content\/uploads\/sites\/7\/2020\/09\/IMGP0010-2048x1536.jpg 2048w, https:\/\/www.vfl-westercelle.de\/tri-rsp\/wp-content\/uploads\/sites\/7\/2020\/09\/IMGP0010-1500x1125.jpg 1500w, https:\/\/www.vfl-westercelle.de\/tri-rsp\/wp-content\/uploads\/sites\/7\/2020\/09\/IMGP0010-705x529.jpg 705w\" data-sizes=\"(max-width: 1030px) 100vw, 1030px\" data-rel='gallery-1' data-prev-img='https:\/\/www.vfl-westercelle.de\/tri-rsp\/wp-content\/uploads\/sites\/7\/2020\/09\/IMGP0010-495x400.jpg' class='lightbox ' data-onclick='14' title='PENTAX Image'  itemprop=\"thumbnailUrl\"  ><img decoding=\"async\" fetchpriority=\"high\" class=\"wp-image-677 avia-img-lazy-loading-not-677\"  data-avia-tooltip='PENTAX Image' src=\"https:\/\/www.vfl-westercelle.de\/tri-rsp\/wp-content\/uploads\/sites\/7\/2020\/09\/IMGP0010-495x400.jpg\" width=\"495\" height=\"400\"  title='PENTAX Image' alt='' srcset=\"https:\/\/www.vfl-westercelle.de\/tri-rsp\/wp-content\/uploads\/sites\/7\/2020\/09\/IMGP0010-495x400.jpg 495w, https:\/\/www.vfl-westercelle.de\/tri-rsp\/wp-content\/uploads\/sites\/7\/2020\/09\/IMGP0010-845x684.jpg 845w\" sizes=\"(max-width: 495px) 100vw, 495px\" \/><div class='big-prev-fake'><img decoding=\"async\" loading=\"lazy\" class=\"wp-image-677 avia-img-lazy-loading-677\"  width=\"495\" height=\"400\" src=\"https:\/\/www.vfl-westercelle.de\/tri-rsp\/wp-content\/uploads\/sites\/7\/2020\/09\/IMGP0010-495x400.jpg\" title='PENTAX Image' alt='' srcset=\"https:\/\/www.vfl-westercelle.de\/tri-rsp\/wp-content\/uploads\/sites\/7\/2020\/09\/IMGP0010-495x400.jpg 495w, https:\/\/www.vfl-westercelle.de\/tri-rsp\/wp-content\/uploads\/sites\/7\/2020\/09\/IMGP0010-845x684.jpg 845w\" sizes=\"auto, (max-width: 495px) 100vw, 495px\" \/><\/div><\/a><a href=\"https:\/\/www.vfl-westercelle.de\/tri-rsp\/wp-content\/uploads\/sites\/7\/2020\/09\/IMGP0011-1030x773.jpg\" data-srcset=\"https:\/\/www.vfl-westercelle.de\/tri-rsp\/wp-content\/uploads\/sites\/7\/2020\/09\/IMGP0011-1030x773.jpg 1030w, https:\/\/www.vfl-westercelle.de\/tri-rsp\/wp-content\/uploads\/sites\/7\/2020\/09\/IMGP0011-300x225.jpg 300w, https:\/\/www.vfl-westercelle.de\/tri-rsp\/wp-content\/uploads\/sites\/7\/2020\/09\/IMGP0011-768x576.jpg 768w, https:\/\/www.vfl-westercelle.de\/tri-rsp\/wp-content\/uploads\/sites\/7\/2020\/09\/IMGP0011-1536x1152.jpg 1536w, https:\/\/www.vfl-westercelle.de\/tri-rsp\/wp-content\/uploads\/sites\/7\/2020\/09\/IMGP0011-2048x1536.jpg 2048w, https:\/\/www.vfl-westercelle.de\/tri-rsp\/wp-content\/uploads\/sites\/7\/2020\/09\/IMGP0011-1500x1125.jpg 1500w, https:\/\/www.vfl-westercelle.de\/tri-rsp\/wp-content\/uploads\/sites\/7\/2020\/09\/IMGP0011-705x529.jpg 705w\" data-sizes=\"(max-width: 1030px) 100vw, 1030px\" data-rel='gallery-1' data-prev-img='https:\/\/www.vfl-westercelle.de\/tri-rsp\/wp-content\/uploads\/sites\/7\/2020\/09\/IMGP0011-495x400.jpg' class='lightbox ' data-onclick='15' title='PENTAX Image'  itemprop=\"thumbnailUrl\"  ><img decoding=\"async\" fetchpriority=\"high\" class=\"wp-image-678 avia-img-lazy-loading-not-678\"  data-avia-tooltip='PENTAX Image' src=\"https:\/\/www.vfl-westercelle.de\/tri-rsp\/wp-content\/uploads\/sites\/7\/2020\/09\/IMGP0011-495x400.jpg\" width=\"495\" height=\"400\"  title='PENTAX Image' alt='' srcset=\"https:\/\/www.vfl-westercelle.de\/tri-rsp\/wp-content\/uploads\/sites\/7\/2020\/09\/IMGP0011-495x400.jpg 495w, https:\/\/www.vfl-westercelle.de\/tri-rsp\/wp-content\/uploads\/sites\/7\/2020\/09\/IMGP0011-845x684.jpg 845w\" sizes=\"(max-width: 495px) 100vw, 495px\" \/><div class='big-prev-fake'><img decoding=\"async\" loading=\"lazy\" class=\"wp-image-678 avia-img-lazy-loading-678\"  width=\"495\" height=\"400\" src=\"https:\/\/www.vfl-westercelle.de\/tri-rsp\/wp-content\/uploads\/sites\/7\/2020\/09\/IMGP0011-495x400.jpg\" title='PENTAX Image' alt='' srcset=\"https:\/\/www.vfl-westercelle.de\/tri-rsp\/wp-content\/uploads\/sites\/7\/2020\/09\/IMGP0011-495x400.jpg 495w, https:\/\/www.vfl-westercelle.de\/tri-rsp\/wp-content\/uploads\/sites\/7\/2020\/09\/IMGP0011-845x684.jpg 845w\" sizes=\"auto, (max-width: 495px) 100vw, 495px\" \/><\/div><\/a><a href=\"https:\/\/www.vfl-westercelle.de\/tri-rsp\/wp-content\/uploads\/sites\/7\/2020\/09\/IMGP0012-1030x773.jpg\" data-srcset=\"https:\/\/www.vfl-westercelle.de\/tri-rsp\/wp-content\/uploads\/sites\/7\/2020\/09\/IMGP0012-1030x773.jpg 1030w, https:\/\/www.vfl-westercelle.de\/tri-rsp\/wp-content\/uploads\/sites\/7\/2020\/09\/IMGP0012-300x225.jpg 300w, https:\/\/www.vfl-westercelle.de\/tri-rsp\/wp-content\/uploads\/sites\/7\/2020\/09\/IMGP0012-768x576.jpg 768w, https:\/\/www.vfl-westercelle.de\/tri-rsp\/wp-content\/uploads\/sites\/7\/2020\/09\/IMGP0012-1536x1152.jpg 1536w, https:\/\/www.vfl-westercelle.de\/tri-rsp\/wp-content\/uploads\/sites\/7\/2020\/09\/IMGP0012-2048x1536.jpg 2048w, https:\/\/www.vfl-westercelle.de\/tri-rsp\/wp-content\/uploads\/sites\/7\/2020\/09\/IMGP0012-1500x1125.jpg 1500w, https:\/\/www.vfl-westercelle.de\/tri-rsp\/wp-content\/uploads\/sites\/7\/2020\/09\/IMGP0012-705x529.jpg 705w\" data-sizes=\"(max-width: 1030px) 100vw, 1030px\" data-rel='gallery-1' data-prev-img='https:\/\/www.vfl-westercelle.de\/tri-rsp\/wp-content\/uploads\/sites\/7\/2020\/09\/IMGP0012-495x400.jpg' class='first_thumb lightbox ' data-onclick='16' title='PENTAX Image'  itemprop=\"thumbnailUrl\"  ><img decoding=\"async\" fetchpriority=\"high\" class=\"wp-image-679 avia-img-lazy-loading-not-679\"  data-avia-tooltip='PENTAX Image' src=\"https:\/\/www.vfl-westercelle.de\/tri-rsp\/wp-content\/uploads\/sites\/7\/2020\/09\/IMGP0012-495x400.jpg\" width=\"495\" height=\"400\"  title='PENTAX Image' alt='' srcset=\"https:\/\/www.vfl-westercelle.de\/tri-rsp\/wp-content\/uploads\/sites\/7\/2020\/09\/IMGP0012-495x400.jpg 495w, https:\/\/www.vfl-westercelle.de\/tri-rsp\/wp-content\/uploads\/sites\/7\/2020\/09\/IMGP0012-845x684.jpg 845w\" sizes=\"(max-width: 495px) 100vw, 495px\" \/><div class='big-prev-fake'><img decoding=\"async\" loading=\"lazy\" class=\"wp-image-679 avia-img-lazy-loading-679\"  width=\"495\" height=\"400\" src=\"https:\/\/www.vfl-westercelle.de\/tri-rsp\/wp-content\/uploads\/sites\/7\/2020\/09\/IMGP0012-495x400.jpg\" title='PENTAX Image' alt='' srcset=\"https:\/\/www.vfl-westercelle.de\/tri-rsp\/wp-content\/uploads\/sites\/7\/2020\/09\/IMGP0012-495x400.jpg 495w, https:\/\/www.vfl-westercelle.de\/tri-rsp\/wp-content\/uploads\/sites\/7\/2020\/09\/IMGP0012-845x684.jpg 845w\" sizes=\"auto, (max-width: 495px) 100vw, 495px\" \/><\/div><\/a><a href=\"https:\/\/www.vfl-westercelle.de\/tri-rsp\/wp-content\/uploads\/sites\/7\/2020\/09\/IMGP0013-1030x773.jpg\" data-srcset=\"https:\/\/www.vfl-westercelle.de\/tri-rsp\/wp-content\/uploads\/sites\/7\/2020\/09\/IMGP0013-1030x773.jpg 1030w, https:\/\/www.vfl-westercelle.de\/tri-rsp\/wp-content\/uploads\/sites\/7\/2020\/09\/IMGP0013-300x225.jpg 300w, https:\/\/www.vfl-westercelle.de\/tri-rsp\/wp-content\/uploads\/sites\/7\/2020\/09\/IMGP0013-768x576.jpg 768w, https:\/\/www.vfl-westercelle.de\/tri-rsp\/wp-content\/uploads\/sites\/7\/2020\/09\/IMGP0013-1536x1152.jpg 1536w, https:\/\/www.vfl-westercelle.de\/tri-rsp\/wp-content\/uploads\/sites\/7\/2020\/09\/IMGP0013-2048x1536.jpg 2048w, https:\/\/www.vfl-westercelle.de\/tri-rsp\/wp-content\/uploads\/sites\/7\/2020\/09\/IMGP0013-1500x1125.jpg 1500w, https:\/\/www.vfl-westercelle.de\/tri-rsp\/wp-content\/uploads\/sites\/7\/2020\/09\/IMGP0013-705x529.jpg 705w\" data-sizes=\"(max-width: 1030px) 100vw, 1030px\" data-rel='gallery-1' data-prev-img='https:\/\/www.vfl-westercelle.de\/tri-rsp\/wp-content\/uploads\/sites\/7\/2020\/09\/IMGP0013-495x400.jpg' class='lightbox ' data-onclick='17' title='PENTAX Image'  itemprop=\"thumbnailUrl\"  ><img decoding=\"async\" fetchpriority=\"high\" class=\"wp-image-680 avia-img-lazy-loading-not-680\"  data-avia-tooltip='PENTAX Image' src=\"https:\/\/www.vfl-westercelle.de\/tri-rsp\/wp-content\/uploads\/sites\/7\/2020\/09\/IMGP0013-495x400.jpg\" width=\"495\" height=\"400\"  title='PENTAX Image' alt='' srcset=\"https:\/\/www.vfl-westercelle.de\/tri-rsp\/wp-content\/uploads\/sites\/7\/2020\/09\/IMGP0013-495x400.jpg 495w, https:\/\/www.vfl-westercelle.de\/tri-rsp\/wp-content\/uploads\/sites\/7\/2020\/09\/IMGP0013-845x684.jpg 845w\" sizes=\"(max-width: 495px) 100vw, 495px\" \/><div class='big-prev-fake'><img decoding=\"async\" loading=\"lazy\" class=\"wp-image-680 avia-img-lazy-loading-680\"  width=\"495\" height=\"400\" src=\"https:\/\/www.vfl-westercelle.de\/tri-rsp\/wp-content\/uploads\/sites\/7\/2020\/09\/IMGP0013-495x400.jpg\" title='PENTAX Image' alt='' srcset=\"https:\/\/www.vfl-westercelle.de\/tri-rsp\/wp-content\/uploads\/sites\/7\/2020\/09\/IMGP0013-495x400.jpg 495w, https:\/\/www.vfl-westercelle.de\/tri-rsp\/wp-content\/uploads\/sites\/7\/2020\/09\/IMGP0013-845x684.jpg 845w\" sizes=\"auto, (max-width: 495px) 100vw, 495px\" \/><\/div><\/a><a href=\"https:\/\/www.vfl-westercelle.de\/tri-rsp\/wp-content\/uploads\/sites\/7\/2020\/09\/IMGP0014-773x1030.jpg\" data-srcset=\"https:\/\/www.vfl-westercelle.de\/tri-rsp\/wp-content\/uploads\/sites\/7\/2020\/09\/IMGP0014-773x1030.jpg 773w, https:\/\/www.vfl-westercelle.de\/tri-rsp\/wp-content\/uploads\/sites\/7\/2020\/09\/IMGP0014-225x300.jpg 225w, https:\/\/www.vfl-westercelle.de\/tri-rsp\/wp-content\/uploads\/sites\/7\/2020\/09\/IMGP0014-768x1024.jpg 768w, https:\/\/www.vfl-westercelle.de\/tri-rsp\/wp-content\/uploads\/sites\/7\/2020\/09\/IMGP0014-1152x1536.jpg 1152w, https:\/\/www.vfl-westercelle.de\/tri-rsp\/wp-content\/uploads\/sites\/7\/2020\/09\/IMGP0014-1536x2048.jpg 1536w, https:\/\/www.vfl-westercelle.de\/tri-rsp\/wp-content\/uploads\/sites\/7\/2020\/09\/IMGP0014-1125x1500.jpg 1125w, https:\/\/www.vfl-westercelle.de\/tri-rsp\/wp-content\/uploads\/sites\/7\/2020\/09\/IMGP0014-529x705.jpg 529w, https:\/\/www.vfl-westercelle.de\/tri-rsp\/wp-content\/uploads\/sites\/7\/2020\/09\/IMGP0014-scaled.jpg 1920w\" data-sizes=\"(max-width: 773px) 100vw, 773px\" data-rel='gallery-1' data-prev-img='https:\/\/www.vfl-westercelle.de\/tri-rsp\/wp-content\/uploads\/sites\/7\/2020\/09\/IMGP0014-495x400.jpg' class='lightbox ' data-onclick='18' title='PENTAX Image'  itemprop=\"thumbnailUrl\"  ><img decoding=\"async\" fetchpriority=\"high\" class=\"wp-image-681 avia-img-lazy-loading-not-681\"  data-avia-tooltip='PENTAX Image' src=\"https:\/\/www.vfl-westercelle.de\/tri-rsp\/wp-content\/uploads\/sites\/7\/2020\/09\/IMGP0014-495x400.jpg\" width=\"495\" height=\"400\"  title='PENTAX Image' alt='' srcset=\"https:\/\/www.vfl-westercelle.de\/tri-rsp\/wp-content\/uploads\/sites\/7\/2020\/09\/IMGP0014-495x400.jpg 495w, https:\/\/www.vfl-westercelle.de\/tri-rsp\/wp-content\/uploads\/sites\/7\/2020\/09\/IMGP0014-845x684.jpg 845w\" sizes=\"(max-width: 495px) 100vw, 495px\" \/><div class='big-prev-fake'><img decoding=\"async\" loading=\"lazy\" class=\"wp-image-681 avia-img-lazy-loading-681\"  width=\"495\" height=\"400\" src=\"https:\/\/www.vfl-westercelle.de\/tri-rsp\/wp-content\/uploads\/sites\/7\/2020\/09\/IMGP0014-495x400.jpg\" title='PENTAX Image' alt='' srcset=\"https:\/\/www.vfl-westercelle.de\/tri-rsp\/wp-content\/uploads\/sites\/7\/2020\/09\/IMGP0014-495x400.jpg 495w, https:\/\/www.vfl-westercelle.de\/tri-rsp\/wp-content\/uploads\/sites\/7\/2020\/09\/IMGP0014-845x684.jpg 845w\" sizes=\"auto, (max-width: 495px) 100vw, 495px\" \/><\/div><\/a><a href=\"https:\/\/www.vfl-westercelle.de\/tri-rsp\/wp-content\/uploads\/sites\/7\/2020\/09\/IMGP0015-1030x773.jpg\" data-srcset=\"https:\/\/www.vfl-westercelle.de\/tri-rsp\/wp-content\/uploads\/sites\/7\/2020\/09\/IMGP0015-1030x773.jpg 1030w, https:\/\/www.vfl-westercelle.de\/tri-rsp\/wp-content\/uploads\/sites\/7\/2020\/09\/IMGP0015-300x225.jpg 300w, https:\/\/www.vfl-westercelle.de\/tri-rsp\/wp-content\/uploads\/sites\/7\/2020\/09\/IMGP0015-768x576.jpg 768w, https:\/\/www.vfl-westercelle.de\/tri-rsp\/wp-content\/uploads\/sites\/7\/2020\/09\/IMGP0015-1536x1152.jpg 1536w, https:\/\/www.vfl-westercelle.de\/tri-rsp\/wp-content\/uploads\/sites\/7\/2020\/09\/IMGP0015-2048x1536.jpg 2048w, https:\/\/www.vfl-westercelle.de\/tri-rsp\/wp-content\/uploads\/sites\/7\/2020\/09\/IMGP0015-1500x1125.jpg 1500w, https:\/\/www.vfl-westercelle.de\/tri-rsp\/wp-content\/uploads\/sites\/7\/2020\/09\/IMGP0015-705x529.jpg 705w\" data-sizes=\"(max-width: 1030px) 100vw, 1030px\" data-rel='gallery-1' data-prev-img='https:\/\/www.vfl-westercelle.de\/tri-rsp\/wp-content\/uploads\/sites\/7\/2020\/09\/IMGP0015-495x400.jpg' class='lightbox ' data-onclick='19' title='PENTAX Image'  itemprop=\"thumbnailUrl\"  ><img decoding=\"async\" fetchpriority=\"high\" class=\"wp-image-682 avia-img-lazy-loading-not-682\"  data-avia-tooltip='PENTAX Image' src=\"https:\/\/www.vfl-westercelle.de\/tri-rsp\/wp-content\/uploads\/sites\/7\/2020\/09\/IMGP0015-495x400.jpg\" width=\"495\" height=\"400\"  title='PENTAX Image' alt='' srcset=\"https:\/\/www.vfl-westercelle.de\/tri-rsp\/wp-content\/uploads\/sites\/7\/2020\/09\/IMGP0015-495x400.jpg 495w, https:\/\/www.vfl-westercelle.de\/tri-rsp\/wp-content\/uploads\/sites\/7\/2020\/09\/IMGP0015-845x684.jpg 845w\" sizes=\"(max-width: 495px) 100vw, 495px\" \/><div class='big-prev-fake'><img decoding=\"async\" loading=\"lazy\" class=\"wp-image-682 avia-img-lazy-loading-682\"  width=\"495\" height=\"400\" src=\"https:\/\/www.vfl-westercelle.de\/tri-rsp\/wp-content\/uploads\/sites\/7\/2020\/09\/IMGP0015-495x400.jpg\" title='PENTAX Image' alt='' srcset=\"https:\/\/www.vfl-westercelle.de\/tri-rsp\/wp-content\/uploads\/sites\/7\/2020\/09\/IMGP0015-495x400.jpg 495w, https:\/\/www.vfl-westercelle.de\/tri-rsp\/wp-content\/uploads\/sites\/7\/2020\/09\/IMGP0015-845x684.jpg 845w\" sizes=\"auto, (max-width: 495px) 100vw, 495px\" \/><\/div><\/a><a href=\"https:\/\/www.vfl-westercelle.de\/tri-rsp\/wp-content\/uploads\/sites\/7\/2020\/09\/IMGP0016-773x1030.jpg\" data-srcset=\"https:\/\/www.vfl-westercelle.de\/tri-rsp\/wp-content\/uploads\/sites\/7\/2020\/09\/IMGP0016-773x1030.jpg 773w, https:\/\/www.vfl-westercelle.de\/tri-rsp\/wp-content\/uploads\/sites\/7\/2020\/09\/IMGP0016-225x300.jpg 225w, https:\/\/www.vfl-westercelle.de\/tri-rsp\/wp-content\/uploads\/sites\/7\/2020\/09\/IMGP0016-768x1024.jpg 768w, https:\/\/www.vfl-westercelle.de\/tri-rsp\/wp-content\/uploads\/sites\/7\/2020\/09\/IMGP0016-1152x1536.jpg 1152w, https:\/\/www.vfl-westercelle.de\/tri-rsp\/wp-content\/uploads\/sites\/7\/2020\/09\/IMGP0016-1536x2048.jpg 1536w, https:\/\/www.vfl-westercelle.de\/tri-rsp\/wp-content\/uploads\/sites\/7\/2020\/09\/IMGP0016-1125x1500.jpg 1125w, https:\/\/www.vfl-westercelle.de\/tri-rsp\/wp-content\/uploads\/sites\/7\/2020\/09\/IMGP0016-529x705.jpg 529w, https:\/\/www.vfl-westercelle.de\/tri-rsp\/wp-content\/uploads\/sites\/7\/2020\/09\/IMGP0016-scaled.jpg 1920w\" data-sizes=\"(max-width: 773px) 100vw, 773px\" data-rel='gallery-1' data-prev-img='https:\/\/www.vfl-westercelle.de\/tri-rsp\/wp-content\/uploads\/sites\/7\/2020\/09\/IMGP0016-495x400.jpg' class='lightbox ' data-onclick='20' title='PENTAX Image'  itemprop=\"thumbnailUrl\"  ><img decoding=\"async\" fetchpriority=\"high\" class=\"wp-image-683 avia-img-lazy-loading-not-683\"  data-avia-tooltip='PENTAX Image' src=\"https:\/\/www.vfl-westercelle.de\/tri-rsp\/wp-content\/uploads\/sites\/7\/2020\/09\/IMGP0016-495x400.jpg\" width=\"495\" height=\"400\"  title='PENTAX Image' alt='' srcset=\"https:\/\/www.vfl-westercelle.de\/tri-rsp\/wp-content\/uploads\/sites\/7\/2020\/09\/IMGP0016-495x400.jpg 495w, https:\/\/www.vfl-westercelle.de\/tri-rsp\/wp-content\/uploads\/sites\/7\/2020\/09\/IMGP0016-845x684.jpg 845w\" sizes=\"(max-width: 495px) 100vw, 495px\" \/><div class='big-prev-fake'><img decoding=\"async\" loading=\"lazy\" class=\"wp-image-683 avia-img-lazy-loading-683\"  width=\"495\" height=\"400\" src=\"https:\/\/www.vfl-westercelle.de\/tri-rsp\/wp-content\/uploads\/sites\/7\/2020\/09\/IMGP0016-495x400.jpg\" title='PENTAX Image' alt='' srcset=\"https:\/\/www.vfl-westercelle.de\/tri-rsp\/wp-content\/uploads\/sites\/7\/2020\/09\/IMGP0016-495x400.jpg 495w, https:\/\/www.vfl-westercelle.de\/tri-rsp\/wp-content\/uploads\/sites\/7\/2020\/09\/IMGP0016-845x684.jpg 845w\" sizes=\"auto, (max-width: 495px) 100vw, 495px\" \/><\/div><\/a><a href=\"https:\/\/www.vfl-westercelle.de\/tri-rsp\/wp-content\/uploads\/sites\/7\/2020\/09\/IMGP0017-1030x773.jpg\" data-srcset=\"https:\/\/www.vfl-westercelle.de\/tri-rsp\/wp-content\/uploads\/sites\/7\/2020\/09\/IMGP0017-1030x773.jpg 1030w, https:\/\/www.vfl-westercelle.de\/tri-rsp\/wp-content\/uploads\/sites\/7\/2020\/09\/IMGP0017-300x225.jpg 300w, https:\/\/www.vfl-westercelle.de\/tri-rsp\/wp-content\/uploads\/sites\/7\/2020\/09\/IMGP0017-768x576.jpg 768w, https:\/\/www.vfl-westercelle.de\/tri-rsp\/wp-content\/uploads\/sites\/7\/2020\/09\/IMGP0017-1536x1152.jpg 1536w, https:\/\/www.vfl-westercelle.de\/tri-rsp\/wp-content\/uploads\/sites\/7\/2020\/09\/IMGP0017-2048x1536.jpg 2048w, https:\/\/www.vfl-westercelle.de\/tri-rsp\/wp-content\/uploads\/sites\/7\/2020\/09\/IMGP0017-1500x1125.jpg 1500w, https:\/\/www.vfl-westercelle.de\/tri-rsp\/wp-content\/uploads\/sites\/7\/2020\/09\/IMGP0017-705x529.jpg 705w\" data-sizes=\"(max-width: 1030px) 100vw, 1030px\" data-rel='gallery-1' data-prev-img='https:\/\/www.vfl-westercelle.de\/tri-rsp\/wp-content\/uploads\/sites\/7\/2020\/09\/IMGP0017-495x400.jpg' class='first_thumb lightbox ' data-onclick='21' title='PENTAX Image'  itemprop=\"thumbnailUrl\"  ><img decoding=\"async\" fetchpriority=\"high\" class=\"wp-image-684 avia-img-lazy-loading-not-684\"  data-avia-tooltip='PENTAX Image' src=\"https:\/\/www.vfl-westercelle.de\/tri-rsp\/wp-content\/uploads\/sites\/7\/2020\/09\/IMGP0017-495x400.jpg\" width=\"495\" height=\"400\"  title='PENTAX Image' alt='' srcset=\"https:\/\/www.vfl-westercelle.de\/tri-rsp\/wp-content\/uploads\/sites\/7\/2020\/09\/IMGP0017-495x400.jpg 495w, https:\/\/www.vfl-westercelle.de\/tri-rsp\/wp-content\/uploads\/sites\/7\/2020\/09\/IMGP0017-845x684.jpg 845w\" sizes=\"(max-width: 495px) 100vw, 495px\" \/><div class='big-prev-fake'><img decoding=\"async\" loading=\"lazy\" class=\"wp-image-684 avia-img-lazy-loading-684\"  width=\"495\" height=\"400\" src=\"https:\/\/www.vfl-westercelle.de\/tri-rsp\/wp-content\/uploads\/sites\/7\/2020\/09\/IMGP0017-495x400.jpg\" title='PENTAX Image' alt='' srcset=\"https:\/\/www.vfl-westercelle.de\/tri-rsp\/wp-content\/uploads\/sites\/7\/2020\/09\/IMGP0017-495x400.jpg 495w, https:\/\/www.vfl-westercelle.de\/tri-rsp\/wp-content\/uploads\/sites\/7\/2020\/09\/IMGP0017-845x684.jpg 845w\" sizes=\"auto, (max-width: 495px) 100vw, 495px\" \/><\/div><\/a><a href=\"https:\/\/www.vfl-westercelle.de\/tri-rsp\/wp-content\/uploads\/sites\/7\/2020\/09\/IMGP0018-1030x773.jpg\" data-srcset=\"https:\/\/www.vfl-westercelle.de\/tri-rsp\/wp-content\/uploads\/sites\/7\/2020\/09\/IMGP0018-1030x773.jpg 1030w, https:\/\/www.vfl-westercelle.de\/tri-rsp\/wp-content\/uploads\/sites\/7\/2020\/09\/IMGP0018-300x225.jpg 300w, https:\/\/www.vfl-westercelle.de\/tri-rsp\/wp-content\/uploads\/sites\/7\/2020\/09\/IMGP0018-768x576.jpg 768w, https:\/\/www.vfl-westercelle.de\/tri-rsp\/wp-content\/uploads\/sites\/7\/2020\/09\/IMGP0018-1536x1152.jpg 1536w, https:\/\/www.vfl-westercelle.de\/tri-rsp\/wp-content\/uploads\/sites\/7\/2020\/09\/IMGP0018-2048x1536.jpg 2048w, https:\/\/www.vfl-westercelle.de\/tri-rsp\/wp-content\/uploads\/sites\/7\/2020\/09\/IMGP0018-1500x1125.jpg 1500w, https:\/\/www.vfl-westercelle.de\/tri-rsp\/wp-content\/uploads\/sites\/7\/2020\/09\/IMGP0018-705x529.jpg 705w\" data-sizes=\"(max-width: 1030px) 100vw, 1030px\" data-rel='gallery-1' data-prev-img='https:\/\/www.vfl-westercelle.de\/tri-rsp\/wp-content\/uploads\/sites\/7\/2020\/09\/IMGP0018-495x400.jpg' class='lightbox ' data-onclick='22' title='PENTAX Image'  itemprop=\"thumbnailUrl\"  ><img decoding=\"async\" fetchpriority=\"high\" class=\"wp-image-685 avia-img-lazy-loading-not-685\"  data-avia-tooltip='PENTAX Image' src=\"https:\/\/www.vfl-westercelle.de\/tri-rsp\/wp-content\/uploads\/sites\/7\/2020\/09\/IMGP0018-495x400.jpg\" width=\"495\" height=\"400\"  title='PENTAX Image' alt='' srcset=\"https:\/\/www.vfl-westercelle.de\/tri-rsp\/wp-content\/uploads\/sites\/7\/2020\/09\/IMGP0018-495x400.jpg 495w, https:\/\/www.vfl-westercelle.de\/tri-rsp\/wp-content\/uploads\/sites\/7\/2020\/09\/IMGP0018-845x684.jpg 845w\" sizes=\"(max-width: 495px) 100vw, 495px\" \/><div class='big-prev-fake'><img decoding=\"async\" loading=\"lazy\" class=\"wp-image-685 avia-img-lazy-loading-685\"  width=\"495\" height=\"400\" src=\"https:\/\/www.vfl-westercelle.de\/tri-rsp\/wp-content\/uploads\/sites\/7\/2020\/09\/IMGP0018-495x400.jpg\" title='PENTAX Image' alt='' srcset=\"https:\/\/www.vfl-westercelle.de\/tri-rsp\/wp-content\/uploads\/sites\/7\/2020\/09\/IMGP0018-495x400.jpg 495w, https:\/\/www.vfl-westercelle.de\/tri-rsp\/wp-content\/uploads\/sites\/7\/2020\/09\/IMGP0018-845x684.jpg 845w\" sizes=\"auto, (max-width: 495px) 100vw, 495px\" \/><\/div><\/a><a href=\"https:\/\/www.vfl-westercelle.de\/tri-rsp\/wp-content\/uploads\/sites\/7\/2020\/09\/IMGP0019-1030x773.jpg\" data-srcset=\"https:\/\/www.vfl-westercelle.de\/tri-rsp\/wp-content\/uploads\/sites\/7\/2020\/09\/IMGP0019-1030x773.jpg 1030w, https:\/\/www.vfl-westercelle.de\/tri-rsp\/wp-content\/uploads\/sites\/7\/2020\/09\/IMGP0019-300x225.jpg 300w, https:\/\/www.vfl-westercelle.de\/tri-rsp\/wp-content\/uploads\/sites\/7\/2020\/09\/IMGP0019-768x576.jpg 768w, https:\/\/www.vfl-westercelle.de\/tri-rsp\/wp-content\/uploads\/sites\/7\/2020\/09\/IMGP0019-1536x1152.jpg 1536w, https:\/\/www.vfl-westercelle.de\/tri-rsp\/wp-content\/uploads\/sites\/7\/2020\/09\/IMGP0019-2048x1536.jpg 2048w, https:\/\/www.vfl-westercelle.de\/tri-rsp\/wp-content\/uploads\/sites\/7\/2020\/09\/IMGP0019-1500x1125.jpg 1500w, https:\/\/www.vfl-westercelle.de\/tri-rsp\/wp-content\/uploads\/sites\/7\/2020\/09\/IMGP0019-705x529.jpg 705w\" data-sizes=\"(max-width: 1030px) 100vw, 1030px\" data-rel='gallery-1' data-prev-img='https:\/\/www.vfl-westercelle.de\/tri-rsp\/wp-content\/uploads\/sites\/7\/2020\/09\/IMGP0019-495x400.jpg' class='lightbox ' data-onclick='23' title='PENTAX Image'  itemprop=\"thumbnailUrl\"  ><img decoding=\"async\" fetchpriority=\"high\" class=\"wp-image-686 avia-img-lazy-loading-not-686\"  data-avia-tooltip='PENTAX Image' src=\"https:\/\/www.vfl-westercelle.de\/tri-rsp\/wp-content\/uploads\/sites\/7\/2020\/09\/IMGP0019-495x400.jpg\" width=\"495\" height=\"400\"  title='PENTAX Image' alt='' srcset=\"https:\/\/www.vfl-westercelle.de\/tri-rsp\/wp-content\/uploads\/sites\/7\/2020\/09\/IMGP0019-495x400.jpg 495w, https:\/\/www.vfl-westercelle.de\/tri-rsp\/wp-content\/uploads\/sites\/7\/2020\/09\/IMGP0019-845x684.jpg 845w\" sizes=\"(max-width: 495px) 100vw, 495px\" \/><div class='big-prev-fake'><img decoding=\"async\" loading=\"lazy\" class=\"wp-image-686 avia-img-lazy-loading-686\"  width=\"495\" height=\"400\" src=\"https:\/\/www.vfl-westercelle.de\/tri-rsp\/wp-content\/uploads\/sites\/7\/2020\/09\/IMGP0019-495x400.jpg\" title='PENTAX Image' alt='' srcset=\"https:\/\/www.vfl-westercelle.de\/tri-rsp\/wp-content\/uploads\/sites\/7\/2020\/09\/IMGP0019-495x400.jpg 495w, https:\/\/www.vfl-westercelle.de\/tri-rsp\/wp-content\/uploads\/sites\/7\/2020\/09\/IMGP0019-845x684.jpg 845w\" sizes=\"auto, (max-width: 495px) 100vw, 495px\" \/><\/div><\/a><a href=\"https:\/\/www.vfl-westercelle.de\/tri-rsp\/wp-content\/uploads\/sites\/7\/2020\/09\/IMGP0020-1030x773.jpg\" data-srcset=\"https:\/\/www.vfl-westercelle.de\/tri-rsp\/wp-content\/uploads\/sites\/7\/2020\/09\/IMGP0020-1030x773.jpg 1030w, https:\/\/www.vfl-westercelle.de\/tri-rsp\/wp-content\/uploads\/sites\/7\/2020\/09\/IMGP0020-300x225.jpg 300w, https:\/\/www.vfl-westercelle.de\/tri-rsp\/wp-content\/uploads\/sites\/7\/2020\/09\/IMGP0020-768x576.jpg 768w, https:\/\/www.vfl-westercelle.de\/tri-rsp\/wp-content\/uploads\/sites\/7\/2020\/09\/IMGP0020-1536x1152.jpg 1536w, https:\/\/www.vfl-westercelle.de\/tri-rsp\/wp-content\/uploads\/sites\/7\/2020\/09\/IMGP0020-2048x1536.jpg 2048w, https:\/\/www.vfl-westercelle.de\/tri-rsp\/wp-content\/uploads\/sites\/7\/2020\/09\/IMGP0020-1500x1125.jpg 1500w, https:\/\/www.vfl-westercelle.de\/tri-rsp\/wp-content\/uploads\/sites\/7\/2020\/09\/IMGP0020-705x529.jpg 705w\" data-sizes=\"(max-width: 1030px) 100vw, 1030px\" data-rel='gallery-1' data-prev-img='https:\/\/www.vfl-westercelle.de\/tri-rsp\/wp-content\/uploads\/sites\/7\/2020\/09\/IMGP0020-495x400.jpg' class='lightbox ' data-onclick='24' title='PENTAX Image'  itemprop=\"thumbnailUrl\"  ><img decoding=\"async\" fetchpriority=\"high\" class=\"wp-image-687 avia-img-lazy-loading-not-687\"  data-avia-tooltip='PENTAX Image' src=\"https:\/\/www.vfl-westercelle.de\/tri-rsp\/wp-content\/uploads\/sites\/7\/2020\/09\/IMGP0020-495x400.jpg\" width=\"495\" height=\"400\"  title='PENTAX Image' alt='' srcset=\"https:\/\/www.vfl-westercelle.de\/tri-rsp\/wp-content\/uploads\/sites\/7\/2020\/09\/IMGP0020-495x400.jpg 495w, https:\/\/www.vfl-westercelle.de\/tri-rsp\/wp-content\/uploads\/sites\/7\/2020\/09\/IMGP0020-845x684.jpg 845w\" sizes=\"(max-width: 495px) 100vw, 495px\" \/><div class='big-prev-fake'><img decoding=\"async\" loading=\"lazy\" class=\"wp-image-687 avia-img-lazy-loading-687\"  width=\"495\" height=\"400\" src=\"https:\/\/www.vfl-westercelle.de\/tri-rsp\/wp-content\/uploads\/sites\/7\/2020\/09\/IMGP0020-495x400.jpg\" title='PENTAX Image' alt='' srcset=\"https:\/\/www.vfl-westercelle.de\/tri-rsp\/wp-content\/uploads\/sites\/7\/2020\/09\/IMGP0020-495x400.jpg 495w, https:\/\/www.vfl-westercelle.de\/tri-rsp\/wp-content\/uploads\/sites\/7\/2020\/09\/IMGP0020-845x684.jpg 845w\" sizes=\"auto, (max-width: 495px) 100vw, 495px\" \/><\/div><\/a><a href=\"https:\/\/www.vfl-westercelle.de\/tri-rsp\/wp-content\/uploads\/sites\/7\/2020\/09\/IMGP0021-1030x773.jpg\" data-srcset=\"https:\/\/www.vfl-westercelle.de\/tri-rsp\/wp-content\/uploads\/sites\/7\/2020\/09\/IMGP0021-1030x773.jpg 1030w, https:\/\/www.vfl-westercelle.de\/tri-rsp\/wp-content\/uploads\/sites\/7\/2020\/09\/IMGP0021-300x225.jpg 300w, https:\/\/www.vfl-westercelle.de\/tri-rsp\/wp-content\/uploads\/sites\/7\/2020\/09\/IMGP0021-768x576.jpg 768w, https:\/\/www.vfl-westercelle.de\/tri-rsp\/wp-content\/uploads\/sites\/7\/2020\/09\/IMGP0021-1536x1152.jpg 1536w, https:\/\/www.vfl-westercelle.de\/tri-rsp\/wp-content\/uploads\/sites\/7\/2020\/09\/IMGP0021-2048x1536.jpg 2048w, https:\/\/www.vfl-westercelle.de\/tri-rsp\/wp-content\/uploads\/sites\/7\/2020\/09\/IMGP0021-1500x1125.jpg 1500w, https:\/\/www.vfl-westercelle.de\/tri-rsp\/wp-content\/uploads\/sites\/7\/2020\/09\/IMGP0021-705x529.jpg 705w\" data-sizes=\"(max-width: 1030px) 100vw, 1030px\" data-rel='gallery-1' data-prev-img='https:\/\/www.vfl-westercelle.de\/tri-rsp\/wp-content\/uploads\/sites\/7\/2020\/09\/IMGP0021-495x400.jpg' class='lightbox ' data-onclick='25' title='PENTAX Image'  itemprop=\"thumbnailUrl\"  ><img decoding=\"async\" fetchpriority=\"high\" class=\"wp-image-688 avia-img-lazy-loading-not-688\"  data-avia-tooltip='PENTAX Image' src=\"https:\/\/www.vfl-westercelle.de\/tri-rsp\/wp-content\/uploads\/sites\/7\/2020\/09\/IMGP0021-495x400.jpg\" width=\"495\" height=\"400\"  title='PENTAX Image' alt='' srcset=\"https:\/\/www.vfl-westercelle.de\/tri-rsp\/wp-content\/uploads\/sites\/7\/2020\/09\/IMGP0021-495x400.jpg 495w, https:\/\/www.vfl-westercelle.de\/tri-rsp\/wp-content\/uploads\/sites\/7\/2020\/09\/IMGP0021-845x684.jpg 845w\" sizes=\"(max-width: 495px) 100vw, 495px\" \/><div class='big-prev-fake'><img decoding=\"async\" loading=\"lazy\" class=\"wp-image-688 avia-img-lazy-loading-688\"  width=\"495\" height=\"400\" src=\"https:\/\/www.vfl-westercelle.de\/tri-rsp\/wp-content\/uploads\/sites\/7\/2020\/09\/IMGP0021-495x400.jpg\" title='PENTAX Image' alt='' srcset=\"https:\/\/www.vfl-westercelle.de\/tri-rsp\/wp-content\/uploads\/sites\/7\/2020\/09\/IMGP0021-495x400.jpg 495w, https:\/\/www.vfl-westercelle.de\/tri-rsp\/wp-content\/uploads\/sites\/7\/2020\/09\/IMGP0021-845x684.jpg 845w\" sizes=\"auto, (max-width: 495px) 100vw, 495px\" \/><\/div><\/a><a href=\"https:\/\/www.vfl-westercelle.de\/tri-rsp\/wp-content\/uploads\/sites\/7\/2020\/09\/IMGP0022-1030x773.jpg\" data-srcset=\"https:\/\/www.vfl-westercelle.de\/tri-rsp\/wp-content\/uploads\/sites\/7\/2020\/09\/IMGP0022-1030x773.jpg 1030w, https:\/\/www.vfl-westercelle.de\/tri-rsp\/wp-content\/uploads\/sites\/7\/2020\/09\/IMGP0022-300x225.jpg 300w, https:\/\/www.vfl-westercelle.de\/tri-rsp\/wp-content\/uploads\/sites\/7\/2020\/09\/IMGP0022-768x576.jpg 768w, https:\/\/www.vfl-westercelle.de\/tri-rsp\/wp-content\/uploads\/sites\/7\/2020\/09\/IMGP0022-1536x1152.jpg 1536w, https:\/\/www.vfl-westercelle.de\/tri-rsp\/wp-content\/uploads\/sites\/7\/2020\/09\/IMGP0022-2048x1536.jpg 2048w, https:\/\/www.vfl-westercelle.de\/tri-rsp\/wp-content\/uploads\/sites\/7\/2020\/09\/IMGP0022-1500x1125.jpg 1500w, https:\/\/www.vfl-westercelle.de\/tri-rsp\/wp-content\/uploads\/sites\/7\/2020\/09\/IMGP0022-705x529.jpg 705w\" data-sizes=\"(max-width: 1030px) 100vw, 1030px\" data-rel='gallery-1' data-prev-img='https:\/\/www.vfl-westercelle.de\/tri-rsp\/wp-content\/uploads\/sites\/7\/2020\/09\/IMGP0022-495x400.jpg' class='first_thumb lightbox ' data-onclick='26' title='PENTAX Image'  itemprop=\"thumbnailUrl\"  ><img decoding=\"async\" fetchpriority=\"high\" class=\"wp-image-689 avia-img-lazy-loading-not-689\"  data-avia-tooltip='PENTAX Image' src=\"https:\/\/www.vfl-westercelle.de\/tri-rsp\/wp-content\/uploads\/sites\/7\/2020\/09\/IMGP0022-495x400.jpg\" width=\"495\" height=\"400\"  title='PENTAX Image' alt='' srcset=\"https:\/\/www.vfl-westercelle.de\/tri-rsp\/wp-content\/uploads\/sites\/7\/2020\/09\/IMGP0022-495x400.jpg 495w, https:\/\/www.vfl-westercelle.de\/tri-rsp\/wp-content\/uploads\/sites\/7\/2020\/09\/IMGP0022-845x684.jpg 845w\" sizes=\"(max-width: 495px) 100vw, 495px\" \/><div class='big-prev-fake'><img decoding=\"async\" loading=\"lazy\" class=\"wp-image-689 avia-img-lazy-loading-689\"  width=\"495\" height=\"400\" src=\"https:\/\/www.vfl-westercelle.de\/tri-rsp\/wp-content\/uploads\/sites\/7\/2020\/09\/IMGP0022-495x400.jpg\" title='PENTAX Image' alt='' srcset=\"https:\/\/www.vfl-westercelle.de\/tri-rsp\/wp-content\/uploads\/sites\/7\/2020\/09\/IMGP0022-495x400.jpg 495w, https:\/\/www.vfl-westercelle.de\/tri-rsp\/wp-content\/uploads\/sites\/7\/2020\/09\/IMGP0022-845x684.jpg 845w\" sizes=\"auto, (max-width: 495px) 100vw, 495px\" \/><\/div><\/a><a href=\"https:\/\/www.vfl-westercelle.de\/tri-rsp\/wp-content\/uploads\/sites\/7\/2020\/09\/IMGP0023-1030x773.jpg\" data-srcset=\"https:\/\/www.vfl-westercelle.de\/tri-rsp\/wp-content\/uploads\/sites\/7\/2020\/09\/IMGP0023-1030x773.jpg 1030w, https:\/\/www.vfl-westercelle.de\/tri-rsp\/wp-content\/uploads\/sites\/7\/2020\/09\/IMGP0023-300x225.jpg 300w, https:\/\/www.vfl-westercelle.de\/tri-rsp\/wp-content\/uploads\/sites\/7\/2020\/09\/IMGP0023-768x576.jpg 768w, https:\/\/www.vfl-westercelle.de\/tri-rsp\/wp-content\/uploads\/sites\/7\/2020\/09\/IMGP0023-1536x1152.jpg 1536w, https:\/\/www.vfl-westercelle.de\/tri-rsp\/wp-content\/uploads\/sites\/7\/2020\/09\/IMGP0023-2048x1536.jpg 2048w, https:\/\/www.vfl-westercelle.de\/tri-rsp\/wp-content\/uploads\/sites\/7\/2020\/09\/IMGP0023-1500x1125.jpg 1500w, https:\/\/www.vfl-westercelle.de\/tri-rsp\/wp-content\/uploads\/sites\/7\/2020\/09\/IMGP0023-705x529.jpg 705w\" data-sizes=\"(max-width: 1030px) 100vw, 1030px\" data-rel='gallery-1' data-prev-img='https:\/\/www.vfl-westercelle.de\/tri-rsp\/wp-content\/uploads\/sites\/7\/2020\/09\/IMGP0023-495x400.jpg' class='lightbox ' data-onclick='27' title='PENTAX Image'  itemprop=\"thumbnailUrl\"  ><img decoding=\"async\" fetchpriority=\"high\" class=\"wp-image-690 avia-img-lazy-loading-not-690\"  data-avia-tooltip='PENTAX Image' src=\"https:\/\/www.vfl-westercelle.de\/tri-rsp\/wp-content\/uploads\/sites\/7\/2020\/09\/IMGP0023-495x400.jpg\" width=\"495\" height=\"400\"  title='PENTAX Image' alt='' srcset=\"https:\/\/www.vfl-westercelle.de\/tri-rsp\/wp-content\/uploads\/sites\/7\/2020\/09\/IMGP0023-495x400.jpg 495w, https:\/\/www.vfl-westercelle.de\/tri-rsp\/wp-content\/uploads\/sites\/7\/2020\/09\/IMGP0023-845x684.jpg 845w\" sizes=\"(max-width: 495px) 100vw, 495px\" \/><div class='big-prev-fake'><img decoding=\"async\" loading=\"lazy\" class=\"wp-image-690 avia-img-lazy-loading-690\"  width=\"495\" height=\"400\" src=\"https:\/\/www.vfl-westercelle.de\/tri-rsp\/wp-content\/uploads\/sites\/7\/2020\/09\/IMGP0023-495x400.jpg\" title='PENTAX Image' alt='' srcset=\"https:\/\/www.vfl-westercelle.de\/tri-rsp\/wp-content\/uploads\/sites\/7\/2020\/09\/IMGP0023-495x400.jpg 495w, https:\/\/www.vfl-westercelle.de\/tri-rsp\/wp-content\/uploads\/sites\/7\/2020\/09\/IMGP0023-845x684.jpg 845w\" sizes=\"auto, (max-width: 495px) 100vw, 495px\" \/><\/div><\/a><a href=\"https:\/\/www.vfl-westercelle.de\/tri-rsp\/wp-content\/uploads\/sites\/7\/2020\/09\/IMGP0024-1030x773.jpg\" data-srcset=\"https:\/\/www.vfl-westercelle.de\/tri-rsp\/wp-content\/uploads\/sites\/7\/2020\/09\/IMGP0024-1030x773.jpg 1030w, https:\/\/www.vfl-westercelle.de\/tri-rsp\/wp-content\/uploads\/sites\/7\/2020\/09\/IMGP0024-300x225.jpg 300w, https:\/\/www.vfl-westercelle.de\/tri-rsp\/wp-content\/uploads\/sites\/7\/2020\/09\/IMGP0024-768x576.jpg 768w, https:\/\/www.vfl-westercelle.de\/tri-rsp\/wp-content\/uploads\/sites\/7\/2020\/09\/IMGP0024-1536x1152.jpg 1536w, https:\/\/www.vfl-westercelle.de\/tri-rsp\/wp-content\/uploads\/sites\/7\/2020\/09\/IMGP0024-2048x1536.jpg 2048w, https:\/\/www.vfl-westercelle.de\/tri-rsp\/wp-content\/uploads\/sites\/7\/2020\/09\/IMGP0024-1500x1125.jpg 1500w, https:\/\/www.vfl-westercelle.de\/tri-rsp\/wp-content\/uploads\/sites\/7\/2020\/09\/IMGP0024-705x529.jpg 705w\" data-sizes=\"(max-width: 1030px) 100vw, 1030px\" data-rel='gallery-1' data-prev-img='https:\/\/www.vfl-westercelle.de\/tri-rsp\/wp-content\/uploads\/sites\/7\/2020\/09\/IMGP0024-495x400.jpg' class='lightbox ' data-onclick='28' title='PENTAX Image'  itemprop=\"thumbnailUrl\"  ><img decoding=\"async\" fetchpriority=\"high\" class=\"wp-image-691 avia-img-lazy-loading-not-691\"  data-avia-tooltip='PENTAX Image' src=\"https:\/\/www.vfl-westercelle.de\/tri-rsp\/wp-content\/uploads\/sites\/7\/2020\/09\/IMGP0024-495x400.jpg\" width=\"495\" height=\"400\"  title='PENTAX Image' alt='' srcset=\"https:\/\/www.vfl-westercelle.de\/tri-rsp\/wp-content\/uploads\/sites\/7\/2020\/09\/IMGP0024-495x400.jpg 495w, https:\/\/www.vfl-westercelle.de\/tri-rsp\/wp-content\/uploads\/sites\/7\/2020\/09\/IMGP0024-845x684.jpg 845w\" sizes=\"(max-width: 495px) 100vw, 495px\" \/><div class='big-prev-fake'><img decoding=\"async\" loading=\"lazy\" class=\"wp-image-691 avia-img-lazy-loading-691\"  width=\"495\" height=\"400\" src=\"https:\/\/www.vfl-westercelle.de\/tri-rsp\/wp-content\/uploads\/sites\/7\/2020\/09\/IMGP0024-495x400.jpg\" title='PENTAX Image' alt='' srcset=\"https:\/\/www.vfl-westercelle.de\/tri-rsp\/wp-content\/uploads\/sites\/7\/2020\/09\/IMGP0024-495x400.jpg 495w, https:\/\/www.vfl-westercelle.de\/tri-rsp\/wp-content\/uploads\/sites\/7\/2020\/09\/IMGP0024-845x684.jpg 845w\" sizes=\"auto, (max-width: 495px) 100vw, 495px\" \/><\/div><\/a><a href=\"https:\/\/www.vfl-westercelle.de\/tri-rsp\/wp-content\/uploads\/sites\/7\/2020\/09\/IMGP0025-1030x773.jpg\" data-srcset=\"https:\/\/www.vfl-westercelle.de\/tri-rsp\/wp-content\/uploads\/sites\/7\/2020\/09\/IMGP0025-1030x773.jpg 1030w, https:\/\/www.vfl-westercelle.de\/tri-rsp\/wp-content\/uploads\/sites\/7\/2020\/09\/IMGP0025-300x225.jpg 300w, https:\/\/www.vfl-westercelle.de\/tri-rsp\/wp-content\/uploads\/sites\/7\/2020\/09\/IMGP0025-768x576.jpg 768w, https:\/\/www.vfl-westercelle.de\/tri-rsp\/wp-content\/uploads\/sites\/7\/2020\/09\/IMGP0025-1536x1152.jpg 1536w, https:\/\/www.vfl-westercelle.de\/tri-rsp\/wp-content\/uploads\/sites\/7\/2020\/09\/IMGP0025-2048x1536.jpg 2048w, https:\/\/www.vfl-westercelle.de\/tri-rsp\/wp-content\/uploads\/sites\/7\/2020\/09\/IMGP0025-1500x1125.jpg 1500w, https:\/\/www.vfl-westercelle.de\/tri-rsp\/wp-content\/uploads\/sites\/7\/2020\/09\/IMGP0025-705x529.jpg 705w\" data-sizes=\"(max-width: 1030px) 100vw, 1030px\" data-rel='gallery-1' data-prev-img='https:\/\/www.vfl-westercelle.de\/tri-rsp\/wp-content\/uploads\/sites\/7\/2020\/09\/IMGP0025-495x400.jpg' class='lightbox ' data-onclick='29' title='PENTAX Image'  itemprop=\"thumbnailUrl\"  ><img decoding=\"async\" fetchpriority=\"high\" class=\"wp-image-692 avia-img-lazy-loading-not-692\"  data-avia-tooltip='PENTAX Image' src=\"https:\/\/www.vfl-westercelle.de\/tri-rsp\/wp-content\/uploads\/sites\/7\/2020\/09\/IMGP0025-495x400.jpg\" width=\"495\" height=\"400\"  title='PENTAX Image' alt='' srcset=\"https:\/\/www.vfl-westercelle.de\/tri-rsp\/wp-content\/uploads\/sites\/7\/2020\/09\/IMGP0025-495x400.jpg 495w, https:\/\/www.vfl-westercelle.de\/tri-rsp\/wp-content\/uploads\/sites\/7\/2020\/09\/IMGP0025-845x684.jpg 845w\" sizes=\"(max-width: 495px) 100vw, 495px\" \/><div class='big-prev-fake'><img decoding=\"async\" loading=\"lazy\" class=\"wp-image-692 avia-img-lazy-loading-692\"  width=\"495\" height=\"400\" src=\"https:\/\/www.vfl-westercelle.de\/tri-rsp\/wp-content\/uploads\/sites\/7\/2020\/09\/IMGP0025-495x400.jpg\" title='PENTAX Image' alt='' srcset=\"https:\/\/www.vfl-westercelle.de\/tri-rsp\/wp-content\/uploads\/sites\/7\/2020\/09\/IMGP0025-495x400.jpg 495w, https:\/\/www.vfl-westercelle.de\/tri-rsp\/wp-content\/uploads\/sites\/7\/2020\/09\/IMGP0025-845x684.jpg 845w\" sizes=\"auto, (max-width: 495px) 100vw, 495px\" \/><\/div><\/a><a href=\"https:\/\/www.vfl-westercelle.de\/tri-rsp\/wp-content\/uploads\/sites\/7\/2020\/09\/IMGP0026-1030x773.jpg\" data-srcset=\"https:\/\/www.vfl-westercelle.de\/tri-rsp\/wp-content\/uploads\/sites\/7\/2020\/09\/IMGP0026-1030x773.jpg 1030w, https:\/\/www.vfl-westercelle.de\/tri-rsp\/wp-content\/uploads\/sites\/7\/2020\/09\/IMGP0026-300x225.jpg 300w, https:\/\/www.vfl-westercelle.de\/tri-rsp\/wp-content\/uploads\/sites\/7\/2020\/09\/IMGP0026-768x576.jpg 768w, https:\/\/www.vfl-westercelle.de\/tri-rsp\/wp-content\/uploads\/sites\/7\/2020\/09\/IMGP0026-1536x1152.jpg 1536w, https:\/\/www.vfl-westercelle.de\/tri-rsp\/wp-content\/uploads\/sites\/7\/2020\/09\/IMGP0026-2048x1536.jpg 2048w, https:\/\/www.vfl-westercelle.de\/tri-rsp\/wp-content\/uploads\/sites\/7\/2020\/09\/IMGP0026-1500x1125.jpg 1500w, https:\/\/www.vfl-westercelle.de\/tri-rsp\/wp-content\/uploads\/sites\/7\/2020\/09\/IMGP0026-705x529.jpg 705w\" data-sizes=\"(max-width: 1030px) 100vw, 1030px\" data-rel='gallery-1' data-prev-img='https:\/\/www.vfl-westercelle.de\/tri-rsp\/wp-content\/uploads\/sites\/7\/2020\/09\/IMGP0026-495x400.jpg' class='lightbox ' data-onclick='30' title='PENTAX Image'  itemprop=\"thumbnailUrl\"  ><img decoding=\"async\" fetchpriority=\"high\" class=\"wp-image-693 avia-img-lazy-loading-not-693\"  data-avia-tooltip='PENTAX Image' src=\"https:\/\/www.vfl-westercelle.de\/tri-rsp\/wp-content\/uploads\/sites\/7\/2020\/09\/IMGP0026-495x400.jpg\" width=\"495\" height=\"400\"  title='PENTAX Image' alt='' srcset=\"https:\/\/www.vfl-westercelle.de\/tri-rsp\/wp-content\/uploads\/sites\/7\/2020\/09\/IMGP0026-495x400.jpg 495w, https:\/\/www.vfl-westercelle.de\/tri-rsp\/wp-content\/uploads\/sites\/7\/2020\/09\/IMGP0026-845x684.jpg 845w\" sizes=\"(max-width: 495px) 100vw, 495px\" \/><div class='big-prev-fake'><img decoding=\"async\" loading=\"lazy\" class=\"wp-image-693 avia-img-lazy-loading-693\"  width=\"495\" height=\"400\" src=\"https:\/\/www.vfl-westercelle.de\/tri-rsp\/wp-content\/uploads\/sites\/7\/2020\/09\/IMGP0026-495x400.jpg\" title='PENTAX Image' alt='' srcset=\"https:\/\/www.vfl-westercelle.de\/tri-rsp\/wp-content\/uploads\/sites\/7\/2020\/09\/IMGP0026-495x400.jpg 495w, https:\/\/www.vfl-westercelle.de\/tri-rsp\/wp-content\/uploads\/sites\/7\/2020\/09\/IMGP0026-845x684.jpg 845w\" sizes=\"auto, (max-width: 495px) 100vw, 495px\" \/><\/div><\/a><a href=\"https:\/\/www.vfl-westercelle.de\/tri-rsp\/wp-content\/uploads\/sites\/7\/2020\/09\/IMGP0027-1030x773.jpg\" data-srcset=\"https:\/\/www.vfl-westercelle.de\/tri-rsp\/wp-content\/uploads\/sites\/7\/2020\/09\/IMGP0027-1030x773.jpg 1030w, https:\/\/www.vfl-westercelle.de\/tri-rsp\/wp-content\/uploads\/sites\/7\/2020\/09\/IMGP0027-300x225.jpg 300w, https:\/\/www.vfl-westercelle.de\/tri-rsp\/wp-content\/uploads\/sites\/7\/2020\/09\/IMGP0027-768x576.jpg 768w, https:\/\/www.vfl-westercelle.de\/tri-rsp\/wp-content\/uploads\/sites\/7\/2020\/09\/IMGP0027-1536x1152.jpg 1536w, https:\/\/www.vfl-westercelle.de\/tri-rsp\/wp-content\/uploads\/sites\/7\/2020\/09\/IMGP0027-2048x1536.jpg 2048w, https:\/\/www.vfl-westercelle.de\/tri-rsp\/wp-content\/uploads\/sites\/7\/2020\/09\/IMGP0027-1500x1125.jpg 1500w, https:\/\/www.vfl-westercelle.de\/tri-rsp\/wp-content\/uploads\/sites\/7\/2020\/09\/IMGP0027-705x529.jpg 705w\" data-sizes=\"(max-width: 1030px) 100vw, 1030px\" data-rel='gallery-1' data-prev-img='https:\/\/www.vfl-westercelle.de\/tri-rsp\/wp-content\/uploads\/sites\/7\/2020\/09\/IMGP0027-495x400.jpg' class='first_thumb lightbox ' data-onclick='31' title='PENTAX Image'  itemprop=\"thumbnailUrl\"  ><img decoding=\"async\" fetchpriority=\"high\" class=\"wp-image-694 avia-img-lazy-loading-not-694\"  data-avia-tooltip='PENTAX Image' src=\"https:\/\/www.vfl-westercelle.de\/tri-rsp\/wp-content\/uploads\/sites\/7\/2020\/09\/IMGP0027-495x400.jpg\" width=\"495\" height=\"400\"  title='PENTAX Image' alt='' srcset=\"https:\/\/www.vfl-westercelle.de\/tri-rsp\/wp-content\/uploads\/sites\/7\/2020\/09\/IMGP0027-495x400.jpg 495w, https:\/\/www.vfl-westercelle.de\/tri-rsp\/wp-content\/uploads\/sites\/7\/2020\/09\/IMGP0027-845x684.jpg 845w\" sizes=\"(max-width: 495px) 100vw, 495px\" \/><div class='big-prev-fake'><img decoding=\"async\" loading=\"lazy\" class=\"wp-image-694 avia-img-lazy-loading-694\"  width=\"495\" height=\"400\" src=\"https:\/\/www.vfl-westercelle.de\/tri-rsp\/wp-content\/uploads\/sites\/7\/2020\/09\/IMGP0027-495x400.jpg\" title='PENTAX Image' alt='' srcset=\"https:\/\/www.vfl-westercelle.de\/tri-rsp\/wp-content\/uploads\/sites\/7\/2020\/09\/IMGP0027-495x400.jpg 495w, https:\/\/www.vfl-westercelle.de\/tri-rsp\/wp-content\/uploads\/sites\/7\/2020\/09\/IMGP0027-845x684.jpg 845w\" sizes=\"auto, (max-width: 495px) 100vw, 495px\" \/><\/div><\/a><a href=\"https:\/\/www.vfl-westercelle.de\/tri-rsp\/wp-content\/uploads\/sites\/7\/2020\/09\/IMGP0028-1030x773.jpg\" data-srcset=\"https:\/\/www.vfl-westercelle.de\/tri-rsp\/wp-content\/uploads\/sites\/7\/2020\/09\/IMGP0028-1030x773.jpg 1030w, https:\/\/www.vfl-westercelle.de\/tri-rsp\/wp-content\/uploads\/sites\/7\/2020\/09\/IMGP0028-300x225.jpg 300w, https:\/\/www.vfl-westercelle.de\/tri-rsp\/wp-content\/uploads\/sites\/7\/2020\/09\/IMGP0028-768x576.jpg 768w, https:\/\/www.vfl-westercelle.de\/tri-rsp\/wp-content\/uploads\/sites\/7\/2020\/09\/IMGP0028-1536x1152.jpg 1536w, https:\/\/www.vfl-westercelle.de\/tri-rsp\/wp-content\/uploads\/sites\/7\/2020\/09\/IMGP0028-2048x1536.jpg 2048w, https:\/\/www.vfl-westercelle.de\/tri-rsp\/wp-content\/uploads\/sites\/7\/2020\/09\/IMGP0028-1500x1125.jpg 1500w, https:\/\/www.vfl-westercelle.de\/tri-rsp\/wp-content\/uploads\/sites\/7\/2020\/09\/IMGP0028-705x529.jpg 705w\" data-sizes=\"(max-width: 1030px) 100vw, 1030px\" data-rel='gallery-1' data-prev-img='https:\/\/www.vfl-westercelle.de\/tri-rsp\/wp-content\/uploads\/sites\/7\/2020\/09\/IMGP0028-495x400.jpg' class='lightbox ' data-onclick='32' title='PENTAX Image'  itemprop=\"thumbnailUrl\"  ><img decoding=\"async\" fetchpriority=\"high\" class=\"wp-image-695 avia-img-lazy-loading-not-695\"  data-avia-tooltip='PENTAX Image' src=\"https:\/\/www.vfl-westercelle.de\/tri-rsp\/wp-content\/uploads\/sites\/7\/2020\/09\/IMGP0028-495x400.jpg\" width=\"495\" height=\"400\"  title='PENTAX Image' alt='' srcset=\"https:\/\/www.vfl-westercelle.de\/tri-rsp\/wp-content\/uploads\/sites\/7\/2020\/09\/IMGP0028-495x400.jpg 495w, https:\/\/www.vfl-westercelle.de\/tri-rsp\/wp-content\/uploads\/sites\/7\/2020\/09\/IMGP0028-845x684.jpg 845w\" sizes=\"(max-width: 495px) 100vw, 495px\" \/><div class='big-prev-fake'><img decoding=\"async\" loading=\"lazy\" class=\"wp-image-695 avia-img-lazy-loading-695\"  width=\"495\" height=\"400\" src=\"https:\/\/www.vfl-westercelle.de\/tri-rsp\/wp-content\/uploads\/sites\/7\/2020\/09\/IMGP0028-495x400.jpg\" title='PENTAX Image' alt='' srcset=\"https:\/\/www.vfl-westercelle.de\/tri-rsp\/wp-content\/uploads\/sites\/7\/2020\/09\/IMGP0028-495x400.jpg 495w, https:\/\/www.vfl-westercelle.de\/tri-rsp\/wp-content\/uploads\/sites\/7\/2020\/09\/IMGP0028-845x684.jpg 845w\" sizes=\"auto, (max-width: 495px) 100vw, 495px\" \/><\/div><\/a><a href=\"https:\/\/www.vfl-westercelle.de\/tri-rsp\/wp-content\/uploads\/sites\/7\/2020\/09\/IMGP0029-1030x773.jpg\" data-srcset=\"https:\/\/www.vfl-westercelle.de\/tri-rsp\/wp-content\/uploads\/sites\/7\/2020\/09\/IMGP0029-1030x773.jpg 1030w, https:\/\/www.vfl-westercelle.de\/tri-rsp\/wp-content\/uploads\/sites\/7\/2020\/09\/IMGP0029-300x225.jpg 300w, https:\/\/www.vfl-westercelle.de\/tri-rsp\/wp-content\/uploads\/sites\/7\/2020\/09\/IMGP0029-768x576.jpg 768w, https:\/\/www.vfl-westercelle.de\/tri-rsp\/wp-content\/uploads\/sites\/7\/2020\/09\/IMGP0029-1536x1152.jpg 1536w, https:\/\/www.vfl-westercelle.de\/tri-rsp\/wp-content\/uploads\/sites\/7\/2020\/09\/IMGP0029-2048x1536.jpg 2048w, https:\/\/www.vfl-westercelle.de\/tri-rsp\/wp-content\/uploads\/sites\/7\/2020\/09\/IMGP0029-1500x1125.jpg 1500w, https:\/\/www.vfl-westercelle.de\/tri-rsp\/wp-content\/uploads\/sites\/7\/2020\/09\/IMGP0029-705x529.jpg 705w\" data-sizes=\"(max-width: 1030px) 100vw, 1030px\" data-rel='gallery-1' data-prev-img='https:\/\/www.vfl-westercelle.de\/tri-rsp\/wp-content\/uploads\/sites\/7\/2020\/09\/IMGP0029-495x400.jpg' class='lightbox ' data-onclick='33' title='PENTAX Image'  itemprop=\"thumbnailUrl\"  ><img decoding=\"async\" fetchpriority=\"high\" class=\"wp-image-696 avia-img-lazy-loading-not-696\"  data-avia-tooltip='PENTAX Image' src=\"https:\/\/www.vfl-westercelle.de\/tri-rsp\/wp-content\/uploads\/sites\/7\/2020\/09\/IMGP0029-495x400.jpg\" width=\"495\" height=\"400\"  title='PENTAX Image' alt='' srcset=\"https:\/\/www.vfl-westercelle.de\/tri-rsp\/wp-content\/uploads\/sites\/7\/2020\/09\/IMGP0029-495x400.jpg 495w, https:\/\/www.vfl-westercelle.de\/tri-rsp\/wp-content\/uploads\/sites\/7\/2020\/09\/IMGP0029-845x684.jpg 845w\" sizes=\"(max-width: 495px) 100vw, 495px\" \/><div class='big-prev-fake'><img decoding=\"async\" loading=\"lazy\" class=\"wp-image-696 avia-img-lazy-loading-696\"  width=\"495\" height=\"400\" src=\"https:\/\/www.vfl-westercelle.de\/tri-rsp\/wp-content\/uploads\/sites\/7\/2020\/09\/IMGP0029-495x400.jpg\" title='PENTAX Image' alt='' srcset=\"https:\/\/www.vfl-westercelle.de\/tri-rsp\/wp-content\/uploads\/sites\/7\/2020\/09\/IMGP0029-495x400.jpg 495w, https:\/\/www.vfl-westercelle.de\/tri-rsp\/wp-content\/uploads\/sites\/7\/2020\/09\/IMGP0029-845x684.jpg 845w\" sizes=\"auto, (max-width: 495px) 100vw, 495px\" \/><\/div><\/a><a href=\"https:\/\/www.vfl-westercelle.de\/tri-rsp\/wp-content\/uploads\/sites\/7\/2020\/09\/IMGP0030-1030x773.jpg\" data-srcset=\"https:\/\/www.vfl-westercelle.de\/tri-rsp\/wp-content\/uploads\/sites\/7\/2020\/09\/IMGP0030-1030x773.jpg 1030w, https:\/\/www.vfl-westercelle.de\/tri-rsp\/wp-content\/uploads\/sites\/7\/2020\/09\/IMGP0030-300x225.jpg 300w, https:\/\/www.vfl-westercelle.de\/tri-rsp\/wp-content\/uploads\/sites\/7\/2020\/09\/IMGP0030-768x576.jpg 768w, https:\/\/www.vfl-westercelle.de\/tri-rsp\/wp-content\/uploads\/sites\/7\/2020\/09\/IMGP0030-1536x1152.jpg 1536w, https:\/\/www.vfl-westercelle.de\/tri-rsp\/wp-content\/uploads\/sites\/7\/2020\/09\/IMGP0030-2048x1536.jpg 2048w, https:\/\/www.vfl-westercelle.de\/tri-rsp\/wp-content\/uploads\/sites\/7\/2020\/09\/IMGP0030-1500x1125.jpg 1500w, https:\/\/www.vfl-westercelle.de\/tri-rsp\/wp-content\/uploads\/sites\/7\/2020\/09\/IMGP0030-705x529.jpg 705w\" data-sizes=\"(max-width: 1030px) 100vw, 1030px\" data-rel='gallery-1' data-prev-img='https:\/\/www.vfl-westercelle.de\/tri-rsp\/wp-content\/uploads\/sites\/7\/2020\/09\/IMGP0030-495x400.jpg' class='lightbox ' data-onclick='34' title='PENTAX Image'  itemprop=\"thumbnailUrl\"  ><img decoding=\"async\" fetchpriority=\"high\" class=\"wp-image-697 avia-img-lazy-loading-not-697\"  data-avia-tooltip='PENTAX Image' src=\"https:\/\/www.vfl-westercelle.de\/tri-rsp\/wp-content\/uploads\/sites\/7\/2020\/09\/IMGP0030-495x400.jpg\" width=\"495\" height=\"400\"  title='PENTAX Image' alt='' srcset=\"https:\/\/www.vfl-westercelle.de\/tri-rsp\/wp-content\/uploads\/sites\/7\/2020\/09\/IMGP0030-495x400.jpg 495w, https:\/\/www.vfl-westercelle.de\/tri-rsp\/wp-content\/uploads\/sites\/7\/2020\/09\/IMGP0030-845x684.jpg 845w\" sizes=\"(max-width: 495px) 100vw, 495px\" \/><div class='big-prev-fake'><img decoding=\"async\" loading=\"lazy\" class=\"wp-image-697 avia-img-lazy-loading-697\"  width=\"495\" height=\"400\" src=\"https:\/\/www.vfl-westercelle.de\/tri-rsp\/wp-content\/uploads\/sites\/7\/2020\/09\/IMGP0030-495x400.jpg\" title='PENTAX Image' alt='' srcset=\"https:\/\/www.vfl-westercelle.de\/tri-rsp\/wp-content\/uploads\/sites\/7\/2020\/09\/IMGP0030-495x400.jpg 495w, https:\/\/www.vfl-westercelle.de\/tri-rsp\/wp-content\/uploads\/sites\/7\/2020\/09\/IMGP0030-845x684.jpg 845w\" sizes=\"auto, (max-width: 495px) 100vw, 495px\" \/><\/div><\/a><a href=\"https:\/\/www.vfl-westercelle.de\/tri-rsp\/wp-content\/uploads\/sites\/7\/2020\/09\/IMGP0031-1030x773.jpg\" data-srcset=\"https:\/\/www.vfl-westercelle.de\/tri-rsp\/wp-content\/uploads\/sites\/7\/2020\/09\/IMGP0031-1030x773.jpg 1030w, https:\/\/www.vfl-westercelle.de\/tri-rsp\/wp-content\/uploads\/sites\/7\/2020\/09\/IMGP0031-300x225.jpg 300w, https:\/\/www.vfl-westercelle.de\/tri-rsp\/wp-content\/uploads\/sites\/7\/2020\/09\/IMGP0031-768x576.jpg 768w, https:\/\/www.vfl-westercelle.de\/tri-rsp\/wp-content\/uploads\/sites\/7\/2020\/09\/IMGP0031-1536x1152.jpg 1536w, https:\/\/www.vfl-westercelle.de\/tri-rsp\/wp-content\/uploads\/sites\/7\/2020\/09\/IMGP0031-2048x1536.jpg 2048w, https:\/\/www.vfl-westercelle.de\/tri-rsp\/wp-content\/uploads\/sites\/7\/2020\/09\/IMGP0031-1500x1125.jpg 1500w, https:\/\/www.vfl-westercelle.de\/tri-rsp\/wp-content\/uploads\/sites\/7\/2020\/09\/IMGP0031-705x529.jpg 705w\" data-sizes=\"(max-width: 1030px) 100vw, 1030px\" data-rel='gallery-1' data-prev-img='https:\/\/www.vfl-westercelle.de\/tri-rsp\/wp-content\/uploads\/sites\/7\/2020\/09\/IMGP0031-495x400.jpg' class='lightbox ' data-onclick='35' title='PENTAX Image'  itemprop=\"thumbnailUrl\"  ><img decoding=\"async\" fetchpriority=\"high\" class=\"wp-image-698 avia-img-lazy-loading-not-698\"  data-avia-tooltip='PENTAX Image' src=\"https:\/\/www.vfl-westercelle.de\/tri-rsp\/wp-content\/uploads\/sites\/7\/2020\/09\/IMGP0031-495x400.jpg\" width=\"495\" height=\"400\"  title='PENTAX Image' alt='' srcset=\"https:\/\/www.vfl-westercelle.de\/tri-rsp\/wp-content\/uploads\/sites\/7\/2020\/09\/IMGP0031-495x400.jpg 495w, https:\/\/www.vfl-westercelle.de\/tri-rsp\/wp-content\/uploads\/sites\/7\/2020\/09\/IMGP0031-845x684.jpg 845w\" sizes=\"(max-width: 495px) 100vw, 495px\" \/><div class='big-prev-fake'><img decoding=\"async\" loading=\"lazy\" class=\"wp-image-698 avia-img-lazy-loading-698\"  width=\"495\" height=\"400\" src=\"https:\/\/www.vfl-westercelle.de\/tri-rsp\/wp-content\/uploads\/sites\/7\/2020\/09\/IMGP0031-495x400.jpg\" title='PENTAX Image' alt='' srcset=\"https:\/\/www.vfl-westercelle.de\/tri-rsp\/wp-content\/uploads\/sites\/7\/2020\/09\/IMGP0031-495x400.jpg 495w, https:\/\/www.vfl-westercelle.de\/tri-rsp\/wp-content\/uploads\/sites\/7\/2020\/09\/IMGP0031-845x684.jpg 845w\" sizes=\"auto, (max-width: 495px) 100vw, 495px\" \/><\/div><\/a><a href=\"https:\/\/www.vfl-westercelle.de\/tri-rsp\/wp-content\/uploads\/sites\/7\/2020\/09\/IMGP0032-1030x773.jpg\" data-srcset=\"https:\/\/www.vfl-westercelle.de\/tri-rsp\/wp-content\/uploads\/sites\/7\/2020\/09\/IMGP0032-1030x773.jpg 1030w, https:\/\/www.vfl-westercelle.de\/tri-rsp\/wp-content\/uploads\/sites\/7\/2020\/09\/IMGP0032-300x225.jpg 300w, https:\/\/www.vfl-westercelle.de\/tri-rsp\/wp-content\/uploads\/sites\/7\/2020\/09\/IMGP0032-768x576.jpg 768w, https:\/\/www.vfl-westercelle.de\/tri-rsp\/wp-content\/uploads\/sites\/7\/2020\/09\/IMGP0032-1536x1152.jpg 1536w, https:\/\/www.vfl-westercelle.de\/tri-rsp\/wp-content\/uploads\/sites\/7\/2020\/09\/IMGP0032-2048x1536.jpg 2048w, https:\/\/www.vfl-westercelle.de\/tri-rsp\/wp-content\/uploads\/sites\/7\/2020\/09\/IMGP0032-1500x1125.jpg 1500w, https:\/\/www.vfl-westercelle.de\/tri-rsp\/wp-content\/uploads\/sites\/7\/2020\/09\/IMGP0032-705x529.jpg 705w\" data-sizes=\"(max-width: 1030px) 100vw, 1030px\" data-rel='gallery-1' data-prev-img='https:\/\/www.vfl-westercelle.de\/tri-rsp\/wp-content\/uploads\/sites\/7\/2020\/09\/IMGP0032-495x400.jpg' class='first_thumb lightbox ' data-onclick='36' title='PENTAX Image'  itemprop=\"thumbnailUrl\"  ><img decoding=\"async\" fetchpriority=\"high\" class=\"wp-image-699 avia-img-lazy-loading-not-699\"  data-avia-tooltip='PENTAX Image' src=\"https:\/\/www.vfl-westercelle.de\/tri-rsp\/wp-content\/uploads\/sites\/7\/2020\/09\/IMGP0032-495x400.jpg\" width=\"495\" height=\"400\"  title='PENTAX Image' alt='' srcset=\"https:\/\/www.vfl-westercelle.de\/tri-rsp\/wp-content\/uploads\/sites\/7\/2020\/09\/IMGP0032-495x400.jpg 495w, https:\/\/www.vfl-westercelle.de\/tri-rsp\/wp-content\/uploads\/sites\/7\/2020\/09\/IMGP0032-845x684.jpg 845w\" sizes=\"(max-width: 495px) 100vw, 495px\" \/><div class='big-prev-fake'><img decoding=\"async\" loading=\"lazy\" class=\"wp-image-699 avia-img-lazy-loading-699\"  width=\"495\" height=\"400\" src=\"https:\/\/www.vfl-westercelle.de\/tri-rsp\/wp-content\/uploads\/sites\/7\/2020\/09\/IMGP0032-495x400.jpg\" title='PENTAX Image' alt='' srcset=\"https:\/\/www.vfl-westercelle.de\/tri-rsp\/wp-content\/uploads\/sites\/7\/2020\/09\/IMGP0032-495x400.jpg 495w, https:\/\/www.vfl-westercelle.de\/tri-rsp\/wp-content\/uploads\/sites\/7\/2020\/09\/IMGP0032-845x684.jpg 845w\" sizes=\"auto, (max-width: 495px) 100vw, 495px\" \/><\/div><\/a><a href=\"https:\/\/www.vfl-westercelle.de\/tri-rsp\/wp-content\/uploads\/sites\/7\/2020\/09\/IMGP0033-1030x773.jpg\" data-srcset=\"https:\/\/www.vfl-westercelle.de\/tri-rsp\/wp-content\/uploads\/sites\/7\/2020\/09\/IMGP0033-1030x773.jpg 1030w, https:\/\/www.vfl-westercelle.de\/tri-rsp\/wp-content\/uploads\/sites\/7\/2020\/09\/IMGP0033-300x225.jpg 300w, https:\/\/www.vfl-westercelle.de\/tri-rsp\/wp-content\/uploads\/sites\/7\/2020\/09\/IMGP0033-768x576.jpg 768w, https:\/\/www.vfl-westercelle.de\/tri-rsp\/wp-content\/uploads\/sites\/7\/2020\/09\/IMGP0033-1536x1152.jpg 1536w, https:\/\/www.vfl-westercelle.de\/tri-rsp\/wp-content\/uploads\/sites\/7\/2020\/09\/IMGP0033-2048x1536.jpg 2048w, https:\/\/www.vfl-westercelle.de\/tri-rsp\/wp-content\/uploads\/sites\/7\/2020\/09\/IMGP0033-1500x1125.jpg 1500w, https:\/\/www.vfl-westercelle.de\/tri-rsp\/wp-content\/uploads\/sites\/7\/2020\/09\/IMGP0033-705x529.jpg 705w\" data-sizes=\"(max-width: 1030px) 100vw, 1030px\" data-rel='gallery-1' data-prev-img='https:\/\/www.vfl-westercelle.de\/tri-rsp\/wp-content\/uploads\/sites\/7\/2020\/09\/IMGP0033-495x400.jpg' class='lightbox ' data-onclick='37' title='PENTAX Image'  itemprop=\"thumbnailUrl\"  ><img decoding=\"async\" fetchpriority=\"high\" class=\"wp-image-700 avia-img-lazy-loading-not-700\"  data-avia-tooltip='PENTAX Image' src=\"https:\/\/www.vfl-westercelle.de\/tri-rsp\/wp-content\/uploads\/sites\/7\/2020\/09\/IMGP0033-495x400.jpg\" width=\"495\" height=\"400\"  title='PENTAX Image' alt='' srcset=\"https:\/\/www.vfl-westercelle.de\/tri-rsp\/wp-content\/uploads\/sites\/7\/2020\/09\/IMGP0033-495x400.jpg 495w, https:\/\/www.vfl-westercelle.de\/tri-rsp\/wp-content\/uploads\/sites\/7\/2020\/09\/IMGP0033-845x684.jpg 845w\" sizes=\"(max-width: 495px) 100vw, 495px\" \/><div class='big-prev-fake'><img decoding=\"async\" loading=\"lazy\" class=\"wp-image-700 avia-img-lazy-loading-700\"  width=\"495\" height=\"400\" src=\"https:\/\/www.vfl-westercelle.de\/tri-rsp\/wp-content\/uploads\/sites\/7\/2020\/09\/IMGP0033-495x400.jpg\" title='PENTAX Image' alt='' srcset=\"https:\/\/www.vfl-westercelle.de\/tri-rsp\/wp-content\/uploads\/sites\/7\/2020\/09\/IMGP0033-495x400.jpg 495w, https:\/\/www.vfl-westercelle.de\/tri-rsp\/wp-content\/uploads\/sites\/7\/2020\/09\/IMGP0033-845x684.jpg 845w\" sizes=\"auto, (max-width: 495px) 100vw, 495px\" \/><\/div><\/a><a href=\"https:\/\/www.vfl-westercelle.de\/tri-rsp\/wp-content\/uploads\/sites\/7\/2020\/09\/IMGP0034-1030x773.jpg\" data-srcset=\"https:\/\/www.vfl-westercelle.de\/tri-rsp\/wp-content\/uploads\/sites\/7\/2020\/09\/IMGP0034-1030x773.jpg 1030w, https:\/\/www.vfl-westercelle.de\/tri-rsp\/wp-content\/uploads\/sites\/7\/2020\/09\/IMGP0034-300x225.jpg 300w, https:\/\/www.vfl-westercelle.de\/tri-rsp\/wp-content\/uploads\/sites\/7\/2020\/09\/IMGP0034-768x576.jpg 768w, https:\/\/www.vfl-westercelle.de\/tri-rsp\/wp-content\/uploads\/sites\/7\/2020\/09\/IMGP0034-1536x1152.jpg 1536w, https:\/\/www.vfl-westercelle.de\/tri-rsp\/wp-content\/uploads\/sites\/7\/2020\/09\/IMGP0034-2048x1536.jpg 2048w, https:\/\/www.vfl-westercelle.de\/tri-rsp\/wp-content\/uploads\/sites\/7\/2020\/09\/IMGP0034-1500x1125.jpg 1500w, https:\/\/www.vfl-westercelle.de\/tri-rsp\/wp-content\/uploads\/sites\/7\/2020\/09\/IMGP0034-705x529.jpg 705w\" data-sizes=\"(max-width: 1030px) 100vw, 1030px\" data-rel='gallery-1' data-prev-img='https:\/\/www.vfl-westercelle.de\/tri-rsp\/wp-content\/uploads\/sites\/7\/2020\/09\/IMGP0034-495x400.jpg' class='lightbox ' data-onclick='38' title='PENTAX Image'  itemprop=\"thumbnailUrl\"  ><img decoding=\"async\" fetchpriority=\"high\" class=\"wp-image-701 avia-img-lazy-loading-not-701\"  data-avia-tooltip='PENTAX Image' src=\"https:\/\/www.vfl-westercelle.de\/tri-rsp\/wp-content\/uploads\/sites\/7\/2020\/09\/IMGP0034-495x400.jpg\" width=\"495\" height=\"400\"  title='PENTAX Image' alt='' srcset=\"https:\/\/www.vfl-westercelle.de\/tri-rsp\/wp-content\/uploads\/sites\/7\/2020\/09\/IMGP0034-495x400.jpg 495w, https:\/\/www.vfl-westercelle.de\/tri-rsp\/wp-content\/uploads\/sites\/7\/2020\/09\/IMGP0034-845x684.jpg 845w\" sizes=\"(max-width: 495px) 100vw, 495px\" \/><div class='big-prev-fake'><img decoding=\"async\" loading=\"lazy\" class=\"wp-image-701 avia-img-lazy-loading-701\"  width=\"495\" height=\"400\" src=\"https:\/\/www.vfl-westercelle.de\/tri-rsp\/wp-content\/uploads\/sites\/7\/2020\/09\/IMGP0034-495x400.jpg\" title='PENTAX Image' alt='' srcset=\"https:\/\/www.vfl-westercelle.de\/tri-rsp\/wp-content\/uploads\/sites\/7\/2020\/09\/IMGP0034-495x400.jpg 495w, https:\/\/www.vfl-westercelle.de\/tri-rsp\/wp-content\/uploads\/sites\/7\/2020\/09\/IMGP0034-845x684.jpg 845w\" sizes=\"auto, (max-width: 495px) 100vw, 495px\" \/><\/div><\/a><a href=\"https:\/\/www.vfl-westercelle.de\/tri-rsp\/wp-content\/uploads\/sites\/7\/2020\/09\/IMGP0035-773x1030.jpg\" data-srcset=\"https:\/\/www.vfl-westercelle.de\/tri-rsp\/wp-content\/uploads\/sites\/7\/2020\/09\/IMGP0035-773x1030.jpg 773w, https:\/\/www.vfl-westercelle.de\/tri-rsp\/wp-content\/uploads\/sites\/7\/2020\/09\/IMGP0035-225x300.jpg 225w, https:\/\/www.vfl-westercelle.de\/tri-rsp\/wp-content\/uploads\/sites\/7\/2020\/09\/IMGP0035-768x1024.jpg 768w, https:\/\/www.vfl-westercelle.de\/tri-rsp\/wp-content\/uploads\/sites\/7\/2020\/09\/IMGP0035-1152x1536.jpg 1152w, https:\/\/www.vfl-westercelle.de\/tri-rsp\/wp-content\/uploads\/sites\/7\/2020\/09\/IMGP0035-1536x2048.jpg 1536w, https:\/\/www.vfl-westercelle.de\/tri-rsp\/wp-content\/uploads\/sites\/7\/2020\/09\/IMGP0035-1125x1500.jpg 1125w, https:\/\/www.vfl-westercelle.de\/tri-rsp\/wp-content\/uploads\/sites\/7\/2020\/09\/IMGP0035-529x705.jpg 529w, https:\/\/www.vfl-westercelle.de\/tri-rsp\/wp-content\/uploads\/sites\/7\/2020\/09\/IMGP0035-scaled.jpg 1920w\" data-sizes=\"(max-width: 773px) 100vw, 773px\" data-rel='gallery-1' data-prev-img='https:\/\/www.vfl-westercelle.de\/tri-rsp\/wp-content\/uploads\/sites\/7\/2020\/09\/IMGP0035-495x400.jpg' class='lightbox ' data-onclick='39' title='PENTAX Image'  itemprop=\"thumbnailUrl\"  ><img decoding=\"async\" fetchpriority=\"high\" class=\"wp-image-702 avia-img-lazy-loading-not-702\"  data-avia-tooltip='PENTAX Image' src=\"https:\/\/www.vfl-westercelle.de\/tri-rsp\/wp-content\/uploads\/sites\/7\/2020\/09\/IMGP0035-495x400.jpg\" width=\"495\" height=\"400\"  title='PENTAX Image' alt='' srcset=\"https:\/\/www.vfl-westercelle.de\/tri-rsp\/wp-content\/uploads\/sites\/7\/2020\/09\/IMGP0035-495x400.jpg 495w, https:\/\/www.vfl-westercelle.de\/tri-rsp\/wp-content\/uploads\/sites\/7\/2020\/09\/IMGP0035-845x684.jpg 845w\" sizes=\"(max-width: 495px) 100vw, 495px\" \/><div class='big-prev-fake'><img decoding=\"async\" loading=\"lazy\" class=\"wp-image-702 avia-img-lazy-loading-702\"  width=\"495\" height=\"400\" src=\"https:\/\/www.vfl-westercelle.de\/tri-rsp\/wp-content\/uploads\/sites\/7\/2020\/09\/IMGP0035-495x400.jpg\" title='PENTAX Image' alt='' srcset=\"https:\/\/www.vfl-westercelle.de\/tri-rsp\/wp-content\/uploads\/sites\/7\/2020\/09\/IMGP0035-495x400.jpg 495w, https:\/\/www.vfl-westercelle.de\/tri-rsp\/wp-content\/uploads\/sites\/7\/2020\/09\/IMGP0035-845x684.jpg 845w\" sizes=\"auto, (max-width: 495px) 100vw, 495px\" \/><\/div><\/a><a href=\"https:\/\/www.vfl-westercelle.de\/tri-rsp\/wp-content\/uploads\/sites\/7\/2020\/09\/IMGP0036-1030x773.jpg\" data-srcset=\"https:\/\/www.vfl-westercelle.de\/tri-rsp\/wp-content\/uploads\/sites\/7\/2020\/09\/IMGP0036-1030x773.jpg 1030w, https:\/\/www.vfl-westercelle.de\/tri-rsp\/wp-content\/uploads\/sites\/7\/2020\/09\/IMGP0036-300x225.jpg 300w, https:\/\/www.vfl-westercelle.de\/tri-rsp\/wp-content\/uploads\/sites\/7\/2020\/09\/IMGP0036-768x576.jpg 768w, https:\/\/www.vfl-westercelle.de\/tri-rsp\/wp-content\/uploads\/sites\/7\/2020\/09\/IMGP0036-1536x1152.jpg 1536w, https:\/\/www.vfl-westercelle.de\/tri-rsp\/wp-content\/uploads\/sites\/7\/2020\/09\/IMGP0036-2048x1536.jpg 2048w, https:\/\/www.vfl-westercelle.de\/tri-rsp\/wp-content\/uploads\/sites\/7\/2020\/09\/IMGP0036-1500x1125.jpg 1500w, https:\/\/www.vfl-westercelle.de\/tri-rsp\/wp-content\/uploads\/sites\/7\/2020\/09\/IMGP0036-705x529.jpg 705w\" data-sizes=\"(max-width: 1030px) 100vw, 1030px\" data-rel='gallery-1' data-prev-img='https:\/\/www.vfl-westercelle.de\/tri-rsp\/wp-content\/uploads\/sites\/7\/2020\/09\/IMGP0036-495x400.jpg' class='lightbox ' data-onclick='40' title='PENTAX Image'  itemprop=\"thumbnailUrl\"  ><img decoding=\"async\" fetchpriority=\"high\" class=\"wp-image-703 avia-img-lazy-loading-not-703\"  data-avia-tooltip='PENTAX Image' src=\"https:\/\/www.vfl-westercelle.de\/tri-rsp\/wp-content\/uploads\/sites\/7\/2020\/09\/IMGP0036-495x400.jpg\" width=\"495\" height=\"400\"  title='PENTAX Image' alt='' srcset=\"https:\/\/www.vfl-westercelle.de\/tri-rsp\/wp-content\/uploads\/sites\/7\/2020\/09\/IMGP0036-495x400.jpg 495w, https:\/\/www.vfl-westercelle.de\/tri-rsp\/wp-content\/uploads\/sites\/7\/2020\/09\/IMGP0036-845x684.jpg 845w\" sizes=\"(max-width: 495px) 100vw, 495px\" \/><div class='big-prev-fake'><img decoding=\"async\" loading=\"lazy\" class=\"wp-image-703 avia-img-lazy-loading-703\"  width=\"495\" height=\"400\" src=\"https:\/\/www.vfl-westercelle.de\/tri-rsp\/wp-content\/uploads\/sites\/7\/2020\/09\/IMGP0036-495x400.jpg\" title='PENTAX Image' alt='' srcset=\"https:\/\/www.vfl-westercelle.de\/tri-rsp\/wp-content\/uploads\/sites\/7\/2020\/09\/IMGP0036-495x400.jpg 495w, https:\/\/www.vfl-westercelle.de\/tri-rsp\/wp-content\/uploads\/sites\/7\/2020\/09\/IMGP0036-845x684.jpg 845w\" sizes=\"auto, (max-width: 495px) 100vw, 495px\" \/><\/div><\/a><a href=\"https:\/\/www.vfl-westercelle.de\/tri-rsp\/wp-content\/uploads\/sites\/7\/2020\/09\/IMGP0037-1030x773.jpg\" data-srcset=\"https:\/\/www.vfl-westercelle.de\/tri-rsp\/wp-content\/uploads\/sites\/7\/2020\/09\/IMGP0037-1030x773.jpg 1030w, https:\/\/www.vfl-westercelle.de\/tri-rsp\/wp-content\/uploads\/sites\/7\/2020\/09\/IMGP0037-300x225.jpg 300w, https:\/\/www.vfl-westercelle.de\/tri-rsp\/wp-content\/uploads\/sites\/7\/2020\/09\/IMGP0037-768x576.jpg 768w, https:\/\/www.vfl-westercelle.de\/tri-rsp\/wp-content\/uploads\/sites\/7\/2020\/09\/IMGP0037-1536x1152.jpg 1536w, https:\/\/www.vfl-westercelle.de\/tri-rsp\/wp-content\/uploads\/sites\/7\/2020\/09\/IMGP0037-2048x1536.jpg 2048w, https:\/\/www.vfl-westercelle.de\/tri-rsp\/wp-content\/uploads\/sites\/7\/2020\/09\/IMGP0037-1500x1125.jpg 1500w, https:\/\/www.vfl-westercelle.de\/tri-rsp\/wp-content\/uploads\/sites\/7\/2020\/09\/IMGP0037-705x529.jpg 705w\" data-sizes=\"(max-width: 1030px) 100vw, 1030px\" data-rel='gallery-1' data-prev-img='https:\/\/www.vfl-westercelle.de\/tri-rsp\/wp-content\/uploads\/sites\/7\/2020\/09\/IMGP0037-495x400.jpg' class='first_thumb lightbox ' data-onclick='41' title='PENTAX Image'  itemprop=\"thumbnailUrl\"  ><img decoding=\"async\" fetchpriority=\"high\" class=\"wp-image-704 avia-img-lazy-loading-not-704\"  data-avia-tooltip='PENTAX Image' src=\"https:\/\/www.vfl-westercelle.de\/tri-rsp\/wp-content\/uploads\/sites\/7\/2020\/09\/IMGP0037-495x400.jpg\" width=\"495\" height=\"400\"  title='PENTAX Image' alt='' srcset=\"https:\/\/www.vfl-westercelle.de\/tri-rsp\/wp-content\/uploads\/sites\/7\/2020\/09\/IMGP0037-495x400.jpg 495w, https:\/\/www.vfl-westercelle.de\/tri-rsp\/wp-content\/uploads\/sites\/7\/2020\/09\/IMGP0037-845x684.jpg 845w\" sizes=\"(max-width: 495px) 100vw, 495px\" \/><div class='big-prev-fake'><img decoding=\"async\" loading=\"lazy\" class=\"wp-image-704 avia-img-lazy-loading-704\"  width=\"495\" height=\"400\" src=\"https:\/\/www.vfl-westercelle.de\/tri-rsp\/wp-content\/uploads\/sites\/7\/2020\/09\/IMGP0037-495x400.jpg\" title='PENTAX Image' alt='' srcset=\"https:\/\/www.vfl-westercelle.de\/tri-rsp\/wp-content\/uploads\/sites\/7\/2020\/09\/IMGP0037-495x400.jpg 495w, https:\/\/www.vfl-westercelle.de\/tri-rsp\/wp-content\/uploads\/sites\/7\/2020\/09\/IMGP0037-845x684.jpg 845w\" sizes=\"auto, (max-width: 495px) 100vw, 495px\" \/><\/div><\/a><a href=\"https:\/\/www.vfl-westercelle.de\/tri-rsp\/wp-content\/uploads\/sites\/7\/2020\/09\/IMGP0038-1030x773.jpg\" data-srcset=\"https:\/\/www.vfl-westercelle.de\/tri-rsp\/wp-content\/uploads\/sites\/7\/2020\/09\/IMGP0038-1030x773.jpg 1030w, https:\/\/www.vfl-westercelle.de\/tri-rsp\/wp-content\/uploads\/sites\/7\/2020\/09\/IMGP0038-300x225.jpg 300w, https:\/\/www.vfl-westercelle.de\/tri-rsp\/wp-content\/uploads\/sites\/7\/2020\/09\/IMGP0038-768x576.jpg 768w, https:\/\/www.vfl-westercelle.de\/tri-rsp\/wp-content\/uploads\/sites\/7\/2020\/09\/IMGP0038-1536x1152.jpg 1536w, https:\/\/www.vfl-westercelle.de\/tri-rsp\/wp-content\/uploads\/sites\/7\/2020\/09\/IMGP0038-2048x1536.jpg 2048w, https:\/\/www.vfl-westercelle.de\/tri-rsp\/wp-content\/uploads\/sites\/7\/2020\/09\/IMGP0038-1500x1125.jpg 1500w, https:\/\/www.vfl-westercelle.de\/tri-rsp\/wp-content\/uploads\/sites\/7\/2020\/09\/IMGP0038-705x529.jpg 705w\" data-sizes=\"(max-width: 1030px) 100vw, 1030px\" data-rel='gallery-1' data-prev-img='https:\/\/www.vfl-westercelle.de\/tri-rsp\/wp-content\/uploads\/sites\/7\/2020\/09\/IMGP0038-495x400.jpg' class='lightbox ' data-onclick='42' title='PENTAX Image'  itemprop=\"thumbnailUrl\"  ><img decoding=\"async\" fetchpriority=\"high\" class=\"wp-image-705 avia-img-lazy-loading-not-705\"  data-avia-tooltip='PENTAX Image' src=\"https:\/\/www.vfl-westercelle.de\/tri-rsp\/wp-content\/uploads\/sites\/7\/2020\/09\/IMGP0038-495x400.jpg\" width=\"495\" height=\"400\"  title='PENTAX Image' alt='' srcset=\"https:\/\/www.vfl-westercelle.de\/tri-rsp\/wp-content\/uploads\/sites\/7\/2020\/09\/IMGP0038-495x400.jpg 495w, https:\/\/www.vfl-westercelle.de\/tri-rsp\/wp-content\/uploads\/sites\/7\/2020\/09\/IMGP0038-845x684.jpg 845w\" sizes=\"(max-width: 495px) 100vw, 495px\" \/><div class='big-prev-fake'><img decoding=\"async\" loading=\"lazy\" class=\"wp-image-705 avia-img-lazy-loading-705\"  width=\"495\" height=\"400\" src=\"https:\/\/www.vfl-westercelle.de\/tri-rsp\/wp-content\/uploads\/sites\/7\/2020\/09\/IMGP0038-495x400.jpg\" title='PENTAX Image' alt='' srcset=\"https:\/\/www.vfl-westercelle.de\/tri-rsp\/wp-content\/uploads\/sites\/7\/2020\/09\/IMGP0038-495x400.jpg 495w, https:\/\/www.vfl-westercelle.de\/tri-rsp\/wp-content\/uploads\/sites\/7\/2020\/09\/IMGP0038-845x684.jpg 845w\" sizes=\"auto, (max-width: 495px) 100vw, 495px\" \/><\/div><\/a><a href=\"https:\/\/www.vfl-westercelle.de\/tri-rsp\/wp-content\/uploads\/sites\/7\/2020\/09\/IMGP0039-1030x773.jpg\" data-srcset=\"https:\/\/www.vfl-westercelle.de\/tri-rsp\/wp-content\/uploads\/sites\/7\/2020\/09\/IMGP0039-1030x773.jpg 1030w, https:\/\/www.vfl-westercelle.de\/tri-rsp\/wp-content\/uploads\/sites\/7\/2020\/09\/IMGP0039-300x225.jpg 300w, https:\/\/www.vfl-westercelle.de\/tri-rsp\/wp-content\/uploads\/sites\/7\/2020\/09\/IMGP0039-768x576.jpg 768w, https:\/\/www.vfl-westercelle.de\/tri-rsp\/wp-content\/uploads\/sites\/7\/2020\/09\/IMGP0039-1536x1152.jpg 1536w, https:\/\/www.vfl-westercelle.de\/tri-rsp\/wp-content\/uploads\/sites\/7\/2020\/09\/IMGP0039-2048x1536.jpg 2048w, https:\/\/www.vfl-westercelle.de\/tri-rsp\/wp-content\/uploads\/sites\/7\/2020\/09\/IMGP0039-1500x1125.jpg 1500w, https:\/\/www.vfl-westercelle.de\/tri-rsp\/wp-content\/uploads\/sites\/7\/2020\/09\/IMGP0039-705x529.jpg 705w\" data-sizes=\"(max-width: 1030px) 100vw, 1030px\" data-rel='gallery-1' data-prev-img='https:\/\/www.vfl-westercelle.de\/tri-rsp\/wp-content\/uploads\/sites\/7\/2020\/09\/IMGP0039-495x400.jpg' class='lightbox ' data-onclick='43' title='PENTAX Image'  itemprop=\"thumbnailUrl\"  ><img decoding=\"async\" fetchpriority=\"high\" class=\"wp-image-706 avia-img-lazy-loading-not-706\"  data-avia-tooltip='PENTAX Image' src=\"https:\/\/www.vfl-westercelle.de\/tri-rsp\/wp-content\/uploads\/sites\/7\/2020\/09\/IMGP0039-495x400.jpg\" width=\"495\" height=\"400\"  title='PENTAX Image' alt='' srcset=\"https:\/\/www.vfl-westercelle.de\/tri-rsp\/wp-content\/uploads\/sites\/7\/2020\/09\/IMGP0039-495x400.jpg 495w, https:\/\/www.vfl-westercelle.de\/tri-rsp\/wp-content\/uploads\/sites\/7\/2020\/09\/IMGP0039-845x684.jpg 845w\" sizes=\"(max-width: 495px) 100vw, 495px\" \/><div class='big-prev-fake'><img decoding=\"async\" loading=\"lazy\" class=\"wp-image-706 avia-img-lazy-loading-706\"  width=\"495\" height=\"400\" src=\"https:\/\/www.vfl-westercelle.de\/tri-rsp\/wp-content\/uploads\/sites\/7\/2020\/09\/IMGP0039-495x400.jpg\" title='PENTAX Image' alt='' srcset=\"https:\/\/www.vfl-westercelle.de\/tri-rsp\/wp-content\/uploads\/sites\/7\/2020\/09\/IMGP0039-495x400.jpg 495w, https:\/\/www.vfl-westercelle.de\/tri-rsp\/wp-content\/uploads\/sites\/7\/2020\/09\/IMGP0039-845x684.jpg 845w\" sizes=\"auto, (max-width: 495px) 100vw, 495px\" \/><\/div><\/a><a href=\"https:\/\/www.vfl-westercelle.de\/tri-rsp\/wp-content\/uploads\/sites\/7\/2020\/09\/IMGP0040-1030x773.jpg\" data-srcset=\"https:\/\/www.vfl-westercelle.de\/tri-rsp\/wp-content\/uploads\/sites\/7\/2020\/09\/IMGP0040-1030x773.jpg 1030w, https:\/\/www.vfl-westercelle.de\/tri-rsp\/wp-content\/uploads\/sites\/7\/2020\/09\/IMGP0040-300x225.jpg 300w, https:\/\/www.vfl-westercelle.de\/tri-rsp\/wp-content\/uploads\/sites\/7\/2020\/09\/IMGP0040-768x576.jpg 768w, https:\/\/www.vfl-westercelle.de\/tri-rsp\/wp-content\/uploads\/sites\/7\/2020\/09\/IMGP0040-1536x1152.jpg 1536w, https:\/\/www.vfl-westercelle.de\/tri-rsp\/wp-content\/uploads\/sites\/7\/2020\/09\/IMGP0040-2048x1536.jpg 2048w, https:\/\/www.vfl-westercelle.de\/tri-rsp\/wp-content\/uploads\/sites\/7\/2020\/09\/IMGP0040-1500x1125.jpg 1500w, https:\/\/www.vfl-westercelle.de\/tri-rsp\/wp-content\/uploads\/sites\/7\/2020\/09\/IMGP0040-705x529.jpg 705w\" data-sizes=\"(max-width: 1030px) 100vw, 1030px\" data-rel='gallery-1' data-prev-img='https:\/\/www.vfl-westercelle.de\/tri-rsp\/wp-content\/uploads\/sites\/7\/2020\/09\/IMGP0040-495x400.jpg' class='lightbox ' data-onclick='44' title='PENTAX Image'  itemprop=\"thumbnailUrl\"  ><img decoding=\"async\" fetchpriority=\"high\" class=\"wp-image-707 avia-img-lazy-loading-not-707\"  data-avia-tooltip='PENTAX Image' src=\"https:\/\/www.vfl-westercelle.de\/tri-rsp\/wp-content\/uploads\/sites\/7\/2020\/09\/IMGP0040-495x400.jpg\" width=\"495\" height=\"400\"  title='PENTAX Image' alt='' srcset=\"https:\/\/www.vfl-westercelle.de\/tri-rsp\/wp-content\/uploads\/sites\/7\/2020\/09\/IMGP0040-495x400.jpg 495w, https:\/\/www.vfl-westercelle.de\/tri-rsp\/wp-content\/uploads\/sites\/7\/2020\/09\/IMGP0040-845x684.jpg 845w\" sizes=\"(max-width: 495px) 100vw, 495px\" \/><div class='big-prev-fake'><img decoding=\"async\" loading=\"lazy\" class=\"wp-image-707 avia-img-lazy-loading-707\"  width=\"495\" height=\"400\" src=\"https:\/\/www.vfl-westercelle.de\/tri-rsp\/wp-content\/uploads\/sites\/7\/2020\/09\/IMGP0040-495x400.jpg\" title='PENTAX Image' alt='' srcset=\"https:\/\/www.vfl-westercelle.de\/tri-rsp\/wp-content\/uploads\/sites\/7\/2020\/09\/IMGP0040-495x400.jpg 495w, https:\/\/www.vfl-westercelle.de\/tri-rsp\/wp-content\/uploads\/sites\/7\/2020\/09\/IMGP0040-845x684.jpg 845w\" sizes=\"auto, (max-width: 495px) 100vw, 495px\" \/><\/div><\/a><a href=\"https:\/\/www.vfl-westercelle.de\/tri-rsp\/wp-content\/uploads\/sites\/7\/2020\/09\/IMGP0041-1030x773.jpg\" data-srcset=\"https:\/\/www.vfl-westercelle.de\/tri-rsp\/wp-content\/uploads\/sites\/7\/2020\/09\/IMGP0041-1030x773.jpg 1030w, https:\/\/www.vfl-westercelle.de\/tri-rsp\/wp-content\/uploads\/sites\/7\/2020\/09\/IMGP0041-300x225.jpg 300w, https:\/\/www.vfl-westercelle.de\/tri-rsp\/wp-content\/uploads\/sites\/7\/2020\/09\/IMGP0041-768x576.jpg 768w, https:\/\/www.vfl-westercelle.de\/tri-rsp\/wp-content\/uploads\/sites\/7\/2020\/09\/IMGP0041-1536x1152.jpg 1536w, https:\/\/www.vfl-westercelle.de\/tri-rsp\/wp-content\/uploads\/sites\/7\/2020\/09\/IMGP0041-2048x1536.jpg 2048w, https:\/\/www.vfl-westercelle.de\/tri-rsp\/wp-content\/uploads\/sites\/7\/2020\/09\/IMGP0041-1500x1125.jpg 1500w, https:\/\/www.vfl-westercelle.de\/tri-rsp\/wp-content\/uploads\/sites\/7\/2020\/09\/IMGP0041-705x529.jpg 705w\" data-sizes=\"(max-width: 1030px) 100vw, 1030px\" data-rel='gallery-1' data-prev-img='https:\/\/www.vfl-westercelle.de\/tri-rsp\/wp-content\/uploads\/sites\/7\/2020\/09\/IMGP0041-495x400.jpg' class='lightbox ' data-onclick='45' title='PENTAX Image'  itemprop=\"thumbnailUrl\"  ><img decoding=\"async\" fetchpriority=\"high\" class=\"wp-image-708 avia-img-lazy-loading-not-708\"  data-avia-tooltip='PENTAX Image' src=\"https:\/\/www.vfl-westercelle.de\/tri-rsp\/wp-content\/uploads\/sites\/7\/2020\/09\/IMGP0041-495x400.jpg\" width=\"495\" height=\"400\"  title='PENTAX Image' alt='' srcset=\"https:\/\/www.vfl-westercelle.de\/tri-rsp\/wp-content\/uploads\/sites\/7\/2020\/09\/IMGP0041-495x400.jpg 495w, https:\/\/www.vfl-westercelle.de\/tri-rsp\/wp-content\/uploads\/sites\/7\/2020\/09\/IMGP0041-845x684.jpg 845w\" sizes=\"(max-width: 495px) 100vw, 495px\" \/><div class='big-prev-fake'><img decoding=\"async\" loading=\"lazy\" class=\"wp-image-708 avia-img-lazy-loading-708\"  width=\"495\" height=\"400\" src=\"https:\/\/www.vfl-westercelle.de\/tri-rsp\/wp-content\/uploads\/sites\/7\/2020\/09\/IMGP0041-495x400.jpg\" title='PENTAX Image' alt='' srcset=\"https:\/\/www.vfl-westercelle.de\/tri-rsp\/wp-content\/uploads\/sites\/7\/2020\/09\/IMGP0041-495x400.jpg 495w, https:\/\/www.vfl-westercelle.de\/tri-rsp\/wp-content\/uploads\/sites\/7\/2020\/09\/IMGP0041-845x684.jpg 845w\" sizes=\"auto, (max-width: 495px) 100vw, 495px\" \/><\/div><\/a><a href=\"https:\/\/www.vfl-westercelle.de\/tri-rsp\/wp-content\/uploads\/sites\/7\/2020\/09\/IMGP0042-1030x773.jpg\" data-srcset=\"https:\/\/www.vfl-westercelle.de\/tri-rsp\/wp-content\/uploads\/sites\/7\/2020\/09\/IMGP0042-1030x773.jpg 1030w, https:\/\/www.vfl-westercelle.de\/tri-rsp\/wp-content\/uploads\/sites\/7\/2020\/09\/IMGP0042-300x225.jpg 300w, https:\/\/www.vfl-westercelle.de\/tri-rsp\/wp-content\/uploads\/sites\/7\/2020\/09\/IMGP0042-768x576.jpg 768w, https:\/\/www.vfl-westercelle.de\/tri-rsp\/wp-content\/uploads\/sites\/7\/2020\/09\/IMGP0042-1536x1152.jpg 1536w, https:\/\/www.vfl-westercelle.de\/tri-rsp\/wp-content\/uploads\/sites\/7\/2020\/09\/IMGP0042-2048x1536.jpg 2048w, https:\/\/www.vfl-westercelle.de\/tri-rsp\/wp-content\/uploads\/sites\/7\/2020\/09\/IMGP0042-1500x1125.jpg 1500w, https:\/\/www.vfl-westercelle.de\/tri-rsp\/wp-content\/uploads\/sites\/7\/2020\/09\/IMGP0042-705x529.jpg 705w\" data-sizes=\"(max-width: 1030px) 100vw, 1030px\" data-rel='gallery-1' data-prev-img='https:\/\/www.vfl-westercelle.de\/tri-rsp\/wp-content\/uploads\/sites\/7\/2020\/09\/IMGP0042-495x400.jpg' class='first_thumb lightbox ' data-onclick='46' title='PENTAX Image'  itemprop=\"thumbnailUrl\"  ><img decoding=\"async\" fetchpriority=\"high\" class=\"wp-image-709 avia-img-lazy-loading-not-709\"  data-avia-tooltip='PENTAX Image' src=\"https:\/\/www.vfl-westercelle.de\/tri-rsp\/wp-content\/uploads\/sites\/7\/2020\/09\/IMGP0042-495x400.jpg\" width=\"495\" height=\"400\"  title='PENTAX Image' alt='' srcset=\"https:\/\/www.vfl-westercelle.de\/tri-rsp\/wp-content\/uploads\/sites\/7\/2020\/09\/IMGP0042-495x400.jpg 495w, https:\/\/www.vfl-westercelle.de\/tri-rsp\/wp-content\/uploads\/sites\/7\/2020\/09\/IMGP0042-845x684.jpg 845w\" sizes=\"(max-width: 495px) 100vw, 495px\" \/><div class='big-prev-fake'><img decoding=\"async\" loading=\"lazy\" class=\"wp-image-709 avia-img-lazy-loading-709\"  width=\"495\" height=\"400\" src=\"https:\/\/www.vfl-westercelle.de\/tri-rsp\/wp-content\/uploads\/sites\/7\/2020\/09\/IMGP0042-495x400.jpg\" title='PENTAX Image' alt='' srcset=\"https:\/\/www.vfl-westercelle.de\/tri-rsp\/wp-content\/uploads\/sites\/7\/2020\/09\/IMGP0042-495x400.jpg 495w, https:\/\/www.vfl-westercelle.de\/tri-rsp\/wp-content\/uploads\/sites\/7\/2020\/09\/IMGP0042-845x684.jpg 845w\" sizes=\"auto, (max-width: 495px) 100vw, 495px\" \/><\/div><\/a><a href=\"https:\/\/www.vfl-westercelle.de\/tri-rsp\/wp-content\/uploads\/sites\/7\/2020\/09\/IMGP0043-1030x773.jpg\" data-srcset=\"https:\/\/www.vfl-westercelle.de\/tri-rsp\/wp-content\/uploads\/sites\/7\/2020\/09\/IMGP0043-1030x773.jpg 1030w, https:\/\/www.vfl-westercelle.de\/tri-rsp\/wp-content\/uploads\/sites\/7\/2020\/09\/IMGP0043-300x225.jpg 300w, https:\/\/www.vfl-westercelle.de\/tri-rsp\/wp-content\/uploads\/sites\/7\/2020\/09\/IMGP0043-768x576.jpg 768w, https:\/\/www.vfl-westercelle.de\/tri-rsp\/wp-content\/uploads\/sites\/7\/2020\/09\/IMGP0043-1536x1152.jpg 1536w, https:\/\/www.vfl-westercelle.de\/tri-rsp\/wp-content\/uploads\/sites\/7\/2020\/09\/IMGP0043-2048x1536.jpg 2048w, https:\/\/www.vfl-westercelle.de\/tri-rsp\/wp-content\/uploads\/sites\/7\/2020\/09\/IMGP0043-1500x1125.jpg 1500w, https:\/\/www.vfl-westercelle.de\/tri-rsp\/wp-content\/uploads\/sites\/7\/2020\/09\/IMGP0043-705x529.jpg 705w\" data-sizes=\"(max-width: 1030px) 100vw, 1030px\" data-rel='gallery-1' data-prev-img='https:\/\/www.vfl-westercelle.de\/tri-rsp\/wp-content\/uploads\/sites\/7\/2020\/09\/IMGP0043-495x400.jpg' class='lightbox ' data-onclick='47' title='PENTAX Image'  itemprop=\"thumbnailUrl\"  ><img decoding=\"async\" fetchpriority=\"high\" class=\"wp-image-710 avia-img-lazy-loading-not-710\"  data-avia-tooltip='PENTAX Image' src=\"https:\/\/www.vfl-westercelle.de\/tri-rsp\/wp-content\/uploads\/sites\/7\/2020\/09\/IMGP0043-495x400.jpg\" width=\"495\" height=\"400\"  title='PENTAX Image' alt='' srcset=\"https:\/\/www.vfl-westercelle.de\/tri-rsp\/wp-content\/uploads\/sites\/7\/2020\/09\/IMGP0043-495x400.jpg 495w, https:\/\/www.vfl-westercelle.de\/tri-rsp\/wp-content\/uploads\/sites\/7\/2020\/09\/IMGP0043-845x684.jpg 845w\" sizes=\"(max-width: 495px) 100vw, 495px\" \/><div class='big-prev-fake'><img decoding=\"async\" loading=\"lazy\" class=\"wp-image-710 avia-img-lazy-loading-710\"  width=\"495\" height=\"400\" src=\"https:\/\/www.vfl-westercelle.de\/tri-rsp\/wp-content\/uploads\/sites\/7\/2020\/09\/IMGP0043-495x400.jpg\" title='PENTAX Image' alt='' srcset=\"https:\/\/www.vfl-westercelle.de\/tri-rsp\/wp-content\/uploads\/sites\/7\/2020\/09\/IMGP0043-495x400.jpg 495w, https:\/\/www.vfl-westercelle.de\/tri-rsp\/wp-content\/uploads\/sites\/7\/2020\/09\/IMGP0043-845x684.jpg 845w\" sizes=\"auto, (max-width: 495px) 100vw, 495px\" \/><\/div><\/a><a href=\"https:\/\/www.vfl-westercelle.de\/tri-rsp\/wp-content\/uploads\/sites\/7\/2020\/09\/IMGP0044-1030x773.jpg\" data-srcset=\"https:\/\/www.vfl-westercelle.de\/tri-rsp\/wp-content\/uploads\/sites\/7\/2020\/09\/IMGP0044-1030x773.jpg 1030w, https:\/\/www.vfl-westercelle.de\/tri-rsp\/wp-content\/uploads\/sites\/7\/2020\/09\/IMGP0044-300x225.jpg 300w, https:\/\/www.vfl-westercelle.de\/tri-rsp\/wp-content\/uploads\/sites\/7\/2020\/09\/IMGP0044-768x576.jpg 768w, https:\/\/www.vfl-westercelle.de\/tri-rsp\/wp-content\/uploads\/sites\/7\/2020\/09\/IMGP0044-1536x1152.jpg 1536w, https:\/\/www.vfl-westercelle.de\/tri-rsp\/wp-content\/uploads\/sites\/7\/2020\/09\/IMGP0044-2048x1536.jpg 2048w, https:\/\/www.vfl-westercelle.de\/tri-rsp\/wp-content\/uploads\/sites\/7\/2020\/09\/IMGP0044-1500x1125.jpg 1500w, https:\/\/www.vfl-westercelle.de\/tri-rsp\/wp-content\/uploads\/sites\/7\/2020\/09\/IMGP0044-705x529.jpg 705w\" data-sizes=\"(max-width: 1030px) 100vw, 1030px\" data-rel='gallery-1' data-prev-img='https:\/\/www.vfl-westercelle.de\/tri-rsp\/wp-content\/uploads\/sites\/7\/2020\/09\/IMGP0044-495x400.jpg' class='lightbox ' data-onclick='48' title='PENTAX Image'  itemprop=\"thumbnailUrl\"  ><img decoding=\"async\" fetchpriority=\"high\" class=\"wp-image-711 avia-img-lazy-loading-not-711\"  data-avia-tooltip='PENTAX Image' src=\"https:\/\/www.vfl-westercelle.de\/tri-rsp\/wp-content\/uploads\/sites\/7\/2020\/09\/IMGP0044-495x400.jpg\" width=\"495\" height=\"400\"  title='PENTAX Image' alt='' srcset=\"https:\/\/www.vfl-westercelle.de\/tri-rsp\/wp-content\/uploads\/sites\/7\/2020\/09\/IMGP0044-495x400.jpg 495w, https:\/\/www.vfl-westercelle.de\/tri-rsp\/wp-content\/uploads\/sites\/7\/2020\/09\/IMGP0044-845x684.jpg 845w\" sizes=\"(max-width: 495px) 100vw, 495px\" \/><div class='big-prev-fake'><img decoding=\"async\" loading=\"lazy\" class=\"wp-image-711 avia-img-lazy-loading-711\"  width=\"495\" height=\"400\" src=\"https:\/\/www.vfl-westercelle.de\/tri-rsp\/wp-content\/uploads\/sites\/7\/2020\/09\/IMGP0044-495x400.jpg\" title='PENTAX Image' alt='' srcset=\"https:\/\/www.vfl-westercelle.de\/tri-rsp\/wp-content\/uploads\/sites\/7\/2020\/09\/IMGP0044-495x400.jpg 495w, https:\/\/www.vfl-westercelle.de\/tri-rsp\/wp-content\/uploads\/sites\/7\/2020\/09\/IMGP0044-845x684.jpg 845w\" sizes=\"auto, (max-width: 495px) 100vw, 495px\" \/><\/div><\/a><a href=\"https:\/\/www.vfl-westercelle.de\/tri-rsp\/wp-content\/uploads\/sites\/7\/2020\/09\/IMGP0045-773x1030.jpg\" data-srcset=\"https:\/\/www.vfl-westercelle.de\/tri-rsp\/wp-content\/uploads\/sites\/7\/2020\/09\/IMGP0045-773x1030.jpg 773w, https:\/\/www.vfl-westercelle.de\/tri-rsp\/wp-content\/uploads\/sites\/7\/2020\/09\/IMGP0045-225x300.jpg 225w, https:\/\/www.vfl-westercelle.de\/tri-rsp\/wp-content\/uploads\/sites\/7\/2020\/09\/IMGP0045-768x1024.jpg 768w, https:\/\/www.vfl-westercelle.de\/tri-rsp\/wp-content\/uploads\/sites\/7\/2020\/09\/IMGP0045-1152x1536.jpg 1152w, https:\/\/www.vfl-westercelle.de\/tri-rsp\/wp-content\/uploads\/sites\/7\/2020\/09\/IMGP0045-1536x2048.jpg 1536w, https:\/\/www.vfl-westercelle.de\/tri-rsp\/wp-content\/uploads\/sites\/7\/2020\/09\/IMGP0045-1125x1500.jpg 1125w, https:\/\/www.vfl-westercelle.de\/tri-rsp\/wp-content\/uploads\/sites\/7\/2020\/09\/IMGP0045-529x705.jpg 529w, https:\/\/www.vfl-westercelle.de\/tri-rsp\/wp-content\/uploads\/sites\/7\/2020\/09\/IMGP0045-scaled.jpg 1920w\" data-sizes=\"(max-width: 773px) 100vw, 773px\" data-rel='gallery-1' data-prev-img='https:\/\/www.vfl-westercelle.de\/tri-rsp\/wp-content\/uploads\/sites\/7\/2020\/09\/IMGP0045-495x400.jpg' class='lightbox ' data-onclick='49' title='PENTAX Image'  itemprop=\"thumbnailUrl\"  ><img decoding=\"async\" fetchpriority=\"high\" class=\"wp-image-712 avia-img-lazy-loading-not-712\"  data-avia-tooltip='PENTAX Image' src=\"https:\/\/www.vfl-westercelle.de\/tri-rsp\/wp-content\/uploads\/sites\/7\/2020\/09\/IMGP0045-495x400.jpg\" width=\"495\" height=\"400\"  title='PENTAX Image' alt='' srcset=\"https:\/\/www.vfl-westercelle.de\/tri-rsp\/wp-content\/uploads\/sites\/7\/2020\/09\/IMGP0045-495x400.jpg 495w, https:\/\/www.vfl-westercelle.de\/tri-rsp\/wp-content\/uploads\/sites\/7\/2020\/09\/IMGP0045-845x684.jpg 845w\" sizes=\"(max-width: 495px) 100vw, 495px\" \/><div class='big-prev-fake'><img decoding=\"async\" loading=\"lazy\" class=\"wp-image-712 avia-img-lazy-loading-712\"  width=\"495\" height=\"400\" src=\"https:\/\/www.vfl-westercelle.de\/tri-rsp\/wp-content\/uploads\/sites\/7\/2020\/09\/IMGP0045-495x400.jpg\" title='PENTAX Image' alt='' srcset=\"https:\/\/www.vfl-westercelle.de\/tri-rsp\/wp-content\/uploads\/sites\/7\/2020\/09\/IMGP0045-495x400.jpg 495w, https:\/\/www.vfl-westercelle.de\/tri-rsp\/wp-content\/uploads\/sites\/7\/2020\/09\/IMGP0045-845x684.jpg 845w\" sizes=\"auto, (max-width: 495px) 100vw, 495px\" \/><\/div><\/a><a href=\"https:\/\/www.vfl-westercelle.de\/tri-rsp\/wp-content\/uploads\/sites\/7\/2020\/09\/IMGP0046-1030x773.jpg\" data-srcset=\"https:\/\/www.vfl-westercelle.de\/tri-rsp\/wp-content\/uploads\/sites\/7\/2020\/09\/IMGP0046-1030x773.jpg 1030w, https:\/\/www.vfl-westercelle.de\/tri-rsp\/wp-content\/uploads\/sites\/7\/2020\/09\/IMGP0046-300x225.jpg 300w, https:\/\/www.vfl-westercelle.de\/tri-rsp\/wp-content\/uploads\/sites\/7\/2020\/09\/IMGP0046-768x576.jpg 768w, https:\/\/www.vfl-westercelle.de\/tri-rsp\/wp-content\/uploads\/sites\/7\/2020\/09\/IMGP0046-1536x1152.jpg 1536w, https:\/\/www.vfl-westercelle.de\/tri-rsp\/wp-content\/uploads\/sites\/7\/2020\/09\/IMGP0046-2048x1536.jpg 2048w, https:\/\/www.vfl-westercelle.de\/tri-rsp\/wp-content\/uploads\/sites\/7\/2020\/09\/IMGP0046-1500x1125.jpg 1500w, https:\/\/www.vfl-westercelle.de\/tri-rsp\/wp-content\/uploads\/sites\/7\/2020\/09\/IMGP0046-705x529.jpg 705w\" data-sizes=\"(max-width: 1030px) 100vw, 1030px\" data-rel='gallery-1' data-prev-img='https:\/\/www.vfl-westercelle.de\/tri-rsp\/wp-content\/uploads\/sites\/7\/2020\/09\/IMGP0046-495x400.jpg' class='lightbox ' data-onclick='50' title='PENTAX Image'  itemprop=\"thumbnailUrl\"  ><img decoding=\"async\" fetchpriority=\"high\" class=\"wp-image-713 avia-img-lazy-loading-not-713\"  data-avia-tooltip='PENTAX Image' src=\"https:\/\/www.vfl-westercelle.de\/tri-rsp\/wp-content\/uploads\/sites\/7\/2020\/09\/IMGP0046-495x400.jpg\" width=\"495\" height=\"400\"  title='PENTAX Image' alt='' srcset=\"https:\/\/www.vfl-westercelle.de\/tri-rsp\/wp-content\/uploads\/sites\/7\/2020\/09\/IMGP0046-495x400.jpg 495w, https:\/\/www.vfl-westercelle.de\/tri-rsp\/wp-content\/uploads\/sites\/7\/2020\/09\/IMGP0046-845x684.jpg 845w\" sizes=\"(max-width: 495px) 100vw, 495px\" \/><div class='big-prev-fake'><img decoding=\"async\" loading=\"lazy\" class=\"wp-image-713 avia-img-lazy-loading-713\"  width=\"495\" height=\"400\" src=\"https:\/\/www.vfl-westercelle.de\/tri-rsp\/wp-content\/uploads\/sites\/7\/2020\/09\/IMGP0046-495x400.jpg\" title='PENTAX Image' alt='' srcset=\"https:\/\/www.vfl-westercelle.de\/tri-rsp\/wp-content\/uploads\/sites\/7\/2020\/09\/IMGP0046-495x400.jpg 495w, https:\/\/www.vfl-westercelle.de\/tri-rsp\/wp-content\/uploads\/sites\/7\/2020\/09\/IMGP0046-845x684.jpg 845w\" sizes=\"auto, (max-width: 495px) 100vw, 495px\" \/><\/div><\/a><a href=\"https:\/\/www.vfl-westercelle.de\/tri-rsp\/wp-content\/uploads\/sites\/7\/2020\/09\/IMGP0047-1030x773.jpg\" data-srcset=\"https:\/\/www.vfl-westercelle.de\/tri-rsp\/wp-content\/uploads\/sites\/7\/2020\/09\/IMGP0047-1030x773.jpg 1030w, https:\/\/www.vfl-westercelle.de\/tri-rsp\/wp-content\/uploads\/sites\/7\/2020\/09\/IMGP0047-300x225.jpg 300w, https:\/\/www.vfl-westercelle.de\/tri-rsp\/wp-content\/uploads\/sites\/7\/2020\/09\/IMGP0047-768x576.jpg 768w, https:\/\/www.vfl-westercelle.de\/tri-rsp\/wp-content\/uploads\/sites\/7\/2020\/09\/IMGP0047-1536x1152.jpg 1536w, https:\/\/www.vfl-westercelle.de\/tri-rsp\/wp-content\/uploads\/sites\/7\/2020\/09\/IMGP0047-2048x1536.jpg 2048w, https:\/\/www.vfl-westercelle.de\/tri-rsp\/wp-content\/uploads\/sites\/7\/2020\/09\/IMGP0047-1500x1125.jpg 1500w, https:\/\/www.vfl-westercelle.de\/tri-rsp\/wp-content\/uploads\/sites\/7\/2020\/09\/IMGP0047-705x529.jpg 705w\" data-sizes=\"(max-width: 1030px) 100vw, 1030px\" data-rel='gallery-1' data-prev-img='https:\/\/www.vfl-westercelle.de\/tri-rsp\/wp-content\/uploads\/sites\/7\/2020\/09\/IMGP0047-495x400.jpg' class='first_thumb lightbox ' data-onclick='51' title='PENTAX Image'  itemprop=\"thumbnailUrl\"  ><img decoding=\"async\" fetchpriority=\"high\" class=\"wp-image-714 avia-img-lazy-loading-not-714\"  data-avia-tooltip='PENTAX Image' src=\"https:\/\/www.vfl-westercelle.de\/tri-rsp\/wp-content\/uploads\/sites\/7\/2020\/09\/IMGP0047-495x400.jpg\" width=\"495\" height=\"400\"  title='PENTAX Image' alt='' srcset=\"https:\/\/www.vfl-westercelle.de\/tri-rsp\/wp-content\/uploads\/sites\/7\/2020\/09\/IMGP0047-495x400.jpg 495w, https:\/\/www.vfl-westercelle.de\/tri-rsp\/wp-content\/uploads\/sites\/7\/2020\/09\/IMGP0047-845x684.jpg 845w\" sizes=\"(max-width: 495px) 100vw, 495px\" \/><div class='big-prev-fake'><img decoding=\"async\" loading=\"lazy\" class=\"wp-image-714 avia-img-lazy-loading-714\"  width=\"495\" height=\"400\" src=\"https:\/\/www.vfl-westercelle.de\/tri-rsp\/wp-content\/uploads\/sites\/7\/2020\/09\/IMGP0047-495x400.jpg\" title='PENTAX Image' alt='' srcset=\"https:\/\/www.vfl-westercelle.de\/tri-rsp\/wp-content\/uploads\/sites\/7\/2020\/09\/IMGP0047-495x400.jpg 495w, https:\/\/www.vfl-westercelle.de\/tri-rsp\/wp-content\/uploads\/sites\/7\/2020\/09\/IMGP0047-845x684.jpg 845w\" sizes=\"auto, (max-width: 495px) 100vw, 495px\" \/><\/div><\/a><a href=\"https:\/\/www.vfl-westercelle.de\/tri-rsp\/wp-content\/uploads\/sites\/7\/2020\/09\/IMGP0048-1030x773.jpg\" data-srcset=\"https:\/\/www.vfl-westercelle.de\/tri-rsp\/wp-content\/uploads\/sites\/7\/2020\/09\/IMGP0048-1030x773.jpg 1030w, https:\/\/www.vfl-westercelle.de\/tri-rsp\/wp-content\/uploads\/sites\/7\/2020\/09\/IMGP0048-300x225.jpg 300w, https:\/\/www.vfl-westercelle.de\/tri-rsp\/wp-content\/uploads\/sites\/7\/2020\/09\/IMGP0048-768x576.jpg 768w, https:\/\/www.vfl-westercelle.de\/tri-rsp\/wp-content\/uploads\/sites\/7\/2020\/09\/IMGP0048-1536x1152.jpg 1536w, https:\/\/www.vfl-westercelle.de\/tri-rsp\/wp-content\/uploads\/sites\/7\/2020\/09\/IMGP0048-2048x1536.jpg 2048w, https:\/\/www.vfl-westercelle.de\/tri-rsp\/wp-content\/uploads\/sites\/7\/2020\/09\/IMGP0048-1500x1125.jpg 1500w, https:\/\/www.vfl-westercelle.de\/tri-rsp\/wp-content\/uploads\/sites\/7\/2020\/09\/IMGP0048-705x529.jpg 705w\" data-sizes=\"(max-width: 1030px) 100vw, 1030px\" data-rel='gallery-1' data-prev-img='https:\/\/www.vfl-westercelle.de\/tri-rsp\/wp-content\/uploads\/sites\/7\/2020\/09\/IMGP0048-495x400.jpg' class='lightbox ' data-onclick='52' title='PENTAX Image'  itemprop=\"thumbnailUrl\"  ><img decoding=\"async\" fetchpriority=\"high\" class=\"wp-image-715 avia-img-lazy-loading-not-715\"  data-avia-tooltip='PENTAX Image' src=\"https:\/\/www.vfl-westercelle.de\/tri-rsp\/wp-content\/uploads\/sites\/7\/2020\/09\/IMGP0048-495x400.jpg\" width=\"495\" height=\"400\"  title='PENTAX Image' alt='' srcset=\"https:\/\/www.vfl-westercelle.de\/tri-rsp\/wp-content\/uploads\/sites\/7\/2020\/09\/IMGP0048-495x400.jpg 495w, https:\/\/www.vfl-westercelle.de\/tri-rsp\/wp-content\/uploads\/sites\/7\/2020\/09\/IMGP0048-845x684.jpg 845w\" sizes=\"(max-width: 495px) 100vw, 495px\" \/><div class='big-prev-fake'><img decoding=\"async\" loading=\"lazy\" class=\"wp-image-715 avia-img-lazy-loading-715\"  width=\"495\" height=\"400\" src=\"https:\/\/www.vfl-westercelle.de\/tri-rsp\/wp-content\/uploads\/sites\/7\/2020\/09\/IMGP0048-495x400.jpg\" title='PENTAX Image' alt='' srcset=\"https:\/\/www.vfl-westercelle.de\/tri-rsp\/wp-content\/uploads\/sites\/7\/2020\/09\/IMGP0048-495x400.jpg 495w, https:\/\/www.vfl-westercelle.de\/tri-rsp\/wp-content\/uploads\/sites\/7\/2020\/09\/IMGP0048-845x684.jpg 845w\" sizes=\"auto, (max-width: 495px) 100vw, 495px\" \/><\/div><\/a><a href=\"https:\/\/www.vfl-westercelle.de\/tri-rsp\/wp-content\/uploads\/sites\/7\/2020\/09\/IMGP0049-773x1030.jpg\" data-srcset=\"https:\/\/www.vfl-westercelle.de\/tri-rsp\/wp-content\/uploads\/sites\/7\/2020\/09\/IMGP0049-773x1030.jpg 773w, https:\/\/www.vfl-westercelle.de\/tri-rsp\/wp-content\/uploads\/sites\/7\/2020\/09\/IMGP0049-225x300.jpg 225w, https:\/\/www.vfl-westercelle.de\/tri-rsp\/wp-content\/uploads\/sites\/7\/2020\/09\/IMGP0049-768x1024.jpg 768w, https:\/\/www.vfl-westercelle.de\/tri-rsp\/wp-content\/uploads\/sites\/7\/2020\/09\/IMGP0049-1152x1536.jpg 1152w, https:\/\/www.vfl-westercelle.de\/tri-rsp\/wp-content\/uploads\/sites\/7\/2020\/09\/IMGP0049-1536x2048.jpg 1536w, https:\/\/www.vfl-westercelle.de\/tri-rsp\/wp-content\/uploads\/sites\/7\/2020\/09\/IMGP0049-1125x1500.jpg 1125w, https:\/\/www.vfl-westercelle.de\/tri-rsp\/wp-content\/uploads\/sites\/7\/2020\/09\/IMGP0049-529x705.jpg 529w, https:\/\/www.vfl-westercelle.de\/tri-rsp\/wp-content\/uploads\/sites\/7\/2020\/09\/IMGP0049-scaled.jpg 1920w\" data-sizes=\"(max-width: 773px) 100vw, 773px\" data-rel='gallery-1' data-prev-img='https:\/\/www.vfl-westercelle.de\/tri-rsp\/wp-content\/uploads\/sites\/7\/2020\/09\/IMGP0049-495x400.jpg' class='lightbox ' data-onclick='53' title='PENTAX Image'  itemprop=\"thumbnailUrl\"  ><img decoding=\"async\" fetchpriority=\"high\" class=\"wp-image-716 avia-img-lazy-loading-not-716\"  data-avia-tooltip='PENTAX Image' src=\"https:\/\/www.vfl-westercelle.de\/tri-rsp\/wp-content\/uploads\/sites\/7\/2020\/09\/IMGP0049-495x400.jpg\" width=\"495\" height=\"400\"  title='PENTAX Image' alt='' srcset=\"https:\/\/www.vfl-westercelle.de\/tri-rsp\/wp-content\/uploads\/sites\/7\/2020\/09\/IMGP0049-495x400.jpg 495w, https:\/\/www.vfl-westercelle.de\/tri-rsp\/wp-content\/uploads\/sites\/7\/2020\/09\/IMGP0049-845x684.jpg 845w\" sizes=\"(max-width: 495px) 100vw, 495px\" \/><div class='big-prev-fake'><img decoding=\"async\" loading=\"lazy\" class=\"wp-image-716 avia-img-lazy-loading-716\"  width=\"495\" height=\"400\" src=\"https:\/\/www.vfl-westercelle.de\/tri-rsp\/wp-content\/uploads\/sites\/7\/2020\/09\/IMGP0049-495x400.jpg\" title='PENTAX Image' alt='' srcset=\"https:\/\/www.vfl-westercelle.de\/tri-rsp\/wp-content\/uploads\/sites\/7\/2020\/09\/IMGP0049-495x400.jpg 495w, https:\/\/www.vfl-westercelle.de\/tri-rsp\/wp-content\/uploads\/sites\/7\/2020\/09\/IMGP0049-845x684.jpg 845w\" sizes=\"auto, (max-width: 495px) 100vw, 495px\" \/><\/div><\/a><a href=\"https:\/\/www.vfl-westercelle.de\/tri-rsp\/wp-content\/uploads\/sites\/7\/2020\/09\/IMGP0050-1030x773.jpg\" data-srcset=\"https:\/\/www.vfl-westercelle.de\/tri-rsp\/wp-content\/uploads\/sites\/7\/2020\/09\/IMGP0050-1030x773.jpg 1030w, https:\/\/www.vfl-westercelle.de\/tri-rsp\/wp-content\/uploads\/sites\/7\/2020\/09\/IMGP0050-300x225.jpg 300w, https:\/\/www.vfl-westercelle.de\/tri-rsp\/wp-content\/uploads\/sites\/7\/2020\/09\/IMGP0050-768x576.jpg 768w, https:\/\/www.vfl-westercelle.de\/tri-rsp\/wp-content\/uploads\/sites\/7\/2020\/09\/IMGP0050-1536x1152.jpg 1536w, https:\/\/www.vfl-westercelle.de\/tri-rsp\/wp-content\/uploads\/sites\/7\/2020\/09\/IMGP0050-2048x1536.jpg 2048w, https:\/\/www.vfl-westercelle.de\/tri-rsp\/wp-content\/uploads\/sites\/7\/2020\/09\/IMGP0050-1500x1125.jpg 1500w, https:\/\/www.vfl-westercelle.de\/tri-rsp\/wp-content\/uploads\/sites\/7\/2020\/09\/IMGP0050-705x529.jpg 705w\" data-sizes=\"(max-width: 1030px) 100vw, 1030px\" data-rel='gallery-1' data-prev-img='https:\/\/www.vfl-westercelle.de\/tri-rsp\/wp-content\/uploads\/sites\/7\/2020\/09\/IMGP0050-495x400.jpg' class='lightbox ' data-onclick='54' title='PENTAX Image'  itemprop=\"thumbnailUrl\"  ><img decoding=\"async\" fetchpriority=\"high\" class=\"wp-image-717 avia-img-lazy-loading-not-717\"  data-avia-tooltip='PENTAX Image' src=\"https:\/\/www.vfl-westercelle.de\/tri-rsp\/wp-content\/uploads\/sites\/7\/2020\/09\/IMGP0050-495x400.jpg\" width=\"495\" height=\"400\"  title='PENTAX Image' alt='' srcset=\"https:\/\/www.vfl-westercelle.de\/tri-rsp\/wp-content\/uploads\/sites\/7\/2020\/09\/IMGP0050-495x400.jpg 495w, https:\/\/www.vfl-westercelle.de\/tri-rsp\/wp-content\/uploads\/sites\/7\/2020\/09\/IMGP0050-845x684.jpg 845w\" sizes=\"(max-width: 495px) 100vw, 495px\" \/><div class='big-prev-fake'><img decoding=\"async\" loading=\"lazy\" class=\"wp-image-717 avia-img-lazy-loading-717\"  width=\"495\" height=\"400\" src=\"https:\/\/www.vfl-westercelle.de\/tri-rsp\/wp-content\/uploads\/sites\/7\/2020\/09\/IMGP0050-495x400.jpg\" title='PENTAX Image' alt='' srcset=\"https:\/\/www.vfl-westercelle.de\/tri-rsp\/wp-content\/uploads\/sites\/7\/2020\/09\/IMGP0050-495x400.jpg 495w, https:\/\/www.vfl-westercelle.de\/tri-rsp\/wp-content\/uploads\/sites\/7\/2020\/09\/IMGP0050-845x684.jpg 845w\" sizes=\"auto, (max-width: 495px) 100vw, 495px\" \/><\/div><\/a><a href=\"https:\/\/www.vfl-westercelle.de\/tri-rsp\/wp-content\/uploads\/sites\/7\/2020\/09\/IMGP0051-1030x773.jpg\" data-srcset=\"https:\/\/www.vfl-westercelle.de\/tri-rsp\/wp-content\/uploads\/sites\/7\/2020\/09\/IMGP0051-1030x773.jpg 1030w, https:\/\/www.vfl-westercelle.de\/tri-rsp\/wp-content\/uploads\/sites\/7\/2020\/09\/IMGP0051-300x225.jpg 300w, https:\/\/www.vfl-westercelle.de\/tri-rsp\/wp-content\/uploads\/sites\/7\/2020\/09\/IMGP0051-768x576.jpg 768w, https:\/\/www.vfl-westercelle.de\/tri-rsp\/wp-content\/uploads\/sites\/7\/2020\/09\/IMGP0051-1536x1152.jpg 1536w, https:\/\/www.vfl-westercelle.de\/tri-rsp\/wp-content\/uploads\/sites\/7\/2020\/09\/IMGP0051-2048x1536.jpg 2048w, https:\/\/www.vfl-westercelle.de\/tri-rsp\/wp-content\/uploads\/sites\/7\/2020\/09\/IMGP0051-1500x1125.jpg 1500w, https:\/\/www.vfl-westercelle.de\/tri-rsp\/wp-content\/uploads\/sites\/7\/2020\/09\/IMGP0051-705x529.jpg 705w\" data-sizes=\"(max-width: 1030px) 100vw, 1030px\" data-rel='gallery-1' data-prev-img='https:\/\/www.vfl-westercelle.de\/tri-rsp\/wp-content\/uploads\/sites\/7\/2020\/09\/IMGP0051-495x400.jpg' class='lightbox ' data-onclick='55' title='PENTAX Image'  itemprop=\"thumbnailUrl\"  ><img decoding=\"async\" fetchpriority=\"high\" class=\"wp-image-718 avia-img-lazy-loading-not-718\"  data-avia-tooltip='PENTAX Image' src=\"https:\/\/www.vfl-westercelle.de\/tri-rsp\/wp-content\/uploads\/sites\/7\/2020\/09\/IMGP0051-495x400.jpg\" width=\"495\" height=\"400\"  title='PENTAX Image' alt='' srcset=\"https:\/\/www.vfl-westercelle.de\/tri-rsp\/wp-content\/uploads\/sites\/7\/2020\/09\/IMGP0051-495x400.jpg 495w, https:\/\/www.vfl-westercelle.de\/tri-rsp\/wp-content\/uploads\/sites\/7\/2020\/09\/IMGP0051-845x684.jpg 845w\" sizes=\"(max-width: 495px) 100vw, 495px\" \/><div class='big-prev-fake'><img decoding=\"async\" loading=\"lazy\" class=\"wp-image-718 avia-img-lazy-loading-718\"  width=\"495\" height=\"400\" src=\"https:\/\/www.vfl-westercelle.de\/tri-rsp\/wp-content\/uploads\/sites\/7\/2020\/09\/IMGP0051-495x400.jpg\" title='PENTAX Image' alt='' srcset=\"https:\/\/www.vfl-westercelle.de\/tri-rsp\/wp-content\/uploads\/sites\/7\/2020\/09\/IMGP0051-495x400.jpg 495w, https:\/\/www.vfl-westercelle.de\/tri-rsp\/wp-content\/uploads\/sites\/7\/2020\/09\/IMGP0051-845x684.jpg 845w\" sizes=\"auto, (max-width: 495px) 100vw, 495px\" \/><\/div><\/a><a href=\"https:\/\/www.vfl-westercelle.de\/tri-rsp\/wp-content\/uploads\/sites\/7\/2020\/09\/IMGP0052-1030x773.jpg\" data-srcset=\"https:\/\/www.vfl-westercelle.de\/tri-rsp\/wp-content\/uploads\/sites\/7\/2020\/09\/IMGP0052-1030x773.jpg 1030w, https:\/\/www.vfl-westercelle.de\/tri-rsp\/wp-content\/uploads\/sites\/7\/2020\/09\/IMGP0052-300x225.jpg 300w, https:\/\/www.vfl-westercelle.de\/tri-rsp\/wp-content\/uploads\/sites\/7\/2020\/09\/IMGP0052-768x576.jpg 768w, https:\/\/www.vfl-westercelle.de\/tri-rsp\/wp-content\/uploads\/sites\/7\/2020\/09\/IMGP0052-1536x1152.jpg 1536w, https:\/\/www.vfl-westercelle.de\/tri-rsp\/wp-content\/uploads\/sites\/7\/2020\/09\/IMGP0052-2048x1536.jpg 2048w, https:\/\/www.vfl-westercelle.de\/tri-rsp\/wp-content\/uploads\/sites\/7\/2020\/09\/IMGP0052-1500x1125.jpg 1500w, https:\/\/www.vfl-westercelle.de\/tri-rsp\/wp-content\/uploads\/sites\/7\/2020\/09\/IMGP0052-705x529.jpg 705w\" data-sizes=\"(max-width: 1030px) 100vw, 1030px\" data-rel='gallery-1' data-prev-img='https:\/\/www.vfl-westercelle.de\/tri-rsp\/wp-content\/uploads\/sites\/7\/2020\/09\/IMGP0052-495x400.jpg' class='first_thumb lightbox ' data-onclick='56' title='PENTAX Image'  itemprop=\"thumbnailUrl\"  ><img decoding=\"async\" fetchpriority=\"high\" class=\"wp-image-719 avia-img-lazy-loading-not-719\"  data-avia-tooltip='PENTAX Image' src=\"https:\/\/www.vfl-westercelle.de\/tri-rsp\/wp-content\/uploads\/sites\/7\/2020\/09\/IMGP0052-495x400.jpg\" width=\"495\" height=\"400\"  title='PENTAX Image' alt='' srcset=\"https:\/\/www.vfl-westercelle.de\/tri-rsp\/wp-content\/uploads\/sites\/7\/2020\/09\/IMGP0052-495x400.jpg 495w, https:\/\/www.vfl-westercelle.de\/tri-rsp\/wp-content\/uploads\/sites\/7\/2020\/09\/IMGP0052-845x684.jpg 845w\" sizes=\"(max-width: 495px) 100vw, 495px\" \/><div class='big-prev-fake'><img decoding=\"async\" loading=\"lazy\" class=\"wp-image-719 avia-img-lazy-loading-719\"  width=\"495\" height=\"400\" src=\"https:\/\/www.vfl-westercelle.de\/tri-rsp\/wp-content\/uploads\/sites\/7\/2020\/09\/IMGP0052-495x400.jpg\" title='PENTAX Image' alt='' srcset=\"https:\/\/www.vfl-westercelle.de\/tri-rsp\/wp-content\/uploads\/sites\/7\/2020\/09\/IMGP0052-495x400.jpg 495w, https:\/\/www.vfl-westercelle.de\/tri-rsp\/wp-content\/uploads\/sites\/7\/2020\/09\/IMGP0052-845x684.jpg 845w\" sizes=\"auto, (max-width: 495px) 100vw, 495px\" \/><\/div><\/a><a href=\"https:\/\/www.vfl-westercelle.de\/tri-rsp\/wp-content\/uploads\/sites\/7\/2020\/09\/IMGP0053-1030x773.jpg\" data-srcset=\"https:\/\/www.vfl-westercelle.de\/tri-rsp\/wp-content\/uploads\/sites\/7\/2020\/09\/IMGP0053-1030x773.jpg 1030w, https:\/\/www.vfl-westercelle.de\/tri-rsp\/wp-content\/uploads\/sites\/7\/2020\/09\/IMGP0053-300x225.jpg 300w, https:\/\/www.vfl-westercelle.de\/tri-rsp\/wp-content\/uploads\/sites\/7\/2020\/09\/IMGP0053-768x576.jpg 768w, https:\/\/www.vfl-westercelle.de\/tri-rsp\/wp-content\/uploads\/sites\/7\/2020\/09\/IMGP0053-1536x1152.jpg 1536w, https:\/\/www.vfl-westercelle.de\/tri-rsp\/wp-content\/uploads\/sites\/7\/2020\/09\/IMGP0053-2048x1536.jpg 2048w, https:\/\/www.vfl-westercelle.de\/tri-rsp\/wp-content\/uploads\/sites\/7\/2020\/09\/IMGP0053-1500x1125.jpg 1500w, https:\/\/www.vfl-westercelle.de\/tri-rsp\/wp-content\/uploads\/sites\/7\/2020\/09\/IMGP0053-705x529.jpg 705w\" data-sizes=\"(max-width: 1030px) 100vw, 1030px\" data-rel='gallery-1' data-prev-img='https:\/\/www.vfl-westercelle.de\/tri-rsp\/wp-content\/uploads\/sites\/7\/2020\/09\/IMGP0053-495x400.jpg' class='lightbox ' data-onclick='57' title='PENTAX Image'  itemprop=\"thumbnailUrl\"  ><img decoding=\"async\" fetchpriority=\"high\" class=\"wp-image-720 avia-img-lazy-loading-not-720\"  data-avia-tooltip='PENTAX Image' src=\"https:\/\/www.vfl-westercelle.de\/tri-rsp\/wp-content\/uploads\/sites\/7\/2020\/09\/IMGP0053-495x400.jpg\" width=\"495\" height=\"400\"  title='PENTAX Image' alt='' srcset=\"https:\/\/www.vfl-westercelle.de\/tri-rsp\/wp-content\/uploads\/sites\/7\/2020\/09\/IMGP0053-495x400.jpg 495w, https:\/\/www.vfl-westercelle.de\/tri-rsp\/wp-content\/uploads\/sites\/7\/2020\/09\/IMGP0053-845x684.jpg 845w\" sizes=\"(max-width: 495px) 100vw, 495px\" \/><div class='big-prev-fake'><img decoding=\"async\" loading=\"lazy\" class=\"wp-image-720 avia-img-lazy-loading-720\"  width=\"495\" height=\"400\" src=\"https:\/\/www.vfl-westercelle.de\/tri-rsp\/wp-content\/uploads\/sites\/7\/2020\/09\/IMGP0053-495x400.jpg\" title='PENTAX Image' alt='' srcset=\"https:\/\/www.vfl-westercelle.de\/tri-rsp\/wp-content\/uploads\/sites\/7\/2020\/09\/IMGP0053-495x400.jpg 495w, https:\/\/www.vfl-westercelle.de\/tri-rsp\/wp-content\/uploads\/sites\/7\/2020\/09\/IMGP0053-845x684.jpg 845w\" sizes=\"auto, (max-width: 495px) 100vw, 495px\" \/><\/div><\/a><a href=\"https:\/\/www.vfl-westercelle.de\/tri-rsp\/wp-content\/uploads\/sites\/7\/2020\/09\/IMGP0054-1030x773.jpg\" data-srcset=\"https:\/\/www.vfl-westercelle.de\/tri-rsp\/wp-content\/uploads\/sites\/7\/2020\/09\/IMGP0054-1030x773.jpg 1030w, https:\/\/www.vfl-westercelle.de\/tri-rsp\/wp-content\/uploads\/sites\/7\/2020\/09\/IMGP0054-300x225.jpg 300w, https:\/\/www.vfl-westercelle.de\/tri-rsp\/wp-content\/uploads\/sites\/7\/2020\/09\/IMGP0054-768x576.jpg 768w, https:\/\/www.vfl-westercelle.de\/tri-rsp\/wp-content\/uploads\/sites\/7\/2020\/09\/IMGP0054-1536x1152.jpg 1536w, https:\/\/www.vfl-westercelle.de\/tri-rsp\/wp-content\/uploads\/sites\/7\/2020\/09\/IMGP0054-2048x1536.jpg 2048w, https:\/\/www.vfl-westercelle.de\/tri-rsp\/wp-content\/uploads\/sites\/7\/2020\/09\/IMGP0054-1500x1125.jpg 1500w, https:\/\/www.vfl-westercelle.de\/tri-rsp\/wp-content\/uploads\/sites\/7\/2020\/09\/IMGP0054-705x529.jpg 705w\" data-sizes=\"(max-width: 1030px) 100vw, 1030px\" data-rel='gallery-1' data-prev-img='https:\/\/www.vfl-westercelle.de\/tri-rsp\/wp-content\/uploads\/sites\/7\/2020\/09\/IMGP0054-495x400.jpg' class='lightbox ' data-onclick='58' title='PENTAX Image'  itemprop=\"thumbnailUrl\"  ><img decoding=\"async\" fetchpriority=\"high\" class=\"wp-image-721 avia-img-lazy-loading-not-721\"  data-avia-tooltip='PENTAX Image' src=\"https:\/\/www.vfl-westercelle.de\/tri-rsp\/wp-content\/uploads\/sites\/7\/2020\/09\/IMGP0054-495x400.jpg\" width=\"495\" height=\"400\"  title='PENTAX Image' alt='' srcset=\"https:\/\/www.vfl-westercelle.de\/tri-rsp\/wp-content\/uploads\/sites\/7\/2020\/09\/IMGP0054-495x400.jpg 495w, https:\/\/www.vfl-westercelle.de\/tri-rsp\/wp-content\/uploads\/sites\/7\/2020\/09\/IMGP0054-845x684.jpg 845w\" sizes=\"(max-width: 495px) 100vw, 495px\" \/><div class='big-prev-fake'><img decoding=\"async\" loading=\"lazy\" class=\"wp-image-721 avia-img-lazy-loading-721\"  width=\"495\" height=\"400\" src=\"https:\/\/www.vfl-westercelle.de\/tri-rsp\/wp-content\/uploads\/sites\/7\/2020\/09\/IMGP0054-495x400.jpg\" title='PENTAX Image' alt='' srcset=\"https:\/\/www.vfl-westercelle.de\/tri-rsp\/wp-content\/uploads\/sites\/7\/2020\/09\/IMGP0054-495x400.jpg 495w, https:\/\/www.vfl-westercelle.de\/tri-rsp\/wp-content\/uploads\/sites\/7\/2020\/09\/IMGP0054-845x684.jpg 845w\" sizes=\"auto, (max-width: 495px) 100vw, 495px\" \/><\/div><\/a><a href=\"https:\/\/www.vfl-westercelle.de\/tri-rsp\/wp-content\/uploads\/sites\/7\/2020\/09\/IMGP0055-1030x773.jpg\" data-srcset=\"https:\/\/www.vfl-westercelle.de\/tri-rsp\/wp-content\/uploads\/sites\/7\/2020\/09\/IMGP0055-1030x773.jpg 1030w, https:\/\/www.vfl-westercelle.de\/tri-rsp\/wp-content\/uploads\/sites\/7\/2020\/09\/IMGP0055-300x225.jpg 300w, https:\/\/www.vfl-westercelle.de\/tri-rsp\/wp-content\/uploads\/sites\/7\/2020\/09\/IMGP0055-768x576.jpg 768w, https:\/\/www.vfl-westercelle.de\/tri-rsp\/wp-content\/uploads\/sites\/7\/2020\/09\/IMGP0055-1536x1152.jpg 1536w, https:\/\/www.vfl-westercelle.de\/tri-rsp\/wp-content\/uploads\/sites\/7\/2020\/09\/IMGP0055-2048x1536.jpg 2048w, https:\/\/www.vfl-westercelle.de\/tri-rsp\/wp-content\/uploads\/sites\/7\/2020\/09\/IMGP0055-1500x1125.jpg 1500w, https:\/\/www.vfl-westercelle.de\/tri-rsp\/wp-content\/uploads\/sites\/7\/2020\/09\/IMGP0055-705x529.jpg 705w\" data-sizes=\"(max-width: 1030px) 100vw, 1030px\" data-rel='gallery-1' data-prev-img='https:\/\/www.vfl-westercelle.de\/tri-rsp\/wp-content\/uploads\/sites\/7\/2020\/09\/IMGP0055-495x400.jpg' class='lightbox ' data-onclick='59' title='PENTAX Image'  itemprop=\"thumbnailUrl\"  ><img decoding=\"async\" fetchpriority=\"high\" class=\"wp-image-722 avia-img-lazy-loading-not-722\"  data-avia-tooltip='PENTAX Image' src=\"https:\/\/www.vfl-westercelle.de\/tri-rsp\/wp-content\/uploads\/sites\/7\/2020\/09\/IMGP0055-495x400.jpg\" width=\"495\" height=\"400\"  title='PENTAX Image' alt='' srcset=\"https:\/\/www.vfl-westercelle.de\/tri-rsp\/wp-content\/uploads\/sites\/7\/2020\/09\/IMGP0055-495x400.jpg 495w, https:\/\/www.vfl-westercelle.de\/tri-rsp\/wp-content\/uploads\/sites\/7\/2020\/09\/IMGP0055-845x684.jpg 845w\" sizes=\"(max-width: 495px) 100vw, 495px\" \/><div class='big-prev-fake'><img decoding=\"async\" loading=\"lazy\" class=\"wp-image-722 avia-img-lazy-loading-722\"  width=\"495\" height=\"400\" src=\"https:\/\/www.vfl-westercelle.de\/tri-rsp\/wp-content\/uploads\/sites\/7\/2020\/09\/IMGP0055-495x400.jpg\" title='PENTAX Image' alt='' srcset=\"https:\/\/www.vfl-westercelle.de\/tri-rsp\/wp-content\/uploads\/sites\/7\/2020\/09\/IMGP0055-495x400.jpg 495w, https:\/\/www.vfl-westercelle.de\/tri-rsp\/wp-content\/uploads\/sites\/7\/2020\/09\/IMGP0055-845x684.jpg 845w\" sizes=\"auto, (max-width: 495px) 100vw, 495px\" \/><\/div><\/a><a href=\"https:\/\/www.vfl-westercelle.de\/tri-rsp\/wp-content\/uploads\/sites\/7\/2020\/09\/IMGP0056-1030x773.jpg\" data-srcset=\"https:\/\/www.vfl-westercelle.de\/tri-rsp\/wp-content\/uploads\/sites\/7\/2020\/09\/IMGP0056-1030x773.jpg 1030w, https:\/\/www.vfl-westercelle.de\/tri-rsp\/wp-content\/uploads\/sites\/7\/2020\/09\/IMGP0056-300x225.jpg 300w, https:\/\/www.vfl-westercelle.de\/tri-rsp\/wp-content\/uploads\/sites\/7\/2020\/09\/IMGP0056-768x576.jpg 768w, https:\/\/www.vfl-westercelle.de\/tri-rsp\/wp-content\/uploads\/sites\/7\/2020\/09\/IMGP0056-1536x1152.jpg 1536w, https:\/\/www.vfl-westercelle.de\/tri-rsp\/wp-content\/uploads\/sites\/7\/2020\/09\/IMGP0056-2048x1536.jpg 2048w, https:\/\/www.vfl-westercelle.de\/tri-rsp\/wp-content\/uploads\/sites\/7\/2020\/09\/IMGP0056-1500x1125.jpg 1500w, https:\/\/www.vfl-westercelle.de\/tri-rsp\/wp-content\/uploads\/sites\/7\/2020\/09\/IMGP0056-705x529.jpg 705w\" data-sizes=\"(max-width: 1030px) 100vw, 1030px\" data-rel='gallery-1' data-prev-img='https:\/\/www.vfl-westercelle.de\/tri-rsp\/wp-content\/uploads\/sites\/7\/2020\/09\/IMGP0056-495x400.jpg' class='lightbox ' data-onclick='60' title='PENTAX Image'  itemprop=\"thumbnailUrl\"  ><img decoding=\"async\" fetchpriority=\"high\" class=\"wp-image-723 avia-img-lazy-loading-not-723\"  data-avia-tooltip='PENTAX Image' src=\"https:\/\/www.vfl-westercelle.de\/tri-rsp\/wp-content\/uploads\/sites\/7\/2020\/09\/IMGP0056-495x400.jpg\" width=\"495\" height=\"400\"  title='PENTAX Image' alt='' srcset=\"https:\/\/www.vfl-westercelle.de\/tri-rsp\/wp-content\/uploads\/sites\/7\/2020\/09\/IMGP0056-495x400.jpg 495w, https:\/\/www.vfl-westercelle.de\/tri-rsp\/wp-content\/uploads\/sites\/7\/2020\/09\/IMGP0056-845x684.jpg 845w\" sizes=\"(max-width: 495px) 100vw, 495px\" \/><div class='big-prev-fake'><img decoding=\"async\" loading=\"lazy\" class=\"wp-image-723 avia-img-lazy-loading-723\"  width=\"495\" height=\"400\" src=\"https:\/\/www.vfl-westercelle.de\/tri-rsp\/wp-content\/uploads\/sites\/7\/2020\/09\/IMGP0056-495x400.jpg\" title='PENTAX Image' alt='' srcset=\"https:\/\/www.vfl-westercelle.de\/tri-rsp\/wp-content\/uploads\/sites\/7\/2020\/09\/IMGP0056-495x400.jpg 495w, https:\/\/www.vfl-westercelle.de\/tri-rsp\/wp-content\/uploads\/sites\/7\/2020\/09\/IMGP0056-845x684.jpg 845w\" sizes=\"auto, (max-width: 495px) 100vw, 495px\" \/><\/div><\/a><a href=\"https:\/\/www.vfl-westercelle.de\/tri-rsp\/wp-content\/uploads\/sites\/7\/2020\/09\/IMGP0057-1030x773.jpg\" data-srcset=\"https:\/\/www.vfl-westercelle.de\/tri-rsp\/wp-content\/uploads\/sites\/7\/2020\/09\/IMGP0057-1030x773.jpg 1030w, https:\/\/www.vfl-westercelle.de\/tri-rsp\/wp-content\/uploads\/sites\/7\/2020\/09\/IMGP0057-300x225.jpg 300w, https:\/\/www.vfl-westercelle.de\/tri-rsp\/wp-content\/uploads\/sites\/7\/2020\/09\/IMGP0057-768x576.jpg 768w, https:\/\/www.vfl-westercelle.de\/tri-rsp\/wp-content\/uploads\/sites\/7\/2020\/09\/IMGP0057-1536x1152.jpg 1536w, https:\/\/www.vfl-westercelle.de\/tri-rsp\/wp-content\/uploads\/sites\/7\/2020\/09\/IMGP0057-2048x1536.jpg 2048w, https:\/\/www.vfl-westercelle.de\/tri-rsp\/wp-content\/uploads\/sites\/7\/2020\/09\/IMGP0057-1500x1125.jpg 1500w, https:\/\/www.vfl-westercelle.de\/tri-rsp\/wp-content\/uploads\/sites\/7\/2020\/09\/IMGP0057-705x529.jpg 705w\" data-sizes=\"(max-width: 1030px) 100vw, 1030px\" data-rel='gallery-1' data-prev-img='https:\/\/www.vfl-westercelle.de\/tri-rsp\/wp-content\/uploads\/sites\/7\/2020\/09\/IMGP0057-495x400.jpg' class='first_thumb lightbox ' data-onclick='61' title='PENTAX Image'  itemprop=\"thumbnailUrl\"  ><img decoding=\"async\" fetchpriority=\"high\" class=\"wp-image-724 avia-img-lazy-loading-not-724\"  data-avia-tooltip='PENTAX Image' src=\"https:\/\/www.vfl-westercelle.de\/tri-rsp\/wp-content\/uploads\/sites\/7\/2020\/09\/IMGP0057-495x400.jpg\" width=\"495\" height=\"400\"  title='PENTAX Image' alt='' srcset=\"https:\/\/www.vfl-westercelle.de\/tri-rsp\/wp-content\/uploads\/sites\/7\/2020\/09\/IMGP0057-495x400.jpg 495w, https:\/\/www.vfl-westercelle.de\/tri-rsp\/wp-content\/uploads\/sites\/7\/2020\/09\/IMGP0057-845x684.jpg 845w\" sizes=\"(max-width: 495px) 100vw, 495px\" \/><div class='big-prev-fake'><img decoding=\"async\" loading=\"lazy\" class=\"wp-image-724 avia-img-lazy-loading-724\"  width=\"495\" height=\"400\" src=\"https:\/\/www.vfl-westercelle.de\/tri-rsp\/wp-content\/uploads\/sites\/7\/2020\/09\/IMGP0057-495x400.jpg\" title='PENTAX Image' alt='' srcset=\"https:\/\/www.vfl-westercelle.de\/tri-rsp\/wp-content\/uploads\/sites\/7\/2020\/09\/IMGP0057-495x400.jpg 495w, https:\/\/www.vfl-westercelle.de\/tri-rsp\/wp-content\/uploads\/sites\/7\/2020\/09\/IMGP0057-845x684.jpg 845w\" sizes=\"auto, (max-width: 495px) 100vw, 495px\" \/><\/div><\/a><a href=\"https:\/\/www.vfl-westercelle.de\/tri-rsp\/wp-content\/uploads\/sites\/7\/2020\/09\/IMGP0058-1030x773.jpg\" data-srcset=\"https:\/\/www.vfl-westercelle.de\/tri-rsp\/wp-content\/uploads\/sites\/7\/2020\/09\/IMGP0058-1030x773.jpg 1030w, https:\/\/www.vfl-westercelle.de\/tri-rsp\/wp-content\/uploads\/sites\/7\/2020\/09\/IMGP0058-300x225.jpg 300w, https:\/\/www.vfl-westercelle.de\/tri-rsp\/wp-content\/uploads\/sites\/7\/2020\/09\/IMGP0058-768x576.jpg 768w, https:\/\/www.vfl-westercelle.de\/tri-rsp\/wp-content\/uploads\/sites\/7\/2020\/09\/IMGP0058-1536x1152.jpg 1536w, https:\/\/www.vfl-westercelle.de\/tri-rsp\/wp-content\/uploads\/sites\/7\/2020\/09\/IMGP0058-2048x1536.jpg 2048w, https:\/\/www.vfl-westercelle.de\/tri-rsp\/wp-content\/uploads\/sites\/7\/2020\/09\/IMGP0058-1500x1125.jpg 1500w, https:\/\/www.vfl-westercelle.de\/tri-rsp\/wp-content\/uploads\/sites\/7\/2020\/09\/IMGP0058-705x529.jpg 705w\" data-sizes=\"(max-width: 1030px) 100vw, 1030px\" data-rel='gallery-1' data-prev-img='https:\/\/www.vfl-westercelle.de\/tri-rsp\/wp-content\/uploads\/sites\/7\/2020\/09\/IMGP0058-495x400.jpg' class='lightbox ' data-onclick='62' title='PENTAX Image'  itemprop=\"thumbnailUrl\"  ><img decoding=\"async\" fetchpriority=\"high\" class=\"wp-image-725 avia-img-lazy-loading-not-725\"  data-avia-tooltip='PENTAX Image' src=\"https:\/\/www.vfl-westercelle.de\/tri-rsp\/wp-content\/uploads\/sites\/7\/2020\/09\/IMGP0058-495x400.jpg\" width=\"495\" height=\"400\"  title='PENTAX Image' alt='' srcset=\"https:\/\/www.vfl-westercelle.de\/tri-rsp\/wp-content\/uploads\/sites\/7\/2020\/09\/IMGP0058-495x400.jpg 495w, https:\/\/www.vfl-westercelle.de\/tri-rsp\/wp-content\/uploads\/sites\/7\/2020\/09\/IMGP0058-845x684.jpg 845w\" sizes=\"(max-width: 495px) 100vw, 495px\" \/><div class='big-prev-fake'><img decoding=\"async\" loading=\"lazy\" class=\"wp-image-725 avia-img-lazy-loading-725\"  width=\"495\" height=\"400\" src=\"https:\/\/www.vfl-westercelle.de\/tri-rsp\/wp-content\/uploads\/sites\/7\/2020\/09\/IMGP0058-495x400.jpg\" title='PENTAX Image' alt='' srcset=\"https:\/\/www.vfl-westercelle.de\/tri-rsp\/wp-content\/uploads\/sites\/7\/2020\/09\/IMGP0058-495x400.jpg 495w, https:\/\/www.vfl-westercelle.de\/tri-rsp\/wp-content\/uploads\/sites\/7\/2020\/09\/IMGP0058-845x684.jpg 845w\" sizes=\"auto, (max-width: 495px) 100vw, 495px\" \/><\/div><\/a><a href=\"https:\/\/www.vfl-westercelle.de\/tri-rsp\/wp-content\/uploads\/sites\/7\/2020\/09\/IMGP0059-1030x773.jpg\" data-srcset=\"https:\/\/www.vfl-westercelle.de\/tri-rsp\/wp-content\/uploads\/sites\/7\/2020\/09\/IMGP0059-1030x773.jpg 1030w, https:\/\/www.vfl-westercelle.de\/tri-rsp\/wp-content\/uploads\/sites\/7\/2020\/09\/IMGP0059-300x225.jpg 300w, https:\/\/www.vfl-westercelle.de\/tri-rsp\/wp-content\/uploads\/sites\/7\/2020\/09\/IMGP0059-768x576.jpg 768w, https:\/\/www.vfl-westercelle.de\/tri-rsp\/wp-content\/uploads\/sites\/7\/2020\/09\/IMGP0059-1536x1152.jpg 1536w, https:\/\/www.vfl-westercelle.de\/tri-rsp\/wp-content\/uploads\/sites\/7\/2020\/09\/IMGP0059-2048x1536.jpg 2048w, https:\/\/www.vfl-westercelle.de\/tri-rsp\/wp-content\/uploads\/sites\/7\/2020\/09\/IMGP0059-1500x1125.jpg 1500w, https:\/\/www.vfl-westercelle.de\/tri-rsp\/wp-content\/uploads\/sites\/7\/2020\/09\/IMGP0059-705x529.jpg 705w\" data-sizes=\"(max-width: 1030px) 100vw, 1030px\" data-rel='gallery-1' data-prev-img='https:\/\/www.vfl-westercelle.de\/tri-rsp\/wp-content\/uploads\/sites\/7\/2020\/09\/IMGP0059-495x400.jpg' class='lightbox ' data-onclick='63' title='PENTAX Image'  itemprop=\"thumbnailUrl\"  ><img decoding=\"async\" fetchpriority=\"high\" class=\"wp-image-726 avia-img-lazy-loading-not-726\"  data-avia-tooltip='PENTAX Image' src=\"https:\/\/www.vfl-westercelle.de\/tri-rsp\/wp-content\/uploads\/sites\/7\/2020\/09\/IMGP0059-495x400.jpg\" width=\"495\" height=\"400\"  title='PENTAX Image' alt='' srcset=\"https:\/\/www.vfl-westercelle.de\/tri-rsp\/wp-content\/uploads\/sites\/7\/2020\/09\/IMGP0059-495x400.jpg 495w, https:\/\/www.vfl-westercelle.de\/tri-rsp\/wp-content\/uploads\/sites\/7\/2020\/09\/IMGP0059-845x684.jpg 845w\" sizes=\"(max-width: 495px) 100vw, 495px\" \/><div class='big-prev-fake'><img decoding=\"async\" loading=\"lazy\" class=\"wp-image-726 avia-img-lazy-loading-726\"  width=\"495\" height=\"400\" src=\"https:\/\/www.vfl-westercelle.de\/tri-rsp\/wp-content\/uploads\/sites\/7\/2020\/09\/IMGP0059-495x400.jpg\" title='PENTAX Image' alt='' srcset=\"https:\/\/www.vfl-westercelle.de\/tri-rsp\/wp-content\/uploads\/sites\/7\/2020\/09\/IMGP0059-495x400.jpg 495w, https:\/\/www.vfl-westercelle.de\/tri-rsp\/wp-content\/uploads\/sites\/7\/2020\/09\/IMGP0059-845x684.jpg 845w\" sizes=\"auto, (max-width: 495px) 100vw, 495px\" \/><\/div><\/a><a href=\"https:\/\/www.vfl-westercelle.de\/tri-rsp\/wp-content\/uploads\/sites\/7\/2020\/09\/IMGP0060-1030x773.jpg\" data-srcset=\"https:\/\/www.vfl-westercelle.de\/tri-rsp\/wp-content\/uploads\/sites\/7\/2020\/09\/IMGP0060-1030x773.jpg 1030w, https:\/\/www.vfl-westercelle.de\/tri-rsp\/wp-content\/uploads\/sites\/7\/2020\/09\/IMGP0060-300x225.jpg 300w, https:\/\/www.vfl-westercelle.de\/tri-rsp\/wp-content\/uploads\/sites\/7\/2020\/09\/IMGP0060-768x576.jpg 768w, https:\/\/www.vfl-westercelle.de\/tri-rsp\/wp-content\/uploads\/sites\/7\/2020\/09\/IMGP0060-1536x1152.jpg 1536w, https:\/\/www.vfl-westercelle.de\/tri-rsp\/wp-content\/uploads\/sites\/7\/2020\/09\/IMGP0060-2048x1536.jpg 2048w, https:\/\/www.vfl-westercelle.de\/tri-rsp\/wp-content\/uploads\/sites\/7\/2020\/09\/IMGP0060-1500x1125.jpg 1500w, https:\/\/www.vfl-westercelle.de\/tri-rsp\/wp-content\/uploads\/sites\/7\/2020\/09\/IMGP0060-705x529.jpg 705w\" data-sizes=\"(max-width: 1030px) 100vw, 1030px\" data-rel='gallery-1' data-prev-img='https:\/\/www.vfl-westercelle.de\/tri-rsp\/wp-content\/uploads\/sites\/7\/2020\/09\/IMGP0060-495x400.jpg' class='lightbox ' data-onclick='64' title='PENTAX Image'  itemprop=\"thumbnailUrl\"  ><img decoding=\"async\" fetchpriority=\"high\" class=\"wp-image-727 avia-img-lazy-loading-not-727\"  data-avia-tooltip='PENTAX Image' src=\"https:\/\/www.vfl-westercelle.de\/tri-rsp\/wp-content\/uploads\/sites\/7\/2020\/09\/IMGP0060-495x400.jpg\" width=\"495\" height=\"400\"  title='PENTAX Image' alt='' srcset=\"https:\/\/www.vfl-westercelle.de\/tri-rsp\/wp-content\/uploads\/sites\/7\/2020\/09\/IMGP0060-495x400.jpg 495w, https:\/\/www.vfl-westercelle.de\/tri-rsp\/wp-content\/uploads\/sites\/7\/2020\/09\/IMGP0060-845x684.jpg 845w\" sizes=\"(max-width: 495px) 100vw, 495px\" \/><div class='big-prev-fake'><img decoding=\"async\" loading=\"lazy\" class=\"wp-image-727 avia-img-lazy-loading-727\"  width=\"495\" height=\"400\" src=\"https:\/\/www.vfl-westercelle.de\/tri-rsp\/wp-content\/uploads\/sites\/7\/2020\/09\/IMGP0060-495x400.jpg\" title='PENTAX Image' alt='' srcset=\"https:\/\/www.vfl-westercelle.de\/tri-rsp\/wp-content\/uploads\/sites\/7\/2020\/09\/IMGP0060-495x400.jpg 495w, https:\/\/www.vfl-westercelle.de\/tri-rsp\/wp-content\/uploads\/sites\/7\/2020\/09\/IMGP0060-845x684.jpg 845w\" sizes=\"auto, (max-width: 495px) 100vw, 495px\" \/><\/div><\/a><a href=\"https:\/\/www.vfl-westercelle.de\/tri-rsp\/wp-content\/uploads\/sites\/7\/2020\/09\/IMGP0061-1030x773.jpg\" data-srcset=\"https:\/\/www.vfl-westercelle.de\/tri-rsp\/wp-content\/uploads\/sites\/7\/2020\/09\/IMGP0061-1030x773.jpg 1030w, https:\/\/www.vfl-westercelle.de\/tri-rsp\/wp-content\/uploads\/sites\/7\/2020\/09\/IMGP0061-300x225.jpg 300w, https:\/\/www.vfl-westercelle.de\/tri-rsp\/wp-content\/uploads\/sites\/7\/2020\/09\/IMGP0061-768x576.jpg 768w, https:\/\/www.vfl-westercelle.de\/tri-rsp\/wp-content\/uploads\/sites\/7\/2020\/09\/IMGP0061-1536x1152.jpg 1536w, https:\/\/www.vfl-westercelle.de\/tri-rsp\/wp-content\/uploads\/sites\/7\/2020\/09\/IMGP0061-2048x1536.jpg 2048w, https:\/\/www.vfl-westercelle.de\/tri-rsp\/wp-content\/uploads\/sites\/7\/2020\/09\/IMGP0061-1500x1125.jpg 1500w, https:\/\/www.vfl-westercelle.de\/tri-rsp\/wp-content\/uploads\/sites\/7\/2020\/09\/IMGP0061-705x529.jpg 705w\" data-sizes=\"(max-width: 1030px) 100vw, 1030px\" data-rel='gallery-1' data-prev-img='https:\/\/www.vfl-westercelle.de\/tri-rsp\/wp-content\/uploads\/sites\/7\/2020\/09\/IMGP0061-495x400.jpg' class='lightbox ' data-onclick='65' title='PENTAX Image'  itemprop=\"thumbnailUrl\"  ><img decoding=\"async\" fetchpriority=\"high\" class=\"wp-image-728 avia-img-lazy-loading-not-728\"  data-avia-tooltip='PENTAX Image' src=\"https:\/\/www.vfl-westercelle.de\/tri-rsp\/wp-content\/uploads\/sites\/7\/2020\/09\/IMGP0061-495x400.jpg\" width=\"495\" height=\"400\"  title='PENTAX Image' alt='' srcset=\"https:\/\/www.vfl-westercelle.de\/tri-rsp\/wp-content\/uploads\/sites\/7\/2020\/09\/IMGP0061-495x400.jpg 495w, https:\/\/www.vfl-westercelle.de\/tri-rsp\/wp-content\/uploads\/sites\/7\/2020\/09\/IMGP0061-845x684.jpg 845w\" sizes=\"(max-width: 495px) 100vw, 495px\" \/><div class='big-prev-fake'><img decoding=\"async\" loading=\"lazy\" class=\"wp-image-728 avia-img-lazy-loading-728\"  width=\"495\" height=\"400\" src=\"https:\/\/www.vfl-westercelle.de\/tri-rsp\/wp-content\/uploads\/sites\/7\/2020\/09\/IMGP0061-495x400.jpg\" title='PENTAX Image' alt='' srcset=\"https:\/\/www.vfl-westercelle.de\/tri-rsp\/wp-content\/uploads\/sites\/7\/2020\/09\/IMGP0061-495x400.jpg 495w, https:\/\/www.vfl-westercelle.de\/tri-rsp\/wp-content\/uploads\/sites\/7\/2020\/09\/IMGP0061-845x684.jpg 845w\" sizes=\"auto, (max-width: 495px) 100vw, 495px\" \/><\/div><\/a><a href=\"https:\/\/www.vfl-westercelle.de\/tri-rsp\/wp-content\/uploads\/sites\/7\/2020\/09\/IMGP0062-1030x773.jpg\" data-srcset=\"https:\/\/www.vfl-westercelle.de\/tri-rsp\/wp-content\/uploads\/sites\/7\/2020\/09\/IMGP0062-1030x773.jpg 1030w, https:\/\/www.vfl-westercelle.de\/tri-rsp\/wp-content\/uploads\/sites\/7\/2020\/09\/IMGP0062-300x225.jpg 300w, https:\/\/www.vfl-westercelle.de\/tri-rsp\/wp-content\/uploads\/sites\/7\/2020\/09\/IMGP0062-768x576.jpg 768w, https:\/\/www.vfl-westercelle.de\/tri-rsp\/wp-content\/uploads\/sites\/7\/2020\/09\/IMGP0062-1536x1152.jpg 1536w, https:\/\/www.vfl-westercelle.de\/tri-rsp\/wp-content\/uploads\/sites\/7\/2020\/09\/IMGP0062-2048x1536.jpg 2048w, https:\/\/www.vfl-westercelle.de\/tri-rsp\/wp-content\/uploads\/sites\/7\/2020\/09\/IMGP0062-1500x1125.jpg 1500w, https:\/\/www.vfl-westercelle.de\/tri-rsp\/wp-content\/uploads\/sites\/7\/2020\/09\/IMGP0062-705x529.jpg 705w\" data-sizes=\"(max-width: 1030px) 100vw, 1030px\" data-rel='gallery-1' data-prev-img='https:\/\/www.vfl-westercelle.de\/tri-rsp\/wp-content\/uploads\/sites\/7\/2020\/09\/IMGP0062-495x400.jpg' class='first_thumb lightbox ' data-onclick='66' title='PENTAX Image'  itemprop=\"thumbnailUrl\"  ><img decoding=\"async\" fetchpriority=\"high\" class=\"wp-image-729 avia-img-lazy-loading-not-729\"  data-avia-tooltip='PENTAX Image' src=\"https:\/\/www.vfl-westercelle.de\/tri-rsp\/wp-content\/uploads\/sites\/7\/2020\/09\/IMGP0062-495x400.jpg\" width=\"495\" height=\"400\"  title='PENTAX Image' alt='' srcset=\"https:\/\/www.vfl-westercelle.de\/tri-rsp\/wp-content\/uploads\/sites\/7\/2020\/09\/IMGP0062-495x400.jpg 495w, https:\/\/www.vfl-westercelle.de\/tri-rsp\/wp-content\/uploads\/sites\/7\/2020\/09\/IMGP0062-845x684.jpg 845w\" sizes=\"(max-width: 495px) 100vw, 495px\" \/><div class='big-prev-fake'><img decoding=\"async\" loading=\"lazy\" class=\"wp-image-729 avia-img-lazy-loading-729\"  width=\"495\" height=\"400\" src=\"https:\/\/www.vfl-westercelle.de\/tri-rsp\/wp-content\/uploads\/sites\/7\/2020\/09\/IMGP0062-495x400.jpg\" title='PENTAX Image' alt='' srcset=\"https:\/\/www.vfl-westercelle.de\/tri-rsp\/wp-content\/uploads\/sites\/7\/2020\/09\/IMGP0062-495x400.jpg 495w, https:\/\/www.vfl-westercelle.de\/tri-rsp\/wp-content\/uploads\/sites\/7\/2020\/09\/IMGP0062-845x684.jpg 845w\" sizes=\"auto, (max-width: 495px) 100vw, 495px\" \/><\/div><\/a><a href=\"https:\/\/www.vfl-westercelle.de\/tri-rsp\/wp-content\/uploads\/sites\/7\/2020\/09\/IMGP0063-1030x773.jpg\" data-srcset=\"https:\/\/www.vfl-westercelle.de\/tri-rsp\/wp-content\/uploads\/sites\/7\/2020\/09\/IMGP0063-1030x773.jpg 1030w, https:\/\/www.vfl-westercelle.de\/tri-rsp\/wp-content\/uploads\/sites\/7\/2020\/09\/IMGP0063-300x225.jpg 300w, https:\/\/www.vfl-westercelle.de\/tri-rsp\/wp-content\/uploads\/sites\/7\/2020\/09\/IMGP0063-768x576.jpg 768w, https:\/\/www.vfl-westercelle.de\/tri-rsp\/wp-content\/uploads\/sites\/7\/2020\/09\/IMGP0063-1536x1152.jpg 1536w, https:\/\/www.vfl-westercelle.de\/tri-rsp\/wp-content\/uploads\/sites\/7\/2020\/09\/IMGP0063-2048x1536.jpg 2048w, https:\/\/www.vfl-westercelle.de\/tri-rsp\/wp-content\/uploads\/sites\/7\/2020\/09\/IMGP0063-1500x1125.jpg 1500w, https:\/\/www.vfl-westercelle.de\/tri-rsp\/wp-content\/uploads\/sites\/7\/2020\/09\/IMGP0063-705x529.jpg 705w\" data-sizes=\"(max-width: 1030px) 100vw, 1030px\" data-rel='gallery-1' data-prev-img='https:\/\/www.vfl-westercelle.de\/tri-rsp\/wp-content\/uploads\/sites\/7\/2020\/09\/IMGP0063-495x400.jpg' class='lightbox ' data-onclick='67' title='PENTAX Image'  itemprop=\"thumbnailUrl\"  ><img decoding=\"async\" fetchpriority=\"high\" class=\"wp-image-730 avia-img-lazy-loading-not-730\"  data-avia-tooltip='PENTAX Image' src=\"https:\/\/www.vfl-westercelle.de\/tri-rsp\/wp-content\/uploads\/sites\/7\/2020\/09\/IMGP0063-495x400.jpg\" width=\"495\" height=\"400\"  title='PENTAX Image' alt='' srcset=\"https:\/\/www.vfl-westercelle.de\/tri-rsp\/wp-content\/uploads\/sites\/7\/2020\/09\/IMGP0063-495x400.jpg 495w, https:\/\/www.vfl-westercelle.de\/tri-rsp\/wp-content\/uploads\/sites\/7\/2020\/09\/IMGP0063-845x684.jpg 845w\" sizes=\"(max-width: 495px) 100vw, 495px\" \/><div class='big-prev-fake'><img decoding=\"async\" loading=\"lazy\" class=\"wp-image-730 avia-img-lazy-loading-730\"  width=\"495\" height=\"400\" src=\"https:\/\/www.vfl-westercelle.de\/tri-rsp\/wp-content\/uploads\/sites\/7\/2020\/09\/IMGP0063-495x400.jpg\" title='PENTAX Image' alt='' srcset=\"https:\/\/www.vfl-westercelle.de\/tri-rsp\/wp-content\/uploads\/sites\/7\/2020\/09\/IMGP0063-495x400.jpg 495w, https:\/\/www.vfl-westercelle.de\/tri-rsp\/wp-content\/uploads\/sites\/7\/2020\/09\/IMGP0063-845x684.jpg 845w\" sizes=\"auto, (max-width: 495px) 100vw, 495px\" \/><\/div><\/a><a href=\"https:\/\/www.vfl-westercelle.de\/tri-rsp\/wp-content\/uploads\/sites\/7\/2020\/09\/IMGP0064-1030x773.jpg\" data-srcset=\"https:\/\/www.vfl-westercelle.de\/tri-rsp\/wp-content\/uploads\/sites\/7\/2020\/09\/IMGP0064-1030x773.jpg 1030w, https:\/\/www.vfl-westercelle.de\/tri-rsp\/wp-content\/uploads\/sites\/7\/2020\/09\/IMGP0064-300x225.jpg 300w, https:\/\/www.vfl-westercelle.de\/tri-rsp\/wp-content\/uploads\/sites\/7\/2020\/09\/IMGP0064-768x576.jpg 768w, https:\/\/www.vfl-westercelle.de\/tri-rsp\/wp-content\/uploads\/sites\/7\/2020\/09\/IMGP0064-1536x1152.jpg 1536w, https:\/\/www.vfl-westercelle.de\/tri-rsp\/wp-content\/uploads\/sites\/7\/2020\/09\/IMGP0064-2048x1536.jpg 2048w, https:\/\/www.vfl-westercelle.de\/tri-rsp\/wp-content\/uploads\/sites\/7\/2020\/09\/IMGP0064-1500x1125.jpg 1500w, https:\/\/www.vfl-westercelle.de\/tri-rsp\/wp-content\/uploads\/sites\/7\/2020\/09\/IMGP0064-705x529.jpg 705w\" data-sizes=\"(max-width: 1030px) 100vw, 1030px\" data-rel='gallery-1' data-prev-img='https:\/\/www.vfl-westercelle.de\/tri-rsp\/wp-content\/uploads\/sites\/7\/2020\/09\/IMGP0064-495x400.jpg' class='lightbox ' data-onclick='68' title='PENTAX Image'  itemprop=\"thumbnailUrl\"  ><img decoding=\"async\" fetchpriority=\"high\" class=\"wp-image-731 avia-img-lazy-loading-not-731\"  data-avia-tooltip='PENTAX Image' src=\"https:\/\/www.vfl-westercelle.de\/tri-rsp\/wp-content\/uploads\/sites\/7\/2020\/09\/IMGP0064-495x400.jpg\" width=\"495\" height=\"400\"  title='PENTAX Image' alt='' srcset=\"https:\/\/www.vfl-westercelle.de\/tri-rsp\/wp-content\/uploads\/sites\/7\/2020\/09\/IMGP0064-495x400.jpg 495w, https:\/\/www.vfl-westercelle.de\/tri-rsp\/wp-content\/uploads\/sites\/7\/2020\/09\/IMGP0064-845x684.jpg 845w\" sizes=\"(max-width: 495px) 100vw, 495px\" \/><div class='big-prev-fake'><img decoding=\"async\" loading=\"lazy\" class=\"wp-image-731 avia-img-lazy-loading-731\"  width=\"495\" height=\"400\" src=\"https:\/\/www.vfl-westercelle.de\/tri-rsp\/wp-content\/uploads\/sites\/7\/2020\/09\/IMGP0064-495x400.jpg\" title='PENTAX Image' alt='' srcset=\"https:\/\/www.vfl-westercelle.de\/tri-rsp\/wp-content\/uploads\/sites\/7\/2020\/09\/IMGP0064-495x400.jpg 495w, https:\/\/www.vfl-westercelle.de\/tri-rsp\/wp-content\/uploads\/sites\/7\/2020\/09\/IMGP0064-845x684.jpg 845w\" sizes=\"auto, (max-width: 495px) 100vw, 495px\" \/><\/div><\/a><a href=\"https:\/\/www.vfl-westercelle.de\/tri-rsp\/wp-content\/uploads\/sites\/7\/2020\/09\/IMGP0065-1030x773.jpg\" data-srcset=\"https:\/\/www.vfl-westercelle.de\/tri-rsp\/wp-content\/uploads\/sites\/7\/2020\/09\/IMGP0065-1030x773.jpg 1030w, https:\/\/www.vfl-westercelle.de\/tri-rsp\/wp-content\/uploads\/sites\/7\/2020\/09\/IMGP0065-300x225.jpg 300w, https:\/\/www.vfl-westercelle.de\/tri-rsp\/wp-content\/uploads\/sites\/7\/2020\/09\/IMGP0065-768x576.jpg 768w, https:\/\/www.vfl-westercelle.de\/tri-rsp\/wp-content\/uploads\/sites\/7\/2020\/09\/IMGP0065-1536x1152.jpg 1536w, https:\/\/www.vfl-westercelle.de\/tri-rsp\/wp-content\/uploads\/sites\/7\/2020\/09\/IMGP0065-2048x1536.jpg 2048w, https:\/\/www.vfl-westercelle.de\/tri-rsp\/wp-content\/uploads\/sites\/7\/2020\/09\/IMGP0065-1500x1125.jpg 1500w, https:\/\/www.vfl-westercelle.de\/tri-rsp\/wp-content\/uploads\/sites\/7\/2020\/09\/IMGP0065-705x529.jpg 705w\" data-sizes=\"(max-width: 1030px) 100vw, 1030px\" data-rel='gallery-1' data-prev-img='https:\/\/www.vfl-westercelle.de\/tri-rsp\/wp-content\/uploads\/sites\/7\/2020\/09\/IMGP0065-495x400.jpg' class='lightbox ' data-onclick='69' title='PENTAX Image'  itemprop=\"thumbnailUrl\"  ><img decoding=\"async\" fetchpriority=\"high\" class=\"wp-image-732 avia-img-lazy-loading-not-732\"  data-avia-tooltip='PENTAX Image' src=\"https:\/\/www.vfl-westercelle.de\/tri-rsp\/wp-content\/uploads\/sites\/7\/2020\/09\/IMGP0065-495x400.jpg\" width=\"495\" height=\"400\"  title='PENTAX Image' alt='' srcset=\"https:\/\/www.vfl-westercelle.de\/tri-rsp\/wp-content\/uploads\/sites\/7\/2020\/09\/IMGP0065-495x400.jpg 495w, https:\/\/www.vfl-westercelle.de\/tri-rsp\/wp-content\/uploads\/sites\/7\/2020\/09\/IMGP0065-845x684.jpg 845w\" sizes=\"(max-width: 495px) 100vw, 495px\" \/><div class='big-prev-fake'><img decoding=\"async\" loading=\"lazy\" class=\"wp-image-732 avia-img-lazy-loading-732\"  width=\"495\" height=\"400\" src=\"https:\/\/www.vfl-westercelle.de\/tri-rsp\/wp-content\/uploads\/sites\/7\/2020\/09\/IMGP0065-495x400.jpg\" title='PENTAX Image' alt='' srcset=\"https:\/\/www.vfl-westercelle.de\/tri-rsp\/wp-content\/uploads\/sites\/7\/2020\/09\/IMGP0065-495x400.jpg 495w, https:\/\/www.vfl-westercelle.de\/tri-rsp\/wp-content\/uploads\/sites\/7\/2020\/09\/IMGP0065-845x684.jpg 845w\" sizes=\"auto, (max-width: 495px) 100vw, 495px\" \/><\/div><\/a><\/div><\/div>\n<section  class='av_textblock_section av-kfdq3gqe-82c53e1e512fd885909e846389cdb4b4 '   itemscope=\"itemscope\" itemtype=\"https:\/\/schema.org\/BlogPosting\" itemprop=\"blogPost\" ><div class='avia_textblock'  itemprop=\"text\" ><h3 style=\"text-align: left\"><strong>Ergebnisliste<\/strong><\/h3>\n<h3 style=\"text-align: left\">5.Offene Vereinsmeisterschaft im 30 m EZF in Beckedorf am 12.9.2020<br \/>\n(bisheriger Streckenrekord aus 2019: Benjamin Passler in 39:23 min.)<\/h3>\n<p style=\"text-align: left\"><strong><em>M\u00e4nnerwertung<\/em><\/strong><\/p>\n<p style=\"text-align: left\"><strong>1. Michael Kopf<\/strong> Jenatec-Lawi-Masters-Team 37:02 min. <strong>Streckenrekord<\/strong><br \/>\n<strong>2. Marcus Baranski<\/strong> RG Hamburg 37:35 min.<br \/>\n<strong>3. Tino Beck Maxim<\/strong> Magdeburg 37:46 min.<br \/>\n<strong>4. Benjamin Passler<\/strong> Grebser Cycling Team 38:48 min.<br \/>\n<strong>5. Felix Block<\/strong> Porta Westfalica 39:28 min.<br \/>\n<strong>6. J\u00f6rg Pacher<\/strong> Jenatec-Lawi-Masters-Team 39:29 min.<br \/>\n<strong>7. Dario Wildmann<\/strong> RC Sprintax Bielefeld 39:41 min.<br \/>\n<strong>8. Michael Schmidt<\/strong> TuS Schwarz Wei\u00df Enzen 40:38 min.<br \/>\n<strong>9. Sascha Stallmann<\/strong> RRG Bremen 40:39 min.<br \/>\n<strong>10. S\u00f6ren Tanke<\/strong> VfL Westercelle 42:14 min.<br \/>\n11. Klemens Passler Grebser Cycling Team 42:51 min.<br \/>\n12. Heinz Koslowski Marathonclub Walsrode 43:38 min.<br \/>\n13. Paul Stelter VfL Westercelle 44:00 min.<br \/>\n14. Bernd Fredelake MTV M\u00fcden 44:32 min.<br \/>\n15. Theodor Block Porta Westfalica 44:35 min.<br \/>\n16. Jan Roehl TSV Barsinghausen 44:51 min.<br \/>\n17. Bruno Legeai Team Tiger\/DFAT 45:48 min.<br \/>\n18. Frank Haller Triathlon Heidekreis 46:04 min.<br \/>\n19. Igor Goldmann Hannover 46:20 min.<br \/>\n20. S\u00e9bastian Tussaint Team Tiger\/DFAT 46:46 min.<br \/>\n21. Torsten M\u00fcnchow MTV M\u00fcden 46:47 min.<br \/>\n22. Andreas H\u00fcge MTV M\u00fcden 47:53 min.<br \/>\n23. Andreas Harloff VfL Westercell 47:56 min.<br \/>\n24. Stefan Frank TSVE 1890 Bielefeld 48:48 min.<br \/>\n25. Christian Appel Drewsen Spezialpapiere 49:13 min.<br \/>\n26. Michael Brockmann VfL Westercelle 49:24 min.<br \/>\n27. Diemo Rollert VfL Westercelle 50:00 min.<br \/>\n28. Stefan B\u00e4dermann TuS Hermannsburg 50:15 min.<br \/>\n29. Gunter Beinhoff SV Altencelle 50:54 min.<br \/>\n30. Andreas Lange TuS Hermannsburg 50:56 min.<br \/>\n31. Christopher Raschke Zeiss Vision Center Hannover 51:41 min.<br \/>\n32. Laurent Dupiere Team Tiger\/DFAT 52:01 min.<br \/>\n33. Andree Zoppke VfL Westercelle 52:13 min.<br \/>\n34. Rock Hudson MTV Beedenbostel 52:46 min.<br \/>\n35. Hans Wassmann TuS Hermannsburg 52:58 min.<br \/>\n36. Hasko Schillat VfL Westercelle 53:13 min.<br \/>\n37. Jens Kramer VfL Westercelle 54:33 min.<br \/>\n&#8211; Christian Siedlitzki LAV Verden DNS<br \/>\n&#8211; Knud Zietz VfL Westercelle DNS<br \/>\n&#8211; Frederik Henne SSV Scheuen DNS<br \/>\n&#8211; Gerhard Henne VfL Westercelle DNS<br \/>\n&#8211; Gerald Sommer VfL Westercelle DNS<br \/>\n&#8211; Ingo Neugebauer Gro\u00df B\u00fclten DNS<br \/>\n&#8211; Hanno Feuerstake Sehnde DNS<br \/>\n&#8211; Mario Cordes TuS Bergen DNS<br \/>\n&#8211; Rick Newman TuS Bergen DNS<br \/>\n&#8211; Detlef Klages MTV M\u00fcden DNS<\/p>\n<p><strong><em>Frauenwertung<\/em><\/strong><\/p>\n<p><strong>1. Susan Tschirschke<\/strong> RC Sprintax Bielefeld 48:15 min. <strong>Streckenrekord<\/strong><br \/>\n&#8211; Denise Cordes TuS Bergen DNS<br \/>\n&#8211; Marion Suchy VfL Westercelle DNS<br \/>\n&#8211; Bianca Weide Gro\u00df B\u00fclten DNS<br \/>\n&#8211; Susanna Hasse Hannover DNS<\/p>\n<\/div><\/section>\n","protected":false},"excerpt":{"rendered":"","protected":false},"author":1,"featured_media":654,"comment_status":"closed","ping_status":"open","sticky":false,"template":"","format":"standard","meta":{"footnotes":""},"categories":[1],"tags":[],"class_list":["post-653","post","type-post","status-publish","format-standard","has-post-thumbnail","hentry","category-allgemein"],"_links":{"self":[{"href":"https:\/\/www.vfl-westercelle.de\/tri-rsp\/wp-json\/wp\/v2\/posts\/653","targetHints":{"allow":["GET"]}}],"collection":[{"href":"https:\/\/www.vfl-westercelle.de\/tri-rsp\/wp-json\/wp\/v2\/posts"}],"about":[{"href":"https:\/\/www.vfl-westercelle.de\/tri-rsp\/wp-json\/wp\/v2\/types\/post"}],"author":[{"embeddable":true,"href":"https:\/\/www.vfl-westercelle.de\/tri-rsp\/wp-json\/wp\/v2\/users\/1"}],"replies":[{"embeddable":true,"href":"https:\/\/www.vfl-westercelle.de\/tri-rsp\/wp-json\/wp\/v2\/comments?post=653"}],"version-history":[{"count":5,"href":"https:\/\/www.vfl-westercelle.de\/tri-rsp\/wp-json\/wp\/v2\/posts\/653\/revisions"}],"predecessor-version":[{"id":751,"href":"https:\/\/www.vfl-westercelle.de\/tri-rsp\/wp-json\/wp\/v2\/posts\/653\/revisions\/751"}],"wp:featuredmedia":[{"embeddable":true,"href":"https:\/\/www.vfl-westercelle.de\/tri-rsp\/wp-json\/wp\/v2\/media\/654"}],"wp:attachment":[{"href":"https:\/\/www.vfl-westercelle.de\/tri-rsp\/wp-json\/wp\/v2\/media?parent=653"}],"wp:term":[{"taxonomy":"category","embeddable":true,"href":"https:\/\/www.vfl-westercelle.de\/tri-rsp\/wp-json\/wp\/v2\/categories?post=653"},{"taxonomy":"post_tag","embeddable":true,"href":"https:\/\/www.vfl-westercelle.de\/tri-rsp\/wp-json\/wp\/v2\/tags?post=653"}],"curies":[{"name":"wp","href":"https:\/\/api.w.org\/{rel}","templated":true}]}}