{"id":742,"date":"2021-07-06T10:38:48","date_gmt":"2021-07-06T08:38:48","guid":{"rendered":"https:\/\/www.vfl-westercelle.de\/tri-rsp\/?p=742"},"modified":"2021-07-06T10:59:24","modified_gmt":"2021-07-06T08:59:24","slug":"nach-fast-2-jahren-wettkampf-pause-nun-den-uelzener-triathlon-gemeistert","status":"publish","type":"post","link":"https:\/\/www.vfl-westercelle.de\/tri-rsp\/nach-fast-2-jahren-wettkampf-pause-nun-den-uelzener-triathlon-gemeistert\/","title":{"rendered":"Nach fast 2 Jahren Wettkampf-Pause, nun den Uelzener Triathlon gemeistert"},"content":{"rendered":"<section  class='av_textblock_section av-kqrrt05g-dd790fbbec5b882cec279abd2547f811 '   itemscope=\"itemscope\" itemtype=\"https:\/\/schema.org\/BlogPosting\" itemprop=\"blogPost\" ><div class='avia_textblock'  itemprop=\"text\" ><p>Ein kleiner Erlebnisbericht von unserem Teamkollegen Andreas Harloff, der k\u00fcrzlich beim 13-O-See-Triathlon in Uelzen an den Start gegangen ist und den 6.Platz in seiner Altersklasse belegte.<br \/>\n&#8222;Vorweg schicken kann man, dass der Uelzener Triathlon top organisiert war!<br \/>\nZudem hat das Wetter gepasst. Es war fast schon zu warm.<br \/>\nDas Hygiene-Konzept wurde gut umgesetzt, so dass es ein Wettkampf &#8211; fast wie fr\u00fcher &#8211; wurde.<br \/>\nEingangskontrolle bevor Du auf `s Gel\u00e4nde gelangt bist, also ein Nachweis: negativer Test, Nachweise \u00fcber Impfung bzw. Genesung.<br \/>\nKeine Rundenb\u00e4nder, keine Versorgung auf der Radstrecke, beim Lauf Aerosolbox &#8211;<br \/>\nanalog der Windschattenbox beim Radfahren um k\u00f6rperliche N\u00e4he auszuschlie\u00dfen.<\/p>\n<p>Nach fast zwei Jahren wieder mein erster Wettkampf!<br \/>\nEs hat Spa\u00df gemacht!<\/p>\n<p>Im Vordergrund stand nicht das Resultat, sondern die M\u00f6glichkeit mal wieder zu starten.<br \/>\nEs war ja die Startkarte aus dem letzten Jahr, als der Wettkampf allerdings wegen Pandemie ausfiel.<br \/>\nIch bin f\u00fcr meine Verh\u00e4ltnisse ganz gut geschwommen. Ohne NEO!<br \/>\nDie angegebenen 21, 9 Grad m\u00fcssen woanders gemessen worden sein.<br \/>\nEs war keine Abk\u00fchlung und sicher \u00fcber 24 Grad.<br \/>\nVermutlich wollte man den Neo-Schwimmern entgegenkommen,<br \/>\ndie dann auch reichlich davon Gebrauch gemacht haben.<br \/>\nDas Rad fahren lief super, so dass die zwei Runden schnell vergingen.<br \/>\nDie vier Runden Lauf fanden dann schon wieder in der Hitze statt,<br \/>\nwas die Sache wieder etwas schwieriger gestaltet hat.<\/p>\n<p>Egal! Einfach locker durchs Ziel kommen und gro\u00dfe Freude haben!<br \/>\nEs hat riesig Spa\u00df gemacht.<\/p>\n<p>Und auch die Erkenntnis, dass ich zwar ganz gut trainiert habe, aber nicht in der Intensit\u00e4t,<br \/>\nWettkampf ist doch etwas Anderes.&#8220;<\/p>\n<p>Text: Andreas Harloff<br \/>\nFotos: Sabine Wischmeyer<\/p>\n<\/div><\/section>\n\n<style type=\"text\/css\" data-created_by=\"avia_inline_auto\" id=\"style-css-av-kqrrwl8k-10e53c7274b676865e08098243213310\">\n#top .avia-gallery.av-kqrrwl8k-10e53c7274b676865e08098243213310 .avia-gallery-thumb a{\nwidth:20%;\n}\n<\/style>\n<div  class='avia-gallery av-kqrrwl8k-10e53c7274b676865e08098243213310 avia_animate_when_visible  avia-builder-el-1  el_after_av_textblock  avia-builder-el-last  avia_lazyload avia-gallery-animate avia-gallery-1'  itemprop=\"image\" itemscope=\"itemscope\" itemtype=\"https:\/\/schema.org\/ImageObject\" ><meta itemprop=\"contentURL\" content=\"https:\/\/www.vfl-westercelle.de\/tri-rsp\/nach-fast-2-jahren-wettkampf-pause-nun-den-uelzener-triathlon-gemeistert\/\"><div class='avia-gallery-thumb'><a href=\"https:\/\/www.vfl-westercelle.de\/tri-rsp\/wp-content\/uploads\/sites\/7\/2021\/07\/Foto-3-579x1030.jpg\" data-srcset=\"https:\/\/www.vfl-westercelle.de\/tri-rsp\/wp-content\/uploads\/sites\/7\/2021\/07\/Foto-3-579x1030.jpg 579w, https:\/\/www.vfl-westercelle.de\/tri-rsp\/wp-content\/uploads\/sites\/7\/2021\/07\/Foto-3-169x300.jpg 169w, https:\/\/www.vfl-westercelle.de\/tri-rsp\/wp-content\/uploads\/sites\/7\/2021\/07\/Foto-3-768x1365.jpg 768w, https:\/\/www.vfl-westercelle.de\/tri-rsp\/wp-content\/uploads\/sites\/7\/2021\/07\/Foto-3-864x1536.jpg 864w, https:\/\/www.vfl-westercelle.de\/tri-rsp\/wp-content\/uploads\/sites\/7\/2021\/07\/Foto-3-1152x2048.jpg 1152w, https:\/\/www.vfl-westercelle.de\/tri-rsp\/wp-content\/uploads\/sites\/7\/2021\/07\/Foto-3-844x1500.jpg 844w, https:\/\/www.vfl-westercelle.de\/tri-rsp\/wp-content\/uploads\/sites\/7\/2021\/07\/Foto-3-397x705.jpg 397w, https:\/\/www.vfl-westercelle.de\/tri-rsp\/wp-content\/uploads\/sites\/7\/2021\/07\/Foto-3-scaled.jpg 1440w\" data-sizes=\"(max-width: 579px) 100vw, 579px\" data-rel='gallery-1' data-prev-img='https:\/\/www.vfl-westercelle.de\/tri-rsp\/wp-content\/uploads\/sites\/7\/2021\/07\/Foto-3-495x400.jpg' class='first_thumb lightbox ' data-onclick='1' title='Foto 3'  itemprop=\"thumbnailUrl\"  ><img decoding=\"async\" fetchpriority=\"high\" class=\"wp-image-745 avia-img-lazy-loading-not-745\"   src=\"https:\/\/www.vfl-westercelle.de\/tri-rsp\/wp-content\/uploads\/sites\/7\/2021\/07\/Foto-3-495x400.jpg\" width=\"495\" height=\"400\"  title='Foto 3' alt='' srcset=\"https:\/\/www.vfl-westercelle.de\/tri-rsp\/wp-content\/uploads\/sites\/7\/2021\/07\/Foto-3-495x400.jpg 495w, https:\/\/www.vfl-westercelle.de\/tri-rsp\/wp-content\/uploads\/sites\/7\/2021\/07\/Foto-3-845x684.jpg 845w\" sizes=\"(max-width: 495px) 100vw, 495px\" \/><div class='big-prev-fake'><img decoding=\"async\" loading=\"lazy\" class=\"wp-image-745 avia-img-lazy-loading-745\"  width=\"495\" height=\"400\" src=\"https:\/\/www.vfl-westercelle.de\/tri-rsp\/wp-content\/uploads\/sites\/7\/2021\/07\/Foto-3-495x400.jpg\" title='Foto 3' alt='' srcset=\"https:\/\/www.vfl-westercelle.de\/tri-rsp\/wp-content\/uploads\/sites\/7\/2021\/07\/Foto-3-495x400.jpg 495w, https:\/\/www.vfl-westercelle.de\/tri-rsp\/wp-content\/uploads\/sites\/7\/2021\/07\/Foto-3-845x684.jpg 845w\" sizes=\"auto, (max-width: 495px) 100vw, 495px\" \/><\/div><\/a><a href=\"https:\/\/www.vfl-westercelle.de\/tri-rsp\/wp-content\/uploads\/sites\/7\/2021\/07\/Foto-2-e1625561945993-1030x402.jpg\" data-srcset=\"https:\/\/www.vfl-westercelle.de\/tri-rsp\/wp-content\/uploads\/sites\/7\/2021\/07\/Foto-2-e1625561945993-1030x402.jpg 1030w, https:\/\/www.vfl-westercelle.de\/tri-rsp\/wp-content\/uploads\/sites\/7\/2021\/07\/Foto-2-e1625561945993-300x117.jpg 300w, https:\/\/www.vfl-westercelle.de\/tri-rsp\/wp-content\/uploads\/sites\/7\/2021\/07\/Foto-2-e1625561945993-768x300.jpg 768w, https:\/\/www.vfl-westercelle.de\/tri-rsp\/wp-content\/uploads\/sites\/7\/2021\/07\/Foto-2-e1625561945993-1536x599.jpg 1536w, https:\/\/www.vfl-westercelle.de\/tri-rsp\/wp-content\/uploads\/sites\/7\/2021\/07\/Foto-2-e1625561945993-1500x585.jpg 1500w, https:\/\/www.vfl-westercelle.de\/tri-rsp\/wp-content\/uploads\/sites\/7\/2021\/07\/Foto-2-e1625561945993-705x275.jpg 705w, https:\/\/www.vfl-westercelle.de\/tri-rsp\/wp-content\/uploads\/sites\/7\/2021\/07\/Foto-2-e1625561945993.jpg 1600w\" data-sizes=\"(max-width: 1030px) 100vw, 1030px\" data-rel='gallery-1' data-prev-img='https:\/\/www.vfl-westercelle.de\/tri-rsp\/wp-content\/uploads\/sites\/7\/2021\/07\/Foto-2-e1625561945993-495x400.jpg' class='lightbox ' data-onclick='2' title='Foto 2'  itemprop=\"thumbnailUrl\"  ><img decoding=\"async\" fetchpriority=\"high\" class=\"wp-image-744 avia-img-lazy-loading-not-744\"   src=\"https:\/\/www.vfl-westercelle.de\/tri-rsp\/wp-content\/uploads\/sites\/7\/2021\/07\/Foto-2-e1625561945993-495x400.jpg\" width=\"495\" height=\"400\"  title='Foto 2' alt='' \/><div class='big-prev-fake'><img decoding=\"async\" loading=\"lazy\" class=\"wp-image-744 avia-img-lazy-loading-744\"  width=\"495\" height=\"400\" src=\"https:\/\/www.vfl-westercelle.de\/tri-rsp\/wp-content\/uploads\/sites\/7\/2021\/07\/Foto-2-e1625561945993-495x400.jpg\" title='Foto 2' alt='' \/><\/div><\/a><a href=\"https:\/\/www.vfl-westercelle.de\/tri-rsp\/wp-content\/uploads\/sites\/7\/2021\/07\/Foto-1.jpg\" data-srcset=\"https:\/\/www.vfl-westercelle.de\/tri-rsp\/wp-content\/uploads\/sites\/7\/2021\/07\/Foto-1.jpg 1024w, https:\/\/www.vfl-westercelle.de\/tri-rsp\/wp-content\/uploads\/sites\/7\/2021\/07\/Foto-1-300x200.jpg 300w, https:\/\/www.vfl-westercelle.de\/tri-rsp\/wp-content\/uploads\/sites\/7\/2021\/07\/Foto-1-768x512.jpg 768w, https:\/\/www.vfl-westercelle.de\/tri-rsp\/wp-content\/uploads\/sites\/7\/2021\/07\/Foto-1-705x470.jpg 705w\" data-sizes=\"(max-width: 1024px) 100vw, 1024px\" data-rel='gallery-1' data-prev-img='https:\/\/www.vfl-westercelle.de\/tri-rsp\/wp-content\/uploads\/sites\/7\/2021\/07\/Foto-1-495x400.jpg' class='lightbox ' data-onclick='3' title='Foto 1'  itemprop=\"thumbnailUrl\"  ><img decoding=\"async\" fetchpriority=\"high\" class=\"wp-image-743 avia-img-lazy-loading-not-743\"   src=\"https:\/\/www.vfl-westercelle.de\/tri-rsp\/wp-content\/uploads\/sites\/7\/2021\/07\/Foto-1-495x400.jpg\" width=\"495\" height=\"400\"  title='Foto 1' alt='' srcset=\"https:\/\/www.vfl-westercelle.de\/tri-rsp\/wp-content\/uploads\/sites\/7\/2021\/07\/Foto-1-495x400.jpg 495w, https:\/\/www.vfl-westercelle.de\/tri-rsp\/wp-content\/uploads\/sites\/7\/2021\/07\/Foto-1-845x683.jpg 845w\" sizes=\"(max-width: 495px) 100vw, 495px\" \/><div class='big-prev-fake'><img decoding=\"async\" loading=\"lazy\" class=\"wp-image-743 avia-img-lazy-loading-743\"  width=\"495\" height=\"400\" src=\"https:\/\/www.vfl-westercelle.de\/tri-rsp\/wp-content\/uploads\/sites\/7\/2021\/07\/Foto-1-495x400.jpg\" title='Foto 1' alt='' srcset=\"https:\/\/www.vfl-westercelle.de\/tri-rsp\/wp-content\/uploads\/sites\/7\/2021\/07\/Foto-1-495x400.jpg 495w, https:\/\/www.vfl-westercelle.de\/tri-rsp\/wp-content\/uploads\/sites\/7\/2021\/07\/Foto-1-845x683.jpg 845w\" sizes=\"auto, (max-width: 495px) 100vw, 495px\" \/><\/div><\/a><\/div><\/div>\n","protected":false},"excerpt":{"rendered":"","protected":false},"author":1,"featured_media":744,"comment_status":"closed","ping_status":"open","sticky":false,"template":"","format":"standard","meta":{"footnotes":""},"categories":[1],"tags":[],"class_list":["post-742","post","type-post","status-publish","format-standard","has-post-thumbnail","hentry","category-allgemein"],"_links":{"self":[{"href":"https:\/\/www.vfl-westercelle.de\/tri-rsp\/wp-json\/wp\/v2\/posts\/742","targetHints":{"allow":["GET"]}}],"collection":[{"href":"https:\/\/www.vfl-westercelle.de\/tri-rsp\/wp-json\/wp\/v2\/posts"}],"about":[{"href":"https:\/\/www.vfl-westercelle.de\/tri-rsp\/wp-json\/wp\/v2\/types\/post"}],"author":[{"embeddable":true,"href":"https:\/\/www.vfl-westercelle.de\/tri-rsp\/wp-json\/wp\/v2\/users\/1"}],"replies":[{"embeddable":true,"href":"https:\/\/www.vfl-westercelle.de\/tri-rsp\/wp-json\/wp\/v2\/comments?post=742"}],"version-history":[{"count":5,"href":"https:\/\/www.vfl-westercelle.de\/tri-rsp\/wp-json\/wp\/v2\/posts\/742\/revisions"}],"predecessor-version":[{"id":750,"href":"https:\/\/www.vfl-westercelle.de\/tri-rsp\/wp-json\/wp\/v2\/posts\/742\/revisions\/750"}],"wp:featuredmedia":[{"embeddable":true,"href":"https:\/\/www.vfl-westercelle.de\/tri-rsp\/wp-json\/wp\/v2\/media\/744"}],"wp:attachment":[{"href":"https:\/\/www.vfl-westercelle.de\/tri-rsp\/wp-json\/wp\/v2\/media?parent=742"}],"wp:term":[{"taxonomy":"category","embeddable":true,"href":"https:\/\/www.vfl-westercelle.de\/tri-rsp\/wp-json\/wp\/v2\/categories?post=742"},{"taxonomy":"post_tag","embeddable":true,"href":"https:\/\/www.vfl-westercelle.de\/tri-rsp\/wp-json\/wp\/v2\/tags?post=742"}],"curies":[{"name":"wp","href":"https:\/\/api.w.org\/{rel}","templated":true}]}}