{"id":757,"date":"2021-07-13T11:48:03","date_gmt":"2021-07-13T09:48:03","guid":{"rendered":"https:\/\/www.vfl-westercelle.de\/tri-rsp\/?p=757"},"modified":"2021-07-13T11:48:07","modified_gmt":"2021-07-13T09:48:07","slug":"stippvisite-aus-ulm","status":"publish","type":"post","link":"https:\/\/www.vfl-westercelle.de\/tri-rsp\/stippvisite-aus-ulm\/","title":{"rendered":"Stippvisite aus Ulm"},"content":{"rendered":"<section  class='av_textblock_section av-kr1vdvte-1e02d1884d3913f5e0c7155e1aee648d '   itemscope=\"itemscope\" itemtype=\"https:\/\/schema.org\/BlogPosting\" itemprop=\"blogPost\" ><div class='avia_textblock'  itemprop=\"text\" ><p>K\u00fcrzlich hatten wir unseren VfL-Radrennsportchef Fabian Kruschewski f\u00fcr eine kurze Stippvisite zu Gast.<\/p>\n<p>Er lie\u00df es sich nicht nehmen um uns auf eine etwas \u00fcber 100 Kilometer lange Ausfahrt durch den Landkreis Celle und Heidekreis zu f\u00fchren.<\/p>\n<p>Puh, ganz sch\u00f6n schnell, aber immer wohl dosiert, hat Spa\u00df gemacht.<\/p>\n<p>Danke Fabian und bis bald mal wieder!<\/p>\n<p>Text: Thorsten L\u00fcbke<\/p>\n<p>Foto: Bernd Otte<\/p>\n<\/div><\/section>\n","protected":false},"excerpt":{"rendered":"","protected":false},"author":1,"featured_media":758,"comment_status":"closed","ping_status":"open","sticky":false,"template":"","format":"standard","meta":{"footnotes":""},"categories":[1],"tags":[],"class_list":["post-757","post","type-post","status-publish","format-standard","has-post-thumbnail","hentry","category-allgemein"],"_links":{"self":[{"href":"https:\/\/www.vfl-westercelle.de\/tri-rsp\/wp-json\/wp\/v2\/posts\/757","targetHints":{"allow":["GET"]}}],"collection":[{"href":"https:\/\/www.vfl-westercelle.de\/tri-rsp\/wp-json\/wp\/v2\/posts"}],"about":[{"href":"https:\/\/www.vfl-westercelle.de\/tri-rsp\/wp-json\/wp\/v2\/types\/post"}],"author":[{"embeddable":true,"href":"https:\/\/www.vfl-westercelle.de\/tri-rsp\/wp-json\/wp\/v2\/users\/1"}],"replies":[{"embeddable":true,"href":"https:\/\/www.vfl-westercelle.de\/tri-rsp\/wp-json\/wp\/v2\/comments?post=757"}],"version-history":[{"count":1,"href":"https:\/\/www.vfl-westercelle.de\/tri-rsp\/wp-json\/wp\/v2\/posts\/757\/revisions"}],"predecessor-version":[{"id":759,"href":"https:\/\/www.vfl-westercelle.de\/tri-rsp\/wp-json\/wp\/v2\/posts\/757\/revisions\/759"}],"wp:featuredmedia":[{"embeddable":true,"href":"https:\/\/www.vfl-westercelle.de\/tri-rsp\/wp-json\/wp\/v2\/media\/758"}],"wp:attachment":[{"href":"https:\/\/www.vfl-westercelle.de\/tri-rsp\/wp-json\/wp\/v2\/media?parent=757"}],"wp:term":[{"taxonomy":"category","embeddable":true,"href":"https:\/\/www.vfl-westercelle.de\/tri-rsp\/wp-json\/wp\/v2\/categories?post=757"},{"taxonomy":"post_tag","embeddable":true,"href":"https:\/\/www.vfl-westercelle.de\/tri-rsp\/wp-json\/wp\/v2\/tags?post=757"}],"curies":[{"name":"wp","href":"https:\/\/api.w.org\/{rel}","templated":true}]}}