{"id":762,"date":"2021-07-13T11:53:59","date_gmt":"2021-07-13T09:53:59","guid":{"rendered":"https:\/\/www.vfl-westercelle.de\/tri-rsp\/?p=762"},"modified":"2021-07-13T11:54:03","modified_gmt":"2021-07-13T09:54:03","slug":"762","status":"publish","type":"post","link":"https:\/\/www.vfl-westercelle.de\/tri-rsp\/762\/","title":{"rendered":"Gelungenes Koppeltraining einiger VfL-Triathleten"},"content":{"rendered":"<section  class='av_textblock_section av-kr1vmrlk-471e5184c3f43061ef218f18912f38c5 '   itemscope=\"itemscope\" itemtype=\"https:\/\/schema.org\/BlogPosting\" itemprop=\"blogPost\" ><div class='avia_textblock'  itemprop=\"text\" ><p>Nach langer Pause konnten einige VfL-Triathleten endlich mal wieder in der Gruppe etwas zusammen trainieren und trafen sich zum Koppeltraining bei Jens in Eicklingen. Urspr\u00fcnglich hatte man sich f\u00fcr den sch\u00f6nsten Triathlon Deutschlands in Arendsee (Sachsen Anhalt) angemeldet, der aber leider aufgrund der Pandemie vom Veranstalter abgesagt werden musste. So beschloss man kurzfristig ersatzweise seinen eigenen Triathlon als Koppeltraining in Eicklingen und Umland durchzuf\u00fchren, da sich die pandemische Lage entspannte und wieder Gruppentraining unter eingehaltenen Hygieneregeln stattfinden durften. Geschwommen wurde im Baggersee, dann ging es in der Gruppe zum Wechselpark in Jens\u2018 Garten und gemeinsam auf einen sch\u00f6nen \u00a0Radrundkurs und abschlie\u00dfend auf eine ebenfalls sch\u00f6ne Laufrunde.<\/p>\n<p>Als Belohnung gab es eine angenehme Dusche in Jens\u2018 Garten und Erfrischungen sowie Kaffee und selbstgemachten Kuchen beim gem\u00fctlichen Zusammensein unter freiem Himmel. Eine prima Aktion, die man unbedingt wiederholen sollte, da es allen Spa\u00df bereitet hatte. Vielen Dank an Jens und Diemo f\u00fcr die prima Organisation!<\/p>\n<p>Text: Thorsten L\u00fcbke<\/p>\n<p>Foto: Jens Kramer<\/p>\n<\/div><\/section>\n","protected":false},"excerpt":{"rendered":"","protected":false},"author":1,"featured_media":763,"comment_status":"closed","ping_status":"open","sticky":false,"template":"","format":"standard","meta":{"footnotes":""},"categories":[1],"tags":[],"class_list":["post-762","post","type-post","status-publish","format-standard","has-post-thumbnail","hentry","category-allgemein"],"_links":{"self":[{"href":"https:\/\/www.vfl-westercelle.de\/tri-rsp\/wp-json\/wp\/v2\/posts\/762","targetHints":{"allow":["GET"]}}],"collection":[{"href":"https:\/\/www.vfl-westercelle.de\/tri-rsp\/wp-json\/wp\/v2\/posts"}],"about":[{"href":"https:\/\/www.vfl-westercelle.de\/tri-rsp\/wp-json\/wp\/v2\/types\/post"}],"author":[{"embeddable":true,"href":"https:\/\/www.vfl-westercelle.de\/tri-rsp\/wp-json\/wp\/v2\/users\/1"}],"replies":[{"embeddable":true,"href":"https:\/\/www.vfl-westercelle.de\/tri-rsp\/wp-json\/wp\/v2\/comments?post=762"}],"version-history":[{"count":2,"href":"https:\/\/www.vfl-westercelle.de\/tri-rsp\/wp-json\/wp\/v2\/posts\/762\/revisions"}],"predecessor-version":[{"id":765,"href":"https:\/\/www.vfl-westercelle.de\/tri-rsp\/wp-json\/wp\/v2\/posts\/762\/revisions\/765"}],"wp:featuredmedia":[{"embeddable":true,"href":"https:\/\/www.vfl-westercelle.de\/tri-rsp\/wp-json\/wp\/v2\/media\/763"}],"wp:attachment":[{"href":"https:\/\/www.vfl-westercelle.de\/tri-rsp\/wp-json\/wp\/v2\/media?parent=762"}],"wp:term":[{"taxonomy":"category","embeddable":true,"href":"https:\/\/www.vfl-westercelle.de\/tri-rsp\/wp-json\/wp\/v2\/categories?post=762"},{"taxonomy":"post_tag","embeddable":true,"href":"https:\/\/www.vfl-westercelle.de\/tri-rsp\/wp-json\/wp\/v2\/tags?post=762"}],"curies":[{"name":"wp","href":"https:\/\/api.w.org\/{rel}","templated":true}]}}