{"id":774,"date":"2021-09-01T09:21:34","date_gmt":"2021-09-01T07:21:34","guid":{"rendered":"https:\/\/www.vfl-westercelle.de\/tri-rsp\/?p=774"},"modified":"2021-09-01T09:21:36","modified_gmt":"2021-09-01T07:21:36","slug":"sommer-und-harloff-beim-hardausee-triathlon-auf-dem-podium","status":"publish","type":"post","link":"https:\/\/www.vfl-westercelle.de\/tri-rsp\/sommer-und-harloff-beim-hardausee-triathlon-auf-dem-podium\/","title":{"rendered":"Sommer und Harloff beim Hardausee-Triathlon auf dem Podium"},"content":{"rendered":"<div  class='flex_column av-av_one_full-d846867a37b468541bc8830743d44203 av_one_full  avia-builder-el-0  avia-builder-el-no-sibling  first flex_column_div  '     ><p><section  class='av_textblock_section av-kt163f91-815f68f33ce5f8823477eb1af40a1db9 '   itemscope=\"itemscope\" itemtype=\"https:\/\/schema.org\/BlogPosting\" itemprop=\"blogPost\" ><div class='avia_textblock'  itemprop=\"text\" ><p>SUDERBURG\/CELLE. Sehr gute Leistungen zeigten die Westerceller Triathleten Gerald Sommer mit Platz 2 in der Altersklasse (AK 60),\u00a0 Andreas Harloff mit Platz 3 in der AK 50 und Marion Suchy\u00a0 mit Platz 4 in der AK 50 der Damen beim Sprinttriathlon in Suderburg.<\/p>\n<p>Bei 20 Grad Wassertemperatur galt es, nach einem Wasserstart 550 Meter im landschaftlich sch\u00f6nen Hardausee zu schwimmen. Andreas Harloff stieg mit starker Schwimmleistung im Vorderfeld aus dem Wasser. Gerald Sommer erreichte nach 13:20 sec. die rutschige Treppe im Schwimmausstieg, gefolgt von Marion Suchy, die als Dritte ihrer Altersklasse in die Wechselzone lief. Nach schnellen Wechseln spielten die Westerceller Triathleten ihre Radst\u00e4rke auf dem h\u00fcgeligen 10 km Rundkurs, der zweimal zu fahren war, aus. Gerald Sommer fuhr sich mit einem 35 er -Radschnitt von Platz 5 auf den Silberrang der AK 60 vor.<\/p>\n<p>Abschlie\u00dfend ging es aus der Wechselzone auf den 4,1 km langen Lauf um den See. Andreas Harloff lief sich mit einer starken Leistung auf Platz 3 seiner Altersklasse vor. Gerald Sommer konnte seinen zweiten Platz nach dem Biken halten. &#8222;Die letzten 200 Meter musste ich mit Maximalpuls rennen, da mir zwei bessere L\u00e4ufer meiner Altersklasse dicht auf den Fersen waren&#8220;, so ein sehr zufriedener Gerald Sommer, der im Endspurt mit 19 sec. Vorsprung Platz zwei sicherte.<\/p>\n<p>Bei Marion Suchy brach leider beim Laufen eine alte Verletzung wieder auf. \u201cAufgeben war f\u00fcr mich keine Option. Da habe ich das Tempo rausgenommen. Es hat trotz der Verletzung richtig Spa\u00df gemacht, nach langer Pause wieder einen Triathlon zu finishen&#8220;, so eine gl\u00fcckliche Marion Suchy abschlie\u00dfend.<\/p>\n<p>Text: Gerald Sommer<\/p>\n<p>Foto: Gerald Sommer, Marion Suchy , Andreas Harloff (von links)<\/p>\n<\/div><\/section><br \/>\n\n<style type=\"text\/css\" data-created_by=\"avia_inline_auto\" id=\"style-css-av-kt164i3r-7514315d64359bbef5cabbe015439213\">\n.avia-image-container.av-kt164i3r-7514315d64359bbef5cabbe015439213 img.avia_image{\nbox-shadow:none;\n}\n.avia-image-container.av-kt164i3r-7514315d64359bbef5cabbe015439213 .av-image-caption-overlay-center{\ncolor:#ffffff;\n}\n<\/style>\n<div  class='avia-image-container av-kt164i3r-7514315d64359bbef5cabbe015439213 av-styling- avia-align-center  avia-builder-el-2  el_after_av_textblock  avia-builder-el-last '   itemprop=\"image\" itemscope=\"itemscope\" itemtype=\"https:\/\/schema.org\/ImageObject\" ><div class=\"avia-image-container-inner\"><div class=\"avia-image-overlay-wrap\"><img decoding=\"async\" fetchpriority=\"high\" class='wp-image-775 avia-img-lazy-loading-not-775 avia_image ' src=\"https:\/\/www.vfl-westercelle.de\/tri-rsp\/wp-content\/uploads\/sites\/7\/2021\/09\/PM-Hardauseetriathlon-August-2021-e1630480789522-300x228.jpg\" alt='' title='PM Hardauseetriathlon August 2021'  height=\"228\" width=\"300\"  itemprop=\"thumbnailUrl\" srcset=\"https:\/\/www.vfl-westercelle.de\/tri-rsp\/wp-content\/uploads\/sites\/7\/2021\/09\/PM-Hardauseetriathlon-August-2021-e1630480789522-300x228.jpg 300w, https:\/\/www.vfl-westercelle.de\/tri-rsp\/wp-content\/uploads\/sites\/7\/2021\/09\/PM-Hardauseetriathlon-August-2021-e1630480789522-1030x783.jpg 1030w, https:\/\/www.vfl-westercelle.de\/tri-rsp\/wp-content\/uploads\/sites\/7\/2021\/09\/PM-Hardauseetriathlon-August-2021-e1630480789522-768x584.jpg 768w, https:\/\/www.vfl-westercelle.de\/tri-rsp\/wp-content\/uploads\/sites\/7\/2021\/09\/PM-Hardauseetriathlon-August-2021-e1630480789522-1500x1140.jpg 1500w, https:\/\/www.vfl-westercelle.de\/tri-rsp\/wp-content\/uploads\/sites\/7\/2021\/09\/PM-Hardauseetriathlon-August-2021-e1630480789522-705x536.jpg 705w, https:\/\/www.vfl-westercelle.de\/tri-rsp\/wp-content\/uploads\/sites\/7\/2021\/09\/PM-Hardauseetriathlon-August-2021-e1630480789522.jpg 1536w\" sizes=\"(max-width: 300px) 100vw, 300px\" \/><\/div><\/div><\/div><\/p><\/div>\n","protected":false},"excerpt":{"rendered":"","protected":false},"author":1,"featured_media":775,"comment_status":"closed","ping_status":"open","sticky":false,"template":"","format":"standard","meta":{"footnotes":""},"categories":[1],"tags":[],"class_list":["post-774","post","type-post","status-publish","format-standard","has-post-thumbnail","hentry","category-allgemein"],"_links":{"self":[{"href":"https:\/\/www.vfl-westercelle.de\/tri-rsp\/wp-json\/wp\/v2\/posts\/774","targetHints":{"allow":["GET"]}}],"collection":[{"href":"https:\/\/www.vfl-westercelle.de\/tri-rsp\/wp-json\/wp\/v2\/posts"}],"about":[{"href":"https:\/\/www.vfl-westercelle.de\/tri-rsp\/wp-json\/wp\/v2\/types\/post"}],"author":[{"embeddable":true,"href":"https:\/\/www.vfl-westercelle.de\/tri-rsp\/wp-json\/wp\/v2\/users\/1"}],"replies":[{"embeddable":true,"href":"https:\/\/www.vfl-westercelle.de\/tri-rsp\/wp-json\/wp\/v2\/comments?post=774"}],"version-history":[{"count":1,"href":"https:\/\/www.vfl-westercelle.de\/tri-rsp\/wp-json\/wp\/v2\/posts\/774\/revisions"}],"predecessor-version":[{"id":776,"href":"https:\/\/www.vfl-westercelle.de\/tri-rsp\/wp-json\/wp\/v2\/posts\/774\/revisions\/776"}],"wp:featuredmedia":[{"embeddable":true,"href":"https:\/\/www.vfl-westercelle.de\/tri-rsp\/wp-json\/wp\/v2\/media\/775"}],"wp:attachment":[{"href":"https:\/\/www.vfl-westercelle.de\/tri-rsp\/wp-json\/wp\/v2\/media?parent=774"}],"wp:term":[{"taxonomy":"category","embeddable":true,"href":"https:\/\/www.vfl-westercelle.de\/tri-rsp\/wp-json\/wp\/v2\/categories?post=774"},{"taxonomy":"post_tag","embeddable":true,"href":"https:\/\/www.vfl-westercelle.de\/tri-rsp\/wp-json\/wp\/v2\/tags?post=774"}],"curies":[{"name":"wp","href":"https:\/\/api.w.org\/{rel}","templated":true}]}}