{"id":887,"date":"2022-10-13T17:54:49","date_gmt":"2022-10-13T15:54:49","guid":{"rendered":"https:\/\/www.vfl-westercelle.de\/tri-rsp\/2022\/10\/13\/gute-bilanz-fuer-westerceller-laeufer-bei-crosslauf-bezirksmeisterschaft\/"},"modified":"2022-10-13T17:58:14","modified_gmt":"2022-10-13T15:58:14","slug":"gute-bilanz-fuer-westerceller-laeufer-bei-crosslauf-bezirksmeisterschaft","status":"publish","type":"post","link":"https:\/\/www.vfl-westercelle.de\/tri-rsp\/gute-bilanz-fuer-westerceller-laeufer-bei-crosslauf-bezirksmeisterschaft\/","title":{"rendered":"Gute Bilanz f\u00fcr Westerceller L\u00e4ufer bei Crosslauf-Bezirksmeisterschaft"},"content":{"rendered":"<p>Eine gute Bilanz lieferten am vergangenen Wochenende die Sportler\/innen des VfL Westercelle bei den Bezirksmeisterschaften im Crosslauf in Welle ab.<\/p>\n<p>Bis auf zwei kleine Regenschauer war das Wetter uns hold und wir konnten uns auf einem sch\u00f6nen Wald- und Wiesenlaufkurs ordentlich abarbeiten. H\u00fcgelige Passagen mit Heidesand und Asphalt wechselten sich ab und machten den Parcours anspruchsvoll.<\/p>\n<p>Dabei sicherte sich Jessica Harloff in der Jugend W15 \u00fcber 2,55 km den Bezirksmeistertitel.<\/p>\n<p>Thorsten L\u00fcbke erlief sich in der Altersklasse 55 sowohl auf der Langstrecke \u00fcber 10 km als auch auf der Kurzstrecke \u00fcber 3,3 km den Bezirksmeistertitel.<\/p>\n<p>Andreas Harloff erreichte in der AK 50 \u00fcber die 3,3 km einen guten dritten Platz und auch auf der 10 km Strecke sprang ein 5.Platz heraus.<\/p>\n<p>Eine beachtliche Bilanz: 5 Starts und 3 Siege und ein dritter Rang.<\/p>\n<p>Anschlie\u00dfend ging es mit den Familienmitgliedern noch zur verdienten Belohnung nach Rade zum Hofladen Bartels bei Kaffee &amp; Kuchen und anschlie\u00dfendem 10 Bahnen Bauern-Golf-Spiel ins Gel\u00e4nde, was den erfolgreichen Tag bei viel Spa\u00df abrundete.<\/p>\n<p>&nbsp;<\/p>\n","protected":false},"excerpt":{"rendered":"<p>Eine gute Bilanz lieferten am vergangenen Wochenende die Sportler\/innen des VfL Westercelle bei den Bezirksmeisterschaften im Crosslauf in Welle ab. Bis auf zwei kleine Regenschauer war das Wetter uns hold und wir konnten uns auf einem sch\u00f6nen Wald- und Wiesenlaufkurs ordentlich abarbeiten. H\u00fcgelige Passagen mit Heidesand und Asphalt wechselten sich ab und machten den Parcours <a class=\"read-more-link\" href=\"https:\/\/www.vfl-westercelle.de\/tri-rsp\/gute-bilanz-fuer-westerceller-laeufer-bei-crosslauf-bezirksmeisterschaft\/\">[&#8230; weiterlesen]<\/a><\/p>\n","protected":false},"author":1,"featured_media":889,"comment_status":"closed","ping_status":"closed","sticky":false,"template":"","format":"standard","meta":{"footnotes":""},"categories":[1],"tags":[],"class_list":["post-887","post","type-post","status-publish","format-standard","has-post-thumbnail","hentry","category-allgemein"],"_links":{"self":[{"href":"https:\/\/www.vfl-westercelle.de\/tri-rsp\/wp-json\/wp\/v2\/posts\/887","targetHints":{"allow":["GET"]}}],"collection":[{"href":"https:\/\/www.vfl-westercelle.de\/tri-rsp\/wp-json\/wp\/v2\/posts"}],"about":[{"href":"https:\/\/www.vfl-westercelle.de\/tri-rsp\/wp-json\/wp\/v2\/types\/post"}],"author":[{"embeddable":true,"href":"https:\/\/www.vfl-westercelle.de\/tri-rsp\/wp-json\/wp\/v2\/users\/1"}],"replies":[{"embeddable":true,"href":"https:\/\/www.vfl-westercelle.de\/tri-rsp\/wp-json\/wp\/v2\/comments?post=887"}],"version-history":[{"count":6,"href":"https:\/\/www.vfl-westercelle.de\/tri-rsp\/wp-json\/wp\/v2\/posts\/887\/revisions"}],"predecessor-version":[{"id":895,"href":"https:\/\/www.vfl-westercelle.de\/tri-rsp\/wp-json\/wp\/v2\/posts\/887\/revisions\/895"}],"wp:featuredmedia":[{"embeddable":true,"href":"https:\/\/www.vfl-westercelle.de\/tri-rsp\/wp-json\/wp\/v2\/media\/889"}],"wp:attachment":[{"href":"https:\/\/www.vfl-westercelle.de\/tri-rsp\/wp-json\/wp\/v2\/media?parent=887"}],"wp:term":[{"taxonomy":"category","embeddable":true,"href":"https:\/\/www.vfl-westercelle.de\/tri-rsp\/wp-json\/wp\/v2\/categories?post=887"},{"taxonomy":"post_tag","embeddable":true,"href":"https:\/\/www.vfl-westercelle.de\/tri-rsp\/wp-json\/wp\/v2\/tags?post=887"}],"curies":[{"name":"wp","href":"https:\/\/api.w.org\/{rel}","templated":true}]}}