{"id":896,"date":"2022-10-12T09:36:50","date_gmt":"2022-10-12T07:36:50","guid":{"rendered":"https:\/\/www.vfl-westercelle.de\/tri-rsp\/2022\/10\/12\/vfller-mit-grossen-team-beim-wasa-lauf-am-start\/"},"modified":"2022-10-13T17:59:08","modified_gmt":"2022-10-13T15:59:08","slug":"vfller-mit-grossen-team-beim-wasa-lauf-am-start","status":"publish","type":"post","link":"https:\/\/www.vfl-westercelle.de\/tri-rsp\/vfller-mit-grossen-team-beim-wasa-lauf-am-start\/","title":{"rendered":"VfL&#8217;ler mit gro\u00dfen Team beim Wasa Lauf am Start"},"content":{"rendered":"<p>Bei guten Wetterbedingungen konnten wir uns beim Wasa Lauf vor heimischer Kulisse in selbstangeschafften neuen Laufshirts pr\u00e4sentieren. Ordentlich motiviert, sprangen einige gute Platzierungen auf verschiedenen Distanzen heraus. Die Senioren Achim Sennhenn-Oetken, Volker Dittmar und Gerald Sommer gewannen die Teamwertung M60 \u00fcber 10 km.<\/p>\n<p>Sonja B\u00f6ge gelang \u00fcber 10 km in 48:51 min. sogar eine neue pers\u00f6nliche Bestleistung. Unser Triathlon-Urgestein Henning von Spe\u00dfhardt finishte mit 82 Jahren \u00fcber die 5 km. Marion Suchy konnte gar nicht genug bekommen und startete gleich \u00fcber 5 und 10 km. Sandra Klaproth lief \u00fcber 5 km in 24::18 min. in die Top 10 der Frauen-Gesamtwertung! Auch Astrid Ullerich und Jens Kramer pr\u00e4sentierten sich \u00fcber 10 km mit ansteigender Form.\u00a0\u00a0 Anschlie\u00dfend trafen wir uns noch im Thaers zum gemeinsamen Essen und gem\u00fctlichen Beisammensein und lie\u00dfen den Tag ruhig ausklingen.<\/p>\n\n\t\t<style type=\"text\/css\">\n\t\t\t#gallery-1 {\n\t\t\t\tmargin: auto;\n\t\t\t}\n\t\t\t#gallery-1 .gallery-item {\n\t\t\t\tfloat: left;\n\t\t\t\tmargin-top: 10px;\n\t\t\t\ttext-align: center;\n\t\t\t\twidth: 33%;\n\t\t\t}\n\t\t\t#gallery-1 img {\n\t\t\t\tborder: 2px solid #cfcfcf;\n\t\t\t}\n\t\t\t#gallery-1 .gallery-caption {\n\t\t\t\tmargin-left: 0;\n\t\t\t}\n\t\t\t\/* see gallery_shortcode() in wp-includes\/media.php *\/\n\t\t<\/style>\n\t\t<div id='gallery-1' class='gallery galleryid-896 gallery-columns-3 gallery-size-gallery'><dl class='gallery-item'>\n\t\t\t<dt class='gallery-icon landscape'>\n\t\t\t\t<a href='https:\/\/www.vfl-westercelle.de\/tri-rsp\/vfller-mit-grossen-team-beim-wasa-lauf-am-start\/wasalauf-ziel-volkerundachim\/'><img loading=\"lazy\" decoding=\"async\" width=\"845\" height=\"684\" src=\"https:\/\/www.vfl-westercelle.de\/tri-rsp\/wp-content\/uploads\/sites\/7\/2022\/10\/WasaLauf.Ziel_.VolkerundAchim-845x684.jpg\" class=\"attachment-gallery size-gallery\" alt=\"\" srcset=\"https:\/\/www.vfl-westercelle.de\/tri-rsp\/wp-content\/uploads\/sites\/7\/2022\/10\/WasaLauf.Ziel_.VolkerundAchim-845x684.jpg 845w, https:\/\/www.vfl-westercelle.de\/tri-rsp\/wp-content\/uploads\/sites\/7\/2022\/10\/WasaLauf.Ziel_.VolkerundAchim-495x400.jpg 495w\" sizes=\"auto, (max-width: 845px) 100vw, 845px\" \/><\/a>\n\t\t\t<\/dt><\/dl><dl class='gallery-item'>\n\t\t\t<dt class='gallery-icon portrait'>\n\t\t\t\t<a href='https:\/\/www.vfl-westercelle.de\/tri-rsp\/vfller-mit-grossen-team-beim-wasa-lauf-am-start\/wasalauf2022-zieleinlauf-achim\/'><img loading=\"lazy\" decoding=\"async\" width=\"845\" height=\"684\" src=\"https:\/\/www.vfl-westercelle.de\/tri-rsp\/wp-content\/uploads\/sites\/7\/2022\/10\/WasaLauf2022.Zieleinlauf.Achim_-845x684.jpg\" class=\"attachment-gallery size-gallery\" alt=\"\" srcset=\"https:\/\/www.vfl-westercelle.de\/tri-rsp\/wp-content\/uploads\/sites\/7\/2022\/10\/WasaLauf2022.Zieleinlauf.Achim_-845x684.jpg 845w, https:\/\/www.vfl-westercelle.de\/tri-rsp\/wp-content\/uploads\/sites\/7\/2022\/10\/WasaLauf2022.Zieleinlauf.Achim_-495x400.jpg 495w\" sizes=\"auto, (max-width: 845px) 100vw, 845px\" \/><\/a>\n\t\t\t<\/dt><\/dl><dl class='gallery-item'>\n\t\t\t<dt class='gallery-icon landscape'>\n\t\t\t\t<a href='https:\/\/www.vfl-westercelle.de\/tri-rsp\/vfller-mit-grossen-team-beim-wasa-lauf-am-start\/wasalauf2022-zieleinlauf-volker\/'><img loading=\"lazy\" decoding=\"async\" width=\"845\" height=\"684\" src=\"https:\/\/www.vfl-westercelle.de\/tri-rsp\/wp-content\/uploads\/sites\/7\/2022\/10\/WasaLauf2022.Zieleinlauf.Volker-845x684.jpg\" class=\"attachment-gallery size-gallery\" alt=\"\" srcset=\"https:\/\/www.vfl-westercelle.de\/tri-rsp\/wp-content\/uploads\/sites\/7\/2022\/10\/WasaLauf2022.Zieleinlauf.Volker-845x684.jpg 845w, https:\/\/www.vfl-westercelle.de\/tri-rsp\/wp-content\/uploads\/sites\/7\/2022\/10\/WasaLauf2022.Zieleinlauf.Volker-495x400.jpg 495w\" sizes=\"auto, (max-width: 845px) 100vw, 845px\" \/><\/a>\n\t\t\t<\/dt><\/dl><br style=\"clear: both\" \/>\n\t\t<\/div>\n\n","protected":false},"excerpt":{"rendered":"<p>Bei guten Wetterbedingungen konnten wir uns beim Wasa Lauf vor heimischer Kulisse in selbstangeschafften neuen Laufshirts pr\u00e4sentieren. Ordentlich motiviert, sprangen einige gute Platzierungen auf verschiedenen Distanzen heraus. Die Senioren Achim Sennhenn-Oetken, Volker Dittmar und Gerald Sommer gewannen die Teamwertung M60 \u00fcber 10 km. Sonja B\u00f6ge gelang \u00fcber 10 km in 48:51 min. sogar eine neue <a class=\"read-more-link\" href=\"https:\/\/www.vfl-westercelle.de\/tri-rsp\/vfller-mit-grossen-team-beim-wasa-lauf-am-start\/\">[&#8230; weiterlesen]<\/a><\/p>\n","protected":false},"author":1,"featured_media":897,"comment_status":"closed","ping_status":"closed","sticky":false,"template":"","format":"standard","meta":{"footnotes":""},"categories":[4],"tags":[],"class_list":["post-896","post","type-post","status-publish","format-standard","has-post-thumbnail","hentry","category-triathlon-radfahren"],"_links":{"self":[{"href":"https:\/\/www.vfl-westercelle.de\/tri-rsp\/wp-json\/wp\/v2\/posts\/896","targetHints":{"allow":["GET"]}}],"collection":[{"href":"https:\/\/www.vfl-westercelle.de\/tri-rsp\/wp-json\/wp\/v2\/posts"}],"about":[{"href":"https:\/\/www.vfl-westercelle.de\/tri-rsp\/wp-json\/wp\/v2\/types\/post"}],"author":[{"embeddable":true,"href":"https:\/\/www.vfl-westercelle.de\/tri-rsp\/wp-json\/wp\/v2\/users\/1"}],"replies":[{"embeddable":true,"href":"https:\/\/www.vfl-westercelle.de\/tri-rsp\/wp-json\/wp\/v2\/comments?post=896"}],"version-history":[{"count":3,"href":"https:\/\/www.vfl-westercelle.de\/tri-rsp\/wp-json\/wp\/v2\/posts\/896\/revisions"}],"predecessor-version":[{"id":903,"href":"https:\/\/www.vfl-westercelle.de\/tri-rsp\/wp-json\/wp\/v2\/posts\/896\/revisions\/903"}],"wp:featuredmedia":[{"embeddable":true,"href":"https:\/\/www.vfl-westercelle.de\/tri-rsp\/wp-json\/wp\/v2\/media\/897"}],"wp:attachment":[{"href":"https:\/\/www.vfl-westercelle.de\/tri-rsp\/wp-json\/wp\/v2\/media?parent=896"}],"wp:term":[{"taxonomy":"category","embeddable":true,"href":"https:\/\/www.vfl-westercelle.de\/tri-rsp\/wp-json\/wp\/v2\/categories?post=896"},{"taxonomy":"post_tag","embeddable":true,"href":"https:\/\/www.vfl-westercelle.de\/tri-rsp\/wp-json\/wp\/v2\/tags?post=896"}],"curies":[{"name":"wp","href":"https:\/\/api.w.org\/{rel}","templated":true}]}}