{"id":165,"date":"2019-03-25T15:20:12","date_gmt":"2019-03-25T14:20:12","guid":{"rendered":"http:\/\/www.vfl-westercelle.de\/t-t\/2019\/03\/25\/sieg-und-unentschieden-lassen-die-hoffnungen-am-leben\/"},"modified":"2019-03-25T17:25:25","modified_gmt":"2019-03-25T16:25:25","slug":"sieg-und-unentschieden-lassen-die-hoffnungen-am-leben","status":"publish","type":"post","link":"https:\/\/www.vfl-westercelle.de\/tt\/sieg-und-unentschieden-lassen-die-hoffnungen-am-leben\/","title":{"rendered":"Sieg und Unentschieden lassen die Hoffnungen am Leben!"},"content":{"rendered":"<p>Die 1. Herren des VfL Westercelle erspielte sich gegen die TSG aus Dissen einen Sieg und erk\u00e4mpfte sich ein Unentschieden gegen den Ligaprimus aus Oldenburg.<br \/>\nAm Samstag gegen Dissen gab es den klassischen Fehlstart in den Doppeln. Tim und Andres machten ihre Sache souver\u00e4n gegen Lippold und Ersatzmann Hagemann. Am Nebentisch fanden Lukas und Ben gegen das gegnerische Spitzendoppel Heitz und Gessat nicht ins Spiel und verloren so unterm Strich verdient mit 0:3.<br \/>\nDanach taten sich Jannik und Julius gegen Wehrkamp-Lemke und Sieker, mit ihrer langen Erfahrung, sehr schwer und verloren mit 0:3.<br \/>\nSo startete man mit 1:2 in die erste Einzelrunde. Lukas spielte ein solides Spiel und gewann deutlich mit 3:0 gegen Lippold. Andres hatte derweil sehr zu k\u00e4mpfen, behauptete sich aber nach 5 S\u00e4tzen gegen Heitz! Jannik kam gegen Wehrkamp-Lemke nicht so wirklich in sein Spiel und hatte mit dem unangenehmen Spielstil seines Gegner zu k\u00e4mpfen. 1:3 war die logische Folge. Julius, der f\u00fcr Christoph in die Mitte rutschte spielte ein extrem starkes Match gegen Gessat und konnte dieses verdient mit 3:1 f\u00fcr sich entscheiden. Unten hatte Tim keine Probleme mit Ersatzmann Hagemann und bezwang ihn 3:0. Ben musste sich gegen den erfahrenen Sieker strecken und hatte Probleme mit seinem ungew\u00f6hnlichen Spielstil. Obwohl er mit 3:1 verlor, zeigte er eine klasse Leistung!<br \/>\nIn der zweiten Einzelrunde gewannen Lukas gegen Heitz, Andres gegen Lippold und Jannik gegen Gessat souver\u00e4n mit jeweils 3:0. So konnte Julius durch einen 3:2 Sieg \u00fcber Wehrkamp-Lemke den Schlusspunkt setzen zum finalem 9:4!<\/p>\n<p>Am Sonntag ging es gegen den ungeschlagen Tabellenf\u00fchrer aus Oldenburg. Ohne die Starspieler und mit 3 Ersatzmann, gab es also eine berechtigte Chance den Oldenburgern die erste Saisonniederlage zu bescheren.<br \/>\nDas Risiko, die Doppel umzustellen wurde anfangs nicht belohnt. So verloren Lukas und Andres als Spitzendoppel gegen Wirkner und Ersatzmann Hergen Berger unerwartet mit 3:2. Tim und Christoph fanden gegen das Spitzendoppel der G\u00e4ste keine Mittel und mussten so Popal und Sch\u00fcler zum Sieg gratulieren.<br \/>\nJannik und Julius machten ihre Sache souver\u00e4ner und gewannen nach leichten Startschwierigkeiten letztlich verdient mit 3:1 gegen Jan Berger und Ishizaki.<br \/>\nIn der ersten Einzelrunde verloren Lukas und Andres relativ deutlich gegen Wirkner bzw. Popal. Christoph konnte sich daraufhin in 5 S\u00e4tzen gegen Hergen Berger durchsetzen. Jannik hatte Probleme gegen den Defensivspieler Sch\u00fcler und verlor deutlich mit 0:3. Unten hatte Julius keine Probleme mit Ishizaki und bezwang ihn mit 3:0. Am Nebentisch musste Tim sich nach 0:2 ordentlich strecken, gewann aber die n\u00e4chsten 3 Durchg\u00e4nge deutlich. Zwischenstand 4:5.<br \/>\nNun gelang Lukas eine Glanzleistung! Er schaffte es in einem hochklassigen Spiel den bis dato ungeschlagenen Popal in 5 S\u00e4tzen zu bezwingen! Leider konnte Andres gegen Wirkner nicht nachziehen und verlor mit 1:3. In der Mitte gab es eine Punkteteilung, da Christoph mit ein wenig Pech gegen Sch\u00fcler mit 3:2 verlor, jedoch schaffte Jannik einen starken 3:0 Sieg \u00fcber Hergen Berger. Unten gab es dann wieder 2 deutliche Spiele zugunsten der Westerceller. Julius gewann 3:1 Jan Berger und Tim 3:0 gegen Ishizaki. So musste das Abschlussdoppel entscheiden ob es ein Sieg oder Unentschieden werden w\u00fcrde. Lukas und Andres hatten jedoch Probleme gegen Popal und Sch\u00fcler und verloren so nach spannendem Kampf verdient mit 1:3. Am Ende also das leistungsgerechte Unentschieden f\u00fcr den VfL!<br \/>\n\u201eDas Wochenende an sich war ein gutes f\u00fcr meine Mannschaft! Mit dem 8:8 gegen den OTB haben wir wirklich was geschafft, was fast noch keiner schaffte in dieser Saison. Nat\u00fcrlich kann man sich \u00e4rgern dass man nicht mit 9:7 gewann, da die Chancen da waren, aber die Freude \u00fcberwiegt den \u00c4rger. Nun gilt es sich schnell zu erholen und auf die n\u00e4chste H\u00fcrde vorzubereiten!\u201c so Trainer Ronny Quasdorf!<\/p>\n<p>Foto: David Borghoff<\/p>\n","protected":false},"excerpt":{"rendered":"<p>Die 1. Herren des VfL Westercelle erspielte sich gegen die TSG aus Dissen einen Sieg und erk\u00e4mpfte sich ein Unentschieden gegen den Ligaprimus aus Oldenburg. Am Samstag gegen Dissen gab es den klassischen Fehlstart in den Doppeln. Tim und Andres machten ihre Sache souver\u00e4n gegen Lippold und Ersatzmann Hagemann. Am Nebentisch fanden Lukas und Ben <a class=\"read-more-link\" href=\"https:\/\/www.vfl-westercelle.de\/tt\/sieg-und-unentschieden-lassen-die-hoffnungen-am-leben\/\">Read More<\/a><\/p>\n","protected":false},"author":1,"featured_media":166,"comment_status":"closed","ping_status":"closed","sticky":false,"template":"","format":"standard","meta":{"footnotes":""},"categories":[1],"tags":[],"class_list":["post-165","post","type-post","status-publish","format-standard","has-post-thumbnail","hentry","category-tischtennis"],"_links":{"self":[{"href":"https:\/\/www.vfl-westercelle.de\/tt\/wp-json\/wp\/v2\/posts\/165","targetHints":{"allow":["GET"]}}],"collection":[{"href":"https:\/\/www.vfl-westercelle.de\/tt\/wp-json\/wp\/v2\/posts"}],"about":[{"href":"https:\/\/www.vfl-westercelle.de\/tt\/wp-json\/wp\/v2\/types\/post"}],"author":[{"embeddable":true,"href":"https:\/\/www.vfl-westercelle.de\/tt\/wp-json\/wp\/v2\/users\/1"}],"replies":[{"embeddable":true,"href":"https:\/\/www.vfl-westercelle.de\/tt\/wp-json\/wp\/v2\/comments?post=165"}],"version-history":[{"count":0,"href":"https:\/\/www.vfl-westercelle.de\/tt\/wp-json\/wp\/v2\/posts\/165\/revisions"}],"wp:featuredmedia":[{"embeddable":true,"href":"https:\/\/www.vfl-westercelle.de\/tt\/wp-json\/wp\/v2\/media\/166"}],"wp:attachment":[{"href":"https:\/\/www.vfl-westercelle.de\/tt\/wp-json\/wp\/v2\/media?parent=165"}],"wp:term":[{"taxonomy":"category","embeddable":true,"href":"https:\/\/www.vfl-westercelle.de\/tt\/wp-json\/wp\/v2\/categories?post=165"},{"taxonomy":"post_tag","embeddable":true,"href":"https:\/\/www.vfl-westercelle.de\/tt\/wp-json\/wp\/v2\/tags?post=165"}],"curies":[{"name":"wp","href":"https:\/\/api.w.org\/{rel}","templated":true}]}}