{"id":299,"date":"2019-04-01T15:47:21","date_gmt":"2019-04-01T13:47:21","guid":{"rendered":"http:\/\/www.vfl-westercelle.de\/tt\/?p=299"},"modified":"2019-04-03T08:02:27","modified_gmt":"2019-04-03T06:02:27","slug":"emotionales-endspiel-am-nadelberg","status":"publish","type":"post","link":"https:\/\/www.vfl-westercelle.de\/tt\/emotionales-endspiel-am-nadelberg\/","title":{"rendered":"Emotionales Endspiel am Nadelberg"},"content":{"rendered":"<p>Es war das von Anfang an erwartete, emotionale Duell gegen den TV Hude in der Verbandsliga Nord. Der Kampf um Platz 2 in dieser Liga, wurde aber zeitweise in den Schatten gestellt von der Tatsache, dass der langj\u00e4hrige 1.Herren Spieler und Kapit\u00e4n Lukas Brinkop sein letztes Spiel am Nadelberg bestritt. Eine \u00c4ra, welche nun ihr Ende findet um Platz zu schaffen f\u00fcr einen neuen Lebensabschnitt auf dem man nur \u201eAlles Gute\u201c w\u00fcnschen kann!<br \/>\nNun aber zum Spiel. Vor dem Spiel gab es f\u00fcr die G\u00e4ste die Hiobsbotschaft schlechthin. Der an 4 positionierte Gerrit Meyer verletzte sich beim Einspielen schwer und konnte nun nicht mehr spielen. Gute Besserung nochmals vom VfL an dieser Stelle!<br \/>\nSomit ging das erste Doppel Brinkop\/Bruns gegen Lingenau\/Meyer kampflos an die Herzogst\u00e4dter.<br \/>\nOetken und D\u00fcmeland, welche gegen Henke und den irischen Nationalspieler Farrell in der Hinrunde noch mit 3:2 gewannen, verloren dieses Mal mit 3:2 wobei im f\u00fcnften Satz bei den beiden Westercellern nichts zusammenlief. Am Nebentisch fanden Ziesler (der als Ersatz f\u00fcr Weber dabei war, aufgrund von erneuten Schulterproblemen) und Feldt gegen St\u00fcber und Oestmann keine Mittel und verloren mit 3:0.<br \/>\nSo ging man mit 1:2 in die erste Einzelrunde. Brinkop schaffte es, nach engem ersten Satz, die restlichen beiden S\u00e4tze deutlich f\u00fcr sich zu entscheiden und bezwang Henke somit verdient mit 3:0. Oetken, momentan in absoluter Topform, gelang wie im Hinspiel die Sensation indem er gegen den irischen Nationalspieler Farrell in f\u00fcnf S\u00e4tzen gewann. Nachdem Bruns kampflos so gegen Meyer gewann, war man mit 4:2 in Front. Daraufhin spielte Feldt eine wirklich starke Partie gegen den erfahrenen Lingenau und gewann den ersten Satz. Danach schaltete der Routinier der G\u00e4ste aber nochmal 2 G\u00e4nge h\u00f6her und gewann letztlich auch verdient mit 3:1. D\u00fcmeland, der gegen den unangenehmen St\u00fcber nicht so wirklich ins Spiel fand, verlor letztendlich verdient mit 3:1. Nachdem auch Ziesler in einem hochklassigen Spiel gegen Oestmann mit 10:12 im f\u00fcnften Satz den K\u00fcrzeren zog, lagen die Westerceller wieder hinten mit 4:5.<br \/>\nIm letzten Einzel am Nadelberg hatte Brinkop sich bestimmt mehr vorgestellt, aber sein gegen\u00fcber hatte ein Problem damit ihn einfach so passieren zu lassen. Lukas verlor nach gro\u00dfem Fight mit 3:1 gegen Farrell. Nachdem Oetken sich im Thriller gegen Henke mit 11:9 im f\u00fcnften Satz durchsetzen konnte, hatte Bruns den Ausgleich auf dem Schl\u00e4ger. Jedoch schaffte er es nach zwischenzeitlicher 10:8 F\u00fchrung nicht gegen Lingenau zu gewinnen. Somit lagen wir mit 5:7 hinten. Julius, der das zweite Einzel mit 3:0 gewann, aufgrund der Verletzung Meyers, sorgte somit f\u00fcr das 6:7. D\u00fcmeland spielte gegen Oestmann eine gute Partie, jedoch war Oestmann in den entscheidenen Situation einfach besser unterwegs. Im Spiel des Tages schaffte Ziesler es sich mit spektakul\u00e4ren R\u00fcckhandtopspins seinen ersten Sieg in der Verbandsliga zu erspielen. Mit einem starken 3:2 gegen St\u00fcber, der diese Saison unter anderem Brinkop bezwang, setzte er ein deutliches Zeichen f\u00fcr die kommenden Jahre! So ging man mit einem 7:8 in das Abschlussdoppel und dem somit allerletzten Auftritt Brinkops am heimischen Nadelberg. Nach hart umk\u00e4mpften Ballwechseln mussten die beiden Westerceller sich mit 3:2 geschlagen geben, wodurch die 9:7 Niederlage amtlich war!<br \/>\n\u201eWir h\u00e4tten Lukas zum Abschluss gerne einen Sieg geschenkt, d\u00fcrfen aber keineswegs traurig sein \u00fcber das, was wir diese Saison geleistet haben! Klar ist der Aufstieg ist somit kein Thema mehr f\u00fcr uns, jedoch h\u00e4tten vor der Saison nicht viele damit gerechnet, dass wir so weit oben in der Tabelle dastehen! Alles in allem danken wir nat\u00fcrlich den Zuschauern, die uns heute wieder extrem nach vorne gepusht haben! Auf diesem Wege danken wir nochmal allen Eltern, Verwandten, Freunden und Tischtennisbegeisterten im Landkreis Celle und w\u00fcnschen Lukas alles Gute f\u00fcr die Zukunft!\u201c so Tim D\u00fcmeland<\/p>\n<p><a href=\"https:\/\/www.mytischtennis.de\/clicktt\/TTVN\/18-19\/ligen\/Verbandsliga-Herren-Nord\/gruppe\/335668\/spielbericht\/11467078\/VfL-Westercelle-vs-TV-Hude\">Zum Spielbericht<\/a><\/p>\n","protected":false},"excerpt":{"rendered":"<p>Es war das von Anfang an erwartete, emotionale Duell gegen den TV Hude in der Verbandsliga Nord. Der Kampf um Platz 2 in dieser Liga, wurde aber zeitweise in den Schatten gestellt von der Tatsache, dass der langj\u00e4hrige 1.Herren Spieler und Kapit\u00e4n Lukas Brinkop sein letztes Spiel am Nadelberg bestritt. Eine \u00c4ra, welche nun ihr <a class=\"read-more-link\" href=\"https:\/\/www.vfl-westercelle.de\/tt\/emotionales-endspiel-am-nadelberg\/\">Read More<\/a><\/p>\n","protected":false},"author":20,"featured_media":300,"comment_status":"closed","ping_status":"open","sticky":false,"template":"","format":"standard","meta":{"footnotes":""},"categories":[1],"tags":[],"class_list":["post-299","post","type-post","status-publish","format-standard","has-post-thumbnail","hentry","category-tischtennis"],"_links":{"self":[{"href":"https:\/\/www.vfl-westercelle.de\/tt\/wp-json\/wp\/v2\/posts\/299","targetHints":{"allow":["GET"]}}],"collection":[{"href":"https:\/\/www.vfl-westercelle.de\/tt\/wp-json\/wp\/v2\/posts"}],"about":[{"href":"https:\/\/www.vfl-westercelle.de\/tt\/wp-json\/wp\/v2\/types\/post"}],"author":[{"embeddable":true,"href":"https:\/\/www.vfl-westercelle.de\/tt\/wp-json\/wp\/v2\/users\/20"}],"replies":[{"embeddable":true,"href":"https:\/\/www.vfl-westercelle.de\/tt\/wp-json\/wp\/v2\/comments?post=299"}],"version-history":[{"count":4,"href":"https:\/\/www.vfl-westercelle.de\/tt\/wp-json\/wp\/v2\/posts\/299\/revisions"}],"predecessor-version":[{"id":311,"href":"https:\/\/www.vfl-westercelle.de\/tt\/wp-json\/wp\/v2\/posts\/299\/revisions\/311"}],"wp:featuredmedia":[{"embeddable":true,"href":"https:\/\/www.vfl-westercelle.de\/tt\/wp-json\/wp\/v2\/media\/300"}],"wp:attachment":[{"href":"https:\/\/www.vfl-westercelle.de\/tt\/wp-json\/wp\/v2\/media?parent=299"}],"wp:term":[{"taxonomy":"category","embeddable":true,"href":"https:\/\/www.vfl-westercelle.de\/tt\/wp-json\/wp\/v2\/categories?post=299"},{"taxonomy":"post_tag","embeddable":true,"href":"https:\/\/www.vfl-westercelle.de\/tt\/wp-json\/wp\/v2\/tags?post=299"}],"curies":[{"name":"wp","href":"https:\/\/api.w.org\/{rel}","templated":true}]}}