{"id":33,"date":"2018-01-22T17:01:02","date_gmt":"2018-01-22T16:01:02","guid":{"rendered":"http:\/\/www.vfl-westercelle.de\/t-t\/2018\/01\/22\/lukas-brinkop-baut-siegesserie-in-der-a-klasse-aus-felix-siemann-gewinnt-die-b-konkurrenz\/"},"modified":"2018-01-22T17:01:02","modified_gmt":"2018-01-22T16:01:02","slug":"lukas-brinkop-baut-siegesserie-in-der-a-klasse-aus-felix-siemann-gewinnt-die-b-konkurrenz","status":"publish","type":"post","link":"https:\/\/www.vfl-westercelle.de\/tt\/lukas-brinkop-baut-siegesserie-in-der-a-klasse-aus-felix-siemann-gewinnt-die-b-konkurrenz\/","title":{"rendered":"Lukas Brinkop baut Siegesserie in der A-Klasse aus \/ Felix Siemann gewinnt die B-Konkurrenz"},"content":{"rendered":"<p>Am Freitag wurden die Vereinsmeisterschaften des VfL Westercelle ausgespielt. Im Dezember noch musste die Veranstaltung wegen zu geringer Anmeldungen ausfallen und wurde in den Januar verlegt. Mit 23 Teilnehmern zeigte sich, dass es die richtige Entscheidung war. In 4 Gruppen wurde um die Qualifikation zu den verschiedenen Klassen gespielt. Dabei wurden die Spieler der 1.Herren mit Lukas Brinkop, Andres Oetken und Christoph Bruns sowie Marco Stoll aus der zweiten Herren als Gruppenk\u00f6pfe gesetzt. In der Gruppenphase wurde zun\u00e4chst auf 2 Gewinns\u00e4tze gespielt, in der KO-Runde sp\u00e4ter normal auf 3 Gewinner.<!--more--><\/p>\n<p>W\u00e4hrend es in den Gruppen 1 und 3 keine gro\u00dfen \u00dcberraschungen gab, ging es in den Gruppen 2 und 4 sehr eng zu: Hinter Andres wiesen die Pl\u00e4tze 2-4 alle 3:2 Spiele auf. Mit 8:5 S\u00e4tzen konnte sich Lennart Winkler f\u00fcr die A-Klasse empfehlen und verwies Peter Glock und Timm Nguyen (beide 7:5) auf die weiteren Pl\u00e4tze. In Gruppe 4 war es eine Entscheidung um den Gruppensieg. Marco musste eine Niederlage gegen Tobias Oberbeck hinnehmen, w\u00e4hrend dieser gegen Jugendspieler Dominik F\u00f6rster verlor. Mit 9:2 S\u00e4tzen setzte sich Marco auf Platz 1. Danach folgten Tobias (9:3) und Dominik (8:3).<\/p>\n\n\t\t<style type=\"text\/css\">\n\t\t\t#gallery-1 {\n\t\t\t\tmargin: auto;\n\t\t\t}\n\t\t\t#gallery-1 .gallery-item {\n\t\t\t\tfloat: left;\n\t\t\t\tmargin-top: 10px;\n\t\t\t\ttext-align: center;\n\t\t\t\twidth: 25%;\n\t\t\t}\n\t\t\t#gallery-1 img {\n\t\t\t\tborder: 2px solid #cfcfcf;\n\t\t\t}\n\t\t\t#gallery-1 .gallery-caption {\n\t\t\t\tmargin-left: 0;\n\t\t\t}\n\t\t\t\/* see gallery_shortcode() in wp-includes\/media.php *\/\n\t\t<\/style>\n\t\t<div id='gallery-1' class='gallery galleryid-33 gallery-columns-4 gallery-size-thumbnail'><dl class='gallery-item'>\n\t\t\t<dt class='gallery-icon portrait'>\n\t\t\t\t<a href='https:\/\/www.vfl-westercelle.de\/tt\/wp-content\/uploads\/sites\/19\/2018\/01\/Felix-Pokal.jpg'><img loading=\"lazy\" decoding=\"async\" width=\"80\" height=\"80\" src=\"https:\/\/www.vfl-westercelle.de\/tt\/wp-content\/uploads\/sites\/19\/2018\/01\/Felix-Pokal-80x80.jpg\" class=\"attachment-thumbnail size-thumbnail\" alt=\"\" aria-describedby=\"gallery-1-37\" \/><\/a>\n\t\t\t<\/dt>\n\t\t\t\t<dd class='wp-caption-text gallery-caption' id='gallery-1-37'>\n\t\t\t\tFelix Siemann\n\t\t\t\t<\/dd><\/dl><dl class='gallery-item'>\n\t\t\t<dt class='gallery-icon portrait'>\n\t\t\t\t<a href='https:\/\/www.vfl-westercelle.de\/tt\/wp-content\/uploads\/sites\/19\/2018\/01\/Lukas-Pokal.jpg'><img loading=\"lazy\" decoding=\"async\" width=\"80\" height=\"80\" src=\"https:\/\/www.vfl-westercelle.de\/tt\/wp-content\/uploads\/sites\/19\/2018\/01\/Lukas-Pokal-80x80.jpg\" class=\"attachment-thumbnail size-thumbnail\" alt=\"\" aria-describedby=\"gallery-1-36\" \/><\/a>\n\t\t\t<\/dt>\n\t\t\t\t<dd class='wp-caption-text gallery-caption' id='gallery-1-36'>\n\t\t\t\tLukas Brinkop\n\t\t\t\t<\/dd><\/dl><dl class='gallery-item'>\n\t\t\t<dt class='gallery-icon portrait'>\n\t\t\t\t<a href='https:\/\/www.vfl-westercelle.de\/tt\/wp-content\/uploads\/sites\/19\/2018\/01\/Endrunde-nur-A-und-B.png'><img loading=\"lazy\" decoding=\"async\" width=\"80\" height=\"80\" src=\"https:\/\/www.vfl-westercelle.de\/tt\/wp-content\/uploads\/sites\/19\/2018\/01\/Endrunde-nur-A-und-B-80x80.png\" class=\"attachment-thumbnail size-thumbnail\" alt=\"\" aria-describedby=\"gallery-1-35\" \/><\/a>\n\t\t\t<\/dt>\n\t\t\t\t<dd class='wp-caption-text gallery-caption' id='gallery-1-35'>\n\t\t\t\tEndrunde\n\t\t\t\t<\/dd><\/dl><dl class='gallery-item'>\n\t\t\t<dt class='gallery-icon landscape'>\n\t\t\t\t<a href='https:\/\/www.vfl-westercelle.de\/tt\/wp-content\/uploads\/sites\/19\/2018\/01\/Vorrunde.png'><img loading=\"lazy\" decoding=\"async\" width=\"80\" height=\"80\" src=\"https:\/\/www.vfl-westercelle.de\/tt\/wp-content\/uploads\/sites\/19\/2018\/01\/Vorrunde-80x80.png\" class=\"attachment-thumbnail size-thumbnail\" alt=\"\" aria-describedby=\"gallery-1-34\" \/><\/a>\n\t\t\t<\/dt>\n\t\t\t\t<dd class='wp-caption-text gallery-caption' id='gallery-1-34'>\n\t\t\t\tVorrunde\n\t\t\t\t<\/dd><\/dl><br style=\"clear: both\" \/>\n\t\t<\/div>\n\n<p>So kam es in der A-Klasse zu den erwarteten Partien. Lukas und Andres setzten sich ohne Probleme gegen Ben Ziesler und Tobias durch, Christoph und Marco mussten gegen Norman Hennek (3:2) und Lennart Winkler (3:1) etwas mehr k\u00e4mpfen. Lukas zog durch ein 3:0 \u00fcber Marco ins Finale ein. Ihm folgte in einem engen Spiel Andres, der Christoph nach 5 S\u00e4tzen niederringen konnte. Auch im Finale waren die ersten S\u00e4tze umk\u00e4mpft. Zweimal ging Lukas als Sieger hervor, einen sicherte sich Andres. Im vierten zog Lukas allerdings schnell davon und sicherte sich so seinen vierten Vereinsmeistertitel in Folge.<\/p>\n<p>In der B-Konkurrenz schlug ein Gro\u00dfteil der Jugend auf. Gleich 5 Spieler der 1. und 2.Jugend tummelten sich im Viertelfinale. W\u00e4hrend Felix Siemann Check-Hien Loi mit 3:0 ausschaltete, konnten Dominik F\u00f6rster (3:2 \u00fcber Peter Glock), Fabian Witt (3:1 \u00fcber Patrick Michaeli) du Timm Nguyen (3:0 gegen Kay Oechsner) die letzten Erwachsenen aus dem Turnier werfen und waren im Halbfinale unter sich. Felix triumphierte in 5 S\u00e4tzen \u00fcber Dominik, Fabian mit 3:1 \u00fcber Timm. Im Finale konnte sich dann Felix mit 3:1 durchsetzen und erspielte sich nach dem Titel des Kreismeisters Herren B nun auch den Vereinsmeister in der B-Konkurrenz.<\/p>\n<p>Nach dem Turnier sa\u00df man noch einige Zeit zusammen und lie\u00df den Abend entspannt ausklingen. Ein Dank geht an dieser Stelle noch an Peter, der wieder f\u00fcr tolle Pokale und einen reibungslosen Ablauf gesorgt hat. Des Weiteren ist bemerkenswert, dass die Verzahnung zwischen Jugend- und Erwachsenensport so gut klappt, denn von den 23 Teilnehmern waren 8 Spieler\/innen aus dem Nachwuchsbereich an den Tischen.<\/p>\n","protected":false},"excerpt":{"rendered":"<p>Am Freitag wurden die Vereinsmeisterschaften des VfL Westercelle ausgespielt. Im Dezember noch musste die Veranstaltung wegen zu geringer Anmeldungen ausfallen und wurde in den Januar verlegt. Mit 23 Teilnehmern zeigte sich, dass es die richtige Entscheidung war. In 4 Gruppen wurde um die Qualifikation zu den verschiedenen Klassen gespielt. Dabei wurden die Spieler der 1.Herren <a class=\"read-more-link\" href=\"https:\/\/www.vfl-westercelle.de\/tt\/lukas-brinkop-baut-siegesserie-in-der-a-klasse-aus-felix-siemann-gewinnt-die-b-konkurrenz\/\">Read More<\/a><\/p>\n","protected":false},"author":1,"featured_media":38,"comment_status":"closed","ping_status":"closed","sticky":false,"template":"","format":"standard","meta":{"footnotes":""},"categories":[1],"tags":[],"class_list":["post-33","post","type-post","status-publish","format-standard","has-post-thumbnail","hentry","category-tischtennis"],"_links":{"self":[{"href":"https:\/\/www.vfl-westercelle.de\/tt\/wp-json\/wp\/v2\/posts\/33","targetHints":{"allow":["GET"]}}],"collection":[{"href":"https:\/\/www.vfl-westercelle.de\/tt\/wp-json\/wp\/v2\/posts"}],"about":[{"href":"https:\/\/www.vfl-westercelle.de\/tt\/wp-json\/wp\/v2\/types\/post"}],"author":[{"embeddable":true,"href":"https:\/\/www.vfl-westercelle.de\/tt\/wp-json\/wp\/v2\/users\/1"}],"replies":[{"embeddable":true,"href":"https:\/\/www.vfl-westercelle.de\/tt\/wp-json\/wp\/v2\/comments?post=33"}],"version-history":[{"count":1,"href":"https:\/\/www.vfl-westercelle.de\/tt\/wp-json\/wp\/v2\/posts\/33\/revisions"}],"predecessor-version":[{"id":39,"href":"https:\/\/www.vfl-westercelle.de\/tt\/wp-json\/wp\/v2\/posts\/33\/revisions\/39"}],"wp:featuredmedia":[{"embeddable":true,"href":"https:\/\/www.vfl-westercelle.de\/tt\/wp-json\/wp\/v2\/media\/38"}],"wp:attachment":[{"href":"https:\/\/www.vfl-westercelle.de\/tt\/wp-json\/wp\/v2\/media?parent=33"}],"wp:term":[{"taxonomy":"category","embeddable":true,"href":"https:\/\/www.vfl-westercelle.de\/tt\/wp-json\/wp\/v2\/categories?post=33"},{"taxonomy":"post_tag","embeddable":true,"href":"https:\/\/www.vfl-westercelle.de\/tt\/wp-json\/wp\/v2\/tags?post=33"}],"curies":[{"name":"wp","href":"https:\/\/api.w.org\/{rel}","templated":true}]}}