{"id":40,"date":"2018-01-22T17:13:01","date_gmt":"2018-01-22T16:13:01","guid":{"rendered":"http:\/\/www.vfl-westercelle.de\/t-t\/2018\/01\/22\/tischtennisgemeinschaft-spielt-sich-mit-viel-spass-ins-neue-jahr\/"},"modified":"2018-01-22T17:14:44","modified_gmt":"2018-01-22T16:14:44","slug":"tischtennisgemeinschaft-spielt-sich-mit-viel-spass-ins-neue-jahr","status":"publish","type":"post","link":"https:\/\/www.vfl-westercelle.de\/tt\/tischtennisgemeinschaft-spielt-sich-mit-viel-spass-ins-neue-jahr\/","title":{"rendered":"Tischtennisgemeinschaft spielt sich mit viel Spa\u00df ins neue Jahr"},"content":{"rendered":"<p>Am vergangenen Samstag lud die Tischtennissparte des VfL Westercelle zum Dankesch\u00f6n-Turnier ein. Aber wieso eigentlich dankesch\u00f6n? In der zweiten Jahresh\u00e4lfte 2017 war \u00fcber lange Zeit die heimische Nadelberghalle dicht. Ansonsten gab es in der Stadt Celle so gut wie keine alleinigen Ausweichm\u00f6glichkeiten (obwohl das laut Oberb\u00fcrgermeister Dr. Nigge ganz anders aussieht). So fragte man bei den Nachbarvereinen SV Altencelle, SSV Gro\u00df Hehlen, TuS Celle und dem SC Wietzenbruch an, ob man w\u00e4hrend ihrer Zeiten mittrainieren d\u00fcrfe. Von allen wurden wir sofort und sehr herzlich aufgenommen.<\/p>\n<p>\u201eAuch wenn man als Nachbarverein immer eine sportliche Rivalit\u00e4t pflegt, war es sehr sch\u00f6n zu sehen, dass man in der Not f\u00fcreinander da ist. Uns wurde sofort Hilfe angeboten und wir sind ja auch keine kleine Sparte im Vergleich zu anderen Tischtennissparten\u201c, schw\u00e4rmte Jugendwart Lukas Brinkop von der Herzlichkeit der sportlichen Nachbarn.\u00a0<!--more--><\/p>\n<p>Seit Mitte Oktober konnte der Trainings- und Spielbetrieb wieder \u201eDaheim\u201c durchgef\u00fchrt werden und so sollte man bei den Gastgebern einmal Danke sagen. Dies sollte in einem Turnier stattfinden, bei dem sich die Aktiven auch untereinander noch einmal sehen und in Gespr\u00e4che kommen k\u00f6nnen. Um dem Ganzen noch einen gem\u00fctlicheren Touch zu geben, wurde ein riesiges Buffet zur Verf\u00fcgung gestellt. An dieser Stelle noch einen herzlichen Danke an die vielen gespendeten Speisen. Ich habe alles probiert und habe nur tolle Sachen erleben d\u00fcrfen (und auch zunehmen m\u00fcssen, denn es war wirklich viel!). Ebenfalls ein gro\u00dfes Dankesch\u00f6n geht an Kantinenmeister Peter Black, der alles immer stets im Griff hatte.<\/p>\n<p>Insgesamt fanden 58 Aktive den Weg in die Halle. Gespielt wurde in einer abgewandelten Form des Spartenturniers: In 6er- bzw. 7er-Mannschaften werden zun\u00e4chst 3 Doppel und im Anschluss 6 Einzel gespielt. Dabei ging jedes Spiel genau 2 S\u00e4tze lang. Die Doppel durften komplett frei aufgestellt werden, die Einzel mussten nach Spielst\u00e4rke aufgestellt werden. F\u00fcr jeden gewonnen Satz bekam das Team einen Punkt auf ihr Konto. In der ersten Runde wurden die Paarungen gelost, in der zweiten Runde wurden die neuen Begegnungen nach dem Schweizer System ermittelt.\u00a0Die Begr\u00fc\u00dfung erfolgte durch Spartenleiter Marco Stoll, der sich freute, dass man in einem so bunt gemischten Haufen zusammenfand. Gleich zu Beginn wurden die ersten beiden von insgesamt drei Preisen vergeben:<\/p>\n<p>Der Preis f\u00fcr den j\u00fcngsten Teilnehmer der G\u00e4ste ging an Frederik Endler (TuS Celle). Ebenfalls einen Preis erhielt Wojtek Idikowski (SC Wietzenbruch), der trotz seines an diesem Tag stattfindenden Geburtstags teilnahm! Alles Gute noch einmal zum 69.Ehrentag! Nach den vielen Worten konnte das Turnier endlich starten und so tummelten sich die 58 Spielerinnen und Spieler gemischt nach Alter (zwischen 9 und 72 Jahren) und von der 6.Kreisklasse bis zur Verbandsliga an den insgesamt 15 Tischen. Nach 6 Spielrunden standen dann auch die Siegerteams fest:<\/p>\n<p>Platz 3 ging an das Team F mit Tobias Oberbeck, Tobias Hainke, Uwe Schoeder, Tillmann Finke, Ivonne Hardam und Frederik Endler mit 57 Punkten. Die Silbermedaillen erhielten Marco Stoll, Kai Oechsner, Thomas Rieger, Thomas Liehm, Ulf Werner und Jan Nguyen f\u00fcr erspielte 61 Punkte. Als Siegerteam und damit zum Goldmedaillengewinner avancierte mit einem Vorsprung von 9 Punkten auf Platz 2 das Team G mit Timm Nguyen, Carsten Gr\u00f6ticke, Jonas Uekermann, Karsten Cramm, Thorben Peter und Laura Maschler<\/p>\n<p>Das Losgl\u00fcck am Ende hatte Martina Kuchenbuch (SSV Gro\u00df Hehlen) auf ihrer Seite, die einen Riesenschl\u00e4ger mit Schokoladenbeilage zugelost bekam.\u00a0Am Ende der Veranstaltung h\u00f6rte man nur positives Feedback und den Wunsch nach einer Wiederholung. \u201eWir w\u00fcrden uns sehr freuen, wenn wir dieses Event j\u00e4hrlich mit diesen 5 Vereinen durchf\u00fchren k\u00f6nnen. Dabei soll die Veranstalterrolle im Idealfall immer abwechselnd \u00fcbernommen werden. Es hat riesigen Spa\u00df gemacht und es ist sch\u00f6n zu sehen, dass wir bei so einem Turnier nicht 5 verschiedene Gruppen sind, sondern eine gro\u00dfe Tischtennisfamilie\u201c, fasst Marco Stoll den gelungenen Tag zusammen.<\/p>\n<p>Hier das Feedback vom SV Altencelle (das tut richtig gut!):<\/p>\n<blockquote><p>\u201e\u2026im Namen der ganzen beteiligten Sportskollegen vom SV Altencelle m\u00f6chte ich dir und deinem Team ein wirklich ganz ganz gro\u00dfes Dankesch\u00f6n aussprechen. Wie mir meine Sportkollegen berichteten, habt ihr euch wirklich aufgeopfert um so ein tolles Event zu starten. Das finden wir nicht selbstverst\u00e4ndlich! So wie es ankam f\u00f6rderte es auch vereins\u00fcbergreifend den Kontakt. Das ist wirklich sehr sch\u00f6n. Wenn sowas in Zukunft wieder geplant werden sollte, wird sich der SV Altencelle gerne mit einbringen. Und noch eins: Sollte es wieder Probleme mit der Halle oder \u00e4hnliches geben, gibt es bei uns immer einen Platz f\u00fcr euch. Das werden wir dann organisieren. Also noch mal ein ganz ganz ganz DICKES DANKE \ud83d\ude42 \u2026\u201c<\/p><\/blockquote>\n\n\t\t<style type=\"text\/css\">\n\t\t\t#gallery-1 {\n\t\t\t\tmargin: auto;\n\t\t\t}\n\t\t\t#gallery-1 .gallery-item {\n\t\t\t\tfloat: left;\n\t\t\t\tmargin-top: 10px;\n\t\t\t\ttext-align: center;\n\t\t\t\twidth: 25%;\n\t\t\t}\n\t\t\t#gallery-1 img {\n\t\t\t\tborder: 2px solid #cfcfcf;\n\t\t\t}\n\t\t\t#gallery-1 .gallery-caption {\n\t\t\t\tmargin-left: 0;\n\t\t\t}\n\t\t\t\/* see gallery_shortcode() in wp-includes\/media.php *\/\n\t\t<\/style>\n\t\t<div id='gallery-1' class='gallery galleryid-40 gallery-columns-4 gallery-size-thumbnail'><dl class='gallery-item'>\n\t\t\t<dt class='gallery-icon landscape'>\n\t\t\t\t<a href='https:\/\/www.vfl-westercelle.de\/tt\/wp-content\/uploads\/sites\/19\/2018\/01\/Z-8.jpg'><img loading=\"lazy\" decoding=\"async\" width=\"80\" height=\"80\" src=\"https:\/\/www.vfl-westercelle.de\/tt\/wp-content\/uploads\/sites\/19\/2018\/01\/Z-8-80x80.jpg\" class=\"attachment-thumbnail size-thumbnail\" alt=\"\" \/><\/a>\n\t\t\t<\/dt><\/dl><dl class='gallery-item'>\n\t\t\t<dt class='gallery-icon landscape'>\n\t\t\t\t<a href='https:\/\/www.vfl-westercelle.de\/tt\/wp-content\/uploads\/sites\/19\/2018\/01\/Z-1.jpg'><img loading=\"lazy\" decoding=\"async\" width=\"80\" height=\"80\" src=\"https:\/\/www.vfl-westercelle.de\/tt\/wp-content\/uploads\/sites\/19\/2018\/01\/Z-1-80x80.jpg\" class=\"attachment-thumbnail size-thumbnail\" alt=\"\" \/><\/a>\n\t\t\t<\/dt><\/dl><dl class='gallery-item'>\n\t\t\t<dt class='gallery-icon landscape'>\n\t\t\t\t<a href='https:\/\/www.vfl-westercelle.de\/tt\/wp-content\/uploads\/sites\/19\/2018\/01\/Team-I.png'><img loading=\"lazy\" decoding=\"async\" width=\"80\" height=\"80\" src=\"https:\/\/www.vfl-westercelle.de\/tt\/wp-content\/uploads\/sites\/19\/2018\/01\/Team-I-80x80.png\" class=\"attachment-thumbnail size-thumbnail\" alt=\"\" \/><\/a>\n\t\t\t<\/dt><\/dl><dl class='gallery-item'>\n\t\t\t<dt class='gallery-icon landscape'>\n\t\t\t\t<a href='https:\/\/www.vfl-westercelle.de\/tt\/wp-content\/uploads\/sites\/19\/2018\/01\/Team-H.jpeg'><img loading=\"lazy\" decoding=\"async\" width=\"80\" height=\"80\" src=\"https:\/\/www.vfl-westercelle.de\/tt\/wp-content\/uploads\/sites\/19\/2018\/01\/Team-H-80x80.jpeg\" class=\"attachment-thumbnail size-thumbnail\" alt=\"\" \/><\/a>\n\t\t\t<\/dt><\/dl><br style=\"clear: both\" \/><dl class='gallery-item'>\n\t\t\t<dt class='gallery-icon landscape'>\n\t\t\t\t<a href='https:\/\/www.vfl-westercelle.de\/tt\/wp-content\/uploads\/sites\/19\/2018\/01\/Team-E-1.png'><img loading=\"lazy\" decoding=\"async\" width=\"80\" height=\"80\" src=\"https:\/\/www.vfl-westercelle.de\/tt\/wp-content\/uploads\/sites\/19\/2018\/01\/Team-E-1-80x80.png\" class=\"attachment-thumbnail size-thumbnail\" alt=\"\" \/><\/a>\n\t\t\t<\/dt><\/dl><dl class='gallery-item'>\n\t\t\t<dt class='gallery-icon landscape'>\n\t\t\t\t<a href='https:\/\/www.vfl-westercelle.de\/tt\/wp-content\/uploads\/sites\/19\/2018\/01\/Team-D.png'><img loading=\"lazy\" decoding=\"async\" width=\"80\" height=\"80\" src=\"https:\/\/www.vfl-westercelle.de\/tt\/wp-content\/uploads\/sites\/19\/2018\/01\/Team-D-80x80.png\" class=\"attachment-thumbnail size-thumbnail\" alt=\"\" \/><\/a>\n\t\t\t<\/dt><\/dl><dl class='gallery-item'>\n\t\t\t<dt class='gallery-icon landscape'>\n\t\t\t\t<a href='https:\/\/www.vfl-westercelle.de\/tt\/wp-content\/uploads\/sites\/19\/2018\/01\/Team-C.png'><img loading=\"lazy\" decoding=\"async\" width=\"80\" height=\"80\" src=\"https:\/\/www.vfl-westercelle.de\/tt\/wp-content\/uploads\/sites\/19\/2018\/01\/Team-C-80x80.png\" class=\"attachment-thumbnail size-thumbnail\" alt=\"\" \/><\/a>\n\t\t\t<\/dt><\/dl><dl class='gallery-item'>\n\t\t\t<dt class='gallery-icon landscape'>\n\t\t\t\t<a href='https:\/\/www.vfl-westercelle.de\/tt\/wp-content\/uploads\/sites\/19\/2018\/01\/Team-B.jpeg'><img loading=\"lazy\" decoding=\"async\" width=\"80\" height=\"80\" src=\"https:\/\/www.vfl-westercelle.de\/tt\/wp-content\/uploads\/sites\/19\/2018\/01\/Team-B-80x80.jpeg\" class=\"attachment-thumbnail size-thumbnail\" alt=\"\" \/><\/a>\n\t\t\t<\/dt><\/dl><br style=\"clear: both\" \/><dl class='gallery-item'>\n\t\t\t<dt class='gallery-icon landscape'>\n\t\t\t\t<a href='https:\/\/www.vfl-westercelle.de\/tt\/wp-content\/uploads\/sites\/19\/2018\/01\/Team-A.png'><img loading=\"lazy\" decoding=\"async\" width=\"80\" height=\"80\" src=\"https:\/\/www.vfl-westercelle.de\/tt\/wp-content\/uploads\/sites\/19\/2018\/01\/Team-A-80x80.png\" class=\"attachment-thumbnail size-thumbnail\" alt=\"\" \/><\/a>\n\t\t\t<\/dt><\/dl><dl class='gallery-item'>\n\t\t\t<dt class='gallery-icon landscape'>\n\t\t\t\t<a href='https:\/\/www.vfl-westercelle.de\/tt\/wp-content\/uploads\/sites\/19\/2018\/01\/Tabelle.png'><img loading=\"lazy\" decoding=\"async\" width=\"80\" height=\"80\" src=\"https:\/\/www.vfl-westercelle.de\/tt\/wp-content\/uploads\/sites\/19\/2018\/01\/Tabelle-80x80.png\" class=\"attachment-thumbnail size-thumbnail\" alt=\"\" \/><\/a>\n\t\t\t<\/dt><\/dl><dl class='gallery-item'>\n\t\t\t<dt class='gallery-icon landscape'>\n\t\t\t\t<a href='https:\/\/www.vfl-westercelle.de\/tt\/wp-content\/uploads\/sites\/19\/2018\/01\/Silber.png'><img loading=\"lazy\" decoding=\"async\" width=\"80\" height=\"80\" src=\"https:\/\/www.vfl-westercelle.de\/tt\/wp-content\/uploads\/sites\/19\/2018\/01\/Silber-80x80.png\" class=\"attachment-thumbnail size-thumbnail\" alt=\"\" \/><\/a>\n\t\t\t<\/dt><\/dl><dl class='gallery-item'>\n\t\t\t<dt class='gallery-icon landscape'>\n\t\t\t\t<a href='https:\/\/www.vfl-westercelle.de\/tt\/wp-content\/uploads\/sites\/19\/2018\/01\/Gold-e1516637672250.png'><img loading=\"lazy\" decoding=\"async\" width=\"80\" height=\"80\" src=\"https:\/\/www.vfl-westercelle.de\/tt\/wp-content\/uploads\/sites\/19\/2018\/01\/Gold-e1516637672250-80x80.png\" class=\"attachment-thumbnail size-thumbnail\" alt=\"\" \/><\/a>\n\t\t\t<\/dt><\/dl><br style=\"clear: both\" \/>\n\t\t<\/div>\n\n","protected":false},"excerpt":{"rendered":"<p>Am vergangenen Samstag lud die Tischtennissparte des VfL Westercelle zum Dankesch\u00f6n-Turnier ein. Aber wieso eigentlich dankesch\u00f6n? In der zweiten Jahresh\u00e4lfte 2017 war \u00fcber lange Zeit die heimische Nadelberghalle dicht. Ansonsten gab es in der Stadt Celle so gut wie keine alleinigen Ausweichm\u00f6glichkeiten (obwohl das laut Oberb\u00fcrgermeister Dr. Nigge ganz anders aussieht). So fragte man bei <a class=\"read-more-link\" href=\"https:\/\/www.vfl-westercelle.de\/tt\/tischtennisgemeinschaft-spielt-sich-mit-viel-spass-ins-neue-jahr\/\">Read More<\/a><\/p>\n","protected":false},"author":1,"featured_media":66,"comment_status":"closed","ping_status":"closed","sticky":false,"template":"","format":"standard","meta":{"footnotes":""},"categories":[1],"tags":[],"class_list":["post-40","post","type-post","status-publish","format-standard","has-post-thumbnail","hentry","category-tischtennis"],"_links":{"self":[{"href":"https:\/\/www.vfl-westercelle.de\/tt\/wp-json\/wp\/v2\/posts\/40","targetHints":{"allow":["GET"]}}],"collection":[{"href":"https:\/\/www.vfl-westercelle.de\/tt\/wp-json\/wp\/v2\/posts"}],"about":[{"href":"https:\/\/www.vfl-westercelle.de\/tt\/wp-json\/wp\/v2\/types\/post"}],"author":[{"embeddable":true,"href":"https:\/\/www.vfl-westercelle.de\/tt\/wp-json\/wp\/v2\/users\/1"}],"replies":[{"embeddable":true,"href":"https:\/\/www.vfl-westercelle.de\/tt\/wp-json\/wp\/v2\/comments?post=40"}],"version-history":[{"count":3,"href":"https:\/\/www.vfl-westercelle.de\/tt\/wp-json\/wp\/v2\/posts\/40\/revisions"}],"predecessor-version":[{"id":67,"href":"https:\/\/www.vfl-westercelle.de\/tt\/wp-json\/wp\/v2\/posts\/40\/revisions\/67"}],"wp:featuredmedia":[{"embeddable":true,"href":"https:\/\/www.vfl-westercelle.de\/tt\/wp-json\/wp\/v2\/media\/66"}],"wp:attachment":[{"href":"https:\/\/www.vfl-westercelle.de\/tt\/wp-json\/wp\/v2\/media?parent=40"}],"wp:term":[{"taxonomy":"category","embeddable":true,"href":"https:\/\/www.vfl-westercelle.de\/tt\/wp-json\/wp\/v2\/categories?post=40"},{"taxonomy":"post_tag","embeddable":true,"href":"https:\/\/www.vfl-westercelle.de\/tt\/wp-json\/wp\/v2\/tags?post=40"}],"curies":[{"name":"wp","href":"https:\/\/api.w.org\/{rel}","templated":true}]}}