{"id":68,"date":"2018-01-28T19:33:31","date_gmt":"2018-01-28T18:33:31","guid":{"rendered":"http:\/\/www.vfl-westercelle.de\/t-t\/2018\/01\/28\/das-ghettofaustteam-und-gucci-gang-stehen-am-ende-ganz-oben\/"},"modified":"2018-01-28T19:34:43","modified_gmt":"2018-01-28T18:34:43","slug":"das-ghettofaustteam-und-gucci-gang-stehen-am-ende-ganz-oben","status":"publish","type":"post","link":"https:\/\/www.vfl-westercelle.de\/tt\/das-ghettofaustteam-und-gucci-gang-stehen-am-ende-ganz-oben\/","title":{"rendered":"\u201eDas Ghettofaustteam\u201c und \u201eGucci Gang\u201c stehen am Ende ganz oben"},"content":{"rendered":"<p style=\"text-align: left;\">Es ist wieder soweit: F\u00fcr viele Sch\u00fclerinnen und Sch\u00fcler der dritten und vierten Klasse der Celler Grundschulen steht wieder Tischtennis an, genauer der Rundlauf-Team-Cup (RTC). Der RTC wurde vom Tischtennisverband Niedersachsen ins Leben gerufen um Kindern im Grundschulalter den Spa\u00df an dieser Sportart zu vermitteln. Dabei wird der klassische Rundlauf kombiniert mit dem Teamcharakter. 2 Teams bestehend aus 4 oder 5 Personen stehen sich dabei gegen\u00fcber. Wer einen Fehler begeht, scheidet aus. Ist nur noch ein Team \u00fcbrig, erh\u00e4lt es einen Satz. Stehen sich am Ende zwei Spieler aus unterschiedlichen Mannschaften gegen\u00fcber, so gibt es ein Finale bis 5 Punkte. Der Sieger erh\u00e4lt ebenfalls einen Satz f\u00fcr sein Team. Die Mannschaft, die zuerst 3 S\u00e4tze erspielen kann, gewinnt dann diese Begegnung. Der Sieger der 3.Klasse und der des 4.Jahrgangs vertreten dann ihre Schule bei der Regionalmeisterschaft und Spielen dort um den Hauptgewinn: Einen Tischtennis-Mini-Tisch, auf dessen Oberfl\u00e4che das Foto des Teams abgedruckt wird.\u00a0<!--more--><\/p>\n<p style=\"text-align: left;\">Auch im dritten Jahr hat Kreisjugendreferent Lukas Brinkop die F\u00e4den in der Hand. &#8222;Ich finde es sch\u00f6n, dass wir hier in Celle so eine Veranstaltung stattfinden lassen k\u00f6nnen. Wir agieren mit 4 Personen an den normalerweise 7 Grundschulen, die momentan teilnehmen und es steht bei so gut wie allen eine Tischtennissparte dahinter. So ist auch gleich die Verbindung zu einem Verein in der N\u00e4he geschaffen&#8220;, f\u00fchrt er aus.<\/p>\n\n\t\t<style type=\"text\/css\">\n\t\t\t#gallery-1 {\n\t\t\t\tmargin: auto;\n\t\t\t}\n\t\t\t#gallery-1 .gallery-item {\n\t\t\t\tfloat: left;\n\t\t\t\tmargin-top: 10px;\n\t\t\t\ttext-align: center;\n\t\t\t\twidth: 20%;\n\t\t\t}\n\t\t\t#gallery-1 img {\n\t\t\t\tborder: 2px solid #cfcfcf;\n\t\t\t}\n\t\t\t#gallery-1 .gallery-caption {\n\t\t\t\tmargin-left: 0;\n\t\t\t}\n\t\t\t\/* see gallery_shortcode() in wp-includes\/media.php *\/\n\t\t<\/style>\n\t\t<div id='gallery-1' class='gallery galleryid-68 gallery-columns-5 gallery-size-thumbnail'><dl class='gallery-item'>\n\t\t\t<dt class='gallery-icon landscape'>\n\t\t\t\t<a href='https:\/\/www.vfl-westercelle.de\/tt\/wp-content\/uploads\/sites\/19\/2018\/01\/Alle-Klasse-3-e1517164472703.jpg'><img loading=\"lazy\" decoding=\"async\" width=\"80\" height=\"80\" src=\"https:\/\/www.vfl-westercelle.de\/tt\/wp-content\/uploads\/sites\/19\/2018\/01\/Alle-Klasse-3-e1517164472703-80x80.jpg\" class=\"attachment-thumbnail size-thumbnail\" alt=\"\" \/><\/a>\n\t\t\t<\/dt><\/dl><dl class='gallery-item'>\n\t\t\t<dt class='gallery-icon landscape'>\n\t\t\t\t<a href='https:\/\/www.vfl-westercelle.de\/tt\/wp-content\/uploads\/sites\/19\/2018\/01\/Alle-Klasse-4.jpg'><img loading=\"lazy\" decoding=\"async\" width=\"80\" height=\"80\" src=\"https:\/\/www.vfl-westercelle.de\/tt\/wp-content\/uploads\/sites\/19\/2018\/01\/Alle-Klasse-4-80x80.jpg\" class=\"attachment-thumbnail size-thumbnail\" alt=\"\" \/><\/a>\n\t\t\t<\/dt><\/dl><dl class='gallery-item'>\n\t\t\t<dt class='gallery-icon landscape'>\n\t\t\t\t<a href='https:\/\/www.vfl-westercelle.de\/tt\/wp-content\/uploads\/sites\/19\/2018\/01\/Finalspiel-in-Gruppe.jpg'><img loading=\"lazy\" decoding=\"async\" width=\"80\" height=\"80\" src=\"https:\/\/www.vfl-westercelle.de\/tt\/wp-content\/uploads\/sites\/19\/2018\/01\/Finalspiel-in-Gruppe-80x80.jpg\" class=\"attachment-thumbnail size-thumbnail\" alt=\"\" \/><\/a>\n\t\t\t<\/dt><\/dl><dl class='gallery-item'>\n\t\t\t<dt class='gallery-icon landscape'>\n\t\t\t\t<a href='https:\/\/www.vfl-westercelle.de\/tt\/wp-content\/uploads\/sites\/19\/2018\/01\/Jahrgang-3.png'><img loading=\"lazy\" decoding=\"async\" width=\"80\" height=\"80\" src=\"https:\/\/www.vfl-westercelle.de\/tt\/wp-content\/uploads\/sites\/19\/2018\/01\/Jahrgang-3-80x80.png\" class=\"attachment-thumbnail size-thumbnail\" alt=\"\" \/><\/a>\n\t\t\t<\/dt><\/dl><dl class='gallery-item'>\n\t\t\t<dt class='gallery-icon landscape'>\n\t\t\t\t<a href='https:\/\/www.vfl-westercelle.de\/tt\/wp-content\/uploads\/sites\/19\/2018\/01\/Jahrgang-4.png'><img loading=\"lazy\" decoding=\"async\" width=\"80\" height=\"80\" src=\"https:\/\/www.vfl-westercelle.de\/tt\/wp-content\/uploads\/sites\/19\/2018\/01\/Jahrgang-4-80x80.png\" class=\"attachment-thumbnail size-thumbnail\" alt=\"\" \/><\/a>\n\t\t\t<\/dt><\/dl><br style=\"clear: both\" \/>\n\t\t<\/div>\n\n<p style=\"text-align: left;\">An der Grundschule Nadelberg ging es heute an die Tische. In den ersten beiden Schulstunden griffen die Sch\u00fclerinnen und Sch\u00fcler der Klassenstufe 3 zu den Schl\u00e4gern. Zun\u00e4chst wurde dabei klassenintern gespielt. In der 3a setzte sich \u201eDas Ghettofaustteam\u201c gegen \u201eDie 4 Tischtennisschl\u00e4ger\u201c und \u201eDie bunten Federn\u201c durch. In der 3b konnten alle Teams einen Sieg einfahren und so mussten die S\u00e4tze entscheiden. Den Gruppensieg holten sich \u201eDie Karatekaninchen\u201c vor \u201eDie Feuerb\u00e4lle\u201c und \u201eDie 5 Totenk\u00f6pfe\u201c. Die Endrundenspiele waren dann allesamt klare Angelegenheiten. Platz 3 erk\u00e4mpften sich \u201eDie Karatekaninchen\u201c und Vizeschulmeister wurden \u201eDie 4 Tischtennisschl\u00e4ger\u201c. Den Gesamtsieg holte sich \u201eDas Ghettofaustteam\u201c mit Milena Leifheit, Natalie R\u00f6der, Emil Wietfeld, Leo Sch\u00e4fer und Jonas Zeitzmann. Mit dem Sieg gewannen sie auch noch 4 Schl\u00e4ger und B\u00e4lle f\u00fcr ihre Klasse und erhielten die Siegershirts. Leer ging kein Kind nach Hause, denn eine Urkunde gab es f\u00fcr alle.<\/p>\n<p style=\"text-align: left;\">Nach der gro\u00dfen Pause folgten die Viertkl\u00e4sslerinnen und Viertkl\u00e4ssler. Als \u201eWiederholungst\u00e4ter\u201c wussten sie schon genau, wie der Hase beim RTC l\u00e4uft. Dementsprechend gute Stimmung brachten sie auch mit. Die Gruppe der 4a dominierte die \u201eGucci Gang\u201c nach Belieben und konnten die Teams \u201eDie 5 Bananen\u201c, \u201eToilettentieftaucher\u201c und \u201eDie Horrorkicker\u201c auf die Pl\u00e4tze verweisen. Ein \u00e4hnliches Bild in der 4b: \u201eDie wilden B\u00e4lle\u201c holten sich vor \u201eThe Kings\u201c, \u201eDie schnellen B\u00e4lle\u201c und \u201eDie coolen Kicker\u201c den Gruppensieg. Wie bereits in Klassenstufe 3 gab es in der Endrunde kaum knappe Ergebnisse. \u201eThe Kings\u201c landeten auf Platz 4 nicht auf dem Thron, zu stark waren \u201eDie 5 Bananen\u201c auf Rang 3. Das Finale ging sehr deutlich an die \u201eGucci Gang\u201c mit Max Kunze, Kiyan S\u00f6m\u00f6, Dian Ekinci, Louis Kr\u00f6ck und Finn Wagner. \u201eDie wilden B\u00e4lle\u201c mussten sich somit mit dem 2.Platz zufrieden geben.<\/p>\n<p style=\"text-align: left;\">Ein bisschen Zeit zum \u00dcben bleibt beiden Gewinnerteams noch: Die Regionalmeisterschaft findet erst nach den Osterferien am 12.April 2018 statt. Dort treffen sie dann auf die Gewinner der Altst\u00e4dter und der Katholischen Grundschule sowie den Siegern der Grundschulen Klein Hehlen, Adelheidsdorf und Waldweg.<\/p>\n","protected":false},"excerpt":{"rendered":"<p>Es ist wieder soweit: F\u00fcr viele Sch\u00fclerinnen und Sch\u00fcler der dritten und vierten Klasse der Celler Grundschulen steht wieder Tischtennis an, genauer der Rundlauf-Team-Cup (RTC). Der RTC wurde vom Tischtennisverband Niedersachsen ins Leben gerufen um Kindern im Grundschulalter den Spa\u00df an dieser Sportart zu vermitteln. Dabei wird der klassische Rundlauf kombiniert mit dem Teamcharakter. 2 <a class=\"read-more-link\" href=\"https:\/\/www.vfl-westercelle.de\/tt\/das-ghettofaustteam-und-gucci-gang-stehen-am-ende-ganz-oben\/\">Read More<\/a><\/p>\n","protected":false},"author":1,"featured_media":80,"comment_status":"closed","ping_status":"closed","sticky":false,"template":"","format":"standard","meta":{"footnotes":""},"categories":[1],"tags":[],"class_list":["post-68","post","type-post","status-publish","format-standard","has-post-thumbnail","hentry","category-tischtennis"],"_links":{"self":[{"href":"https:\/\/www.vfl-westercelle.de\/tt\/wp-json\/wp\/v2\/posts\/68","targetHints":{"allow":["GET"]}}],"collection":[{"href":"https:\/\/www.vfl-westercelle.de\/tt\/wp-json\/wp\/v2\/posts"}],"about":[{"href":"https:\/\/www.vfl-westercelle.de\/tt\/wp-json\/wp\/v2\/types\/post"}],"author":[{"embeddable":true,"href":"https:\/\/www.vfl-westercelle.de\/tt\/wp-json\/wp\/v2\/users\/1"}],"replies":[{"embeddable":true,"href":"https:\/\/www.vfl-westercelle.de\/tt\/wp-json\/wp\/v2\/comments?post=68"}],"version-history":[{"count":3,"href":"https:\/\/www.vfl-westercelle.de\/tt\/wp-json\/wp\/v2\/posts\/68\/revisions"}],"predecessor-version":[{"id":81,"href":"https:\/\/www.vfl-westercelle.de\/tt\/wp-json\/wp\/v2\/posts\/68\/revisions\/81"}],"wp:featuredmedia":[{"embeddable":true,"href":"https:\/\/www.vfl-westercelle.de\/tt\/wp-json\/wp\/v2\/media\/80"}],"wp:attachment":[{"href":"https:\/\/www.vfl-westercelle.de\/tt\/wp-json\/wp\/v2\/media?parent=68"}],"wp:term":[{"taxonomy":"category","embeddable":true,"href":"https:\/\/www.vfl-westercelle.de\/tt\/wp-json\/wp\/v2\/categories?post=68"},{"taxonomy":"post_tag","embeddable":true,"href":"https:\/\/www.vfl-westercelle.de\/tt\/wp-json\/wp\/v2\/tags?post=68"}],"curies":[{"name":"wp","href":"https:\/\/api.w.org\/{rel}","templated":true}]}}