{"id":82,"date":"2018-02-04T12:18:00","date_gmt":"2018-02-04T11:18:00","guid":{"rendered":"http:\/\/www.vfl-westercelle.de\/t-t\/2018\/02\/04\/michael-scholl-luke-jackson-und-andreas-scholl-auf-dem-1-platz-in-ihrer-altersklasse\/"},"modified":"2018-02-04T12:18:00","modified_gmt":"2018-02-04T11:18:00","slug":"michael-scholl-luke-jackson-und-andreas-scholl-auf-dem-1-platz-in-ihrer-altersklasse","status":"publish","type":"post","link":"https:\/\/www.vfl-westercelle.de\/tt\/michael-scholl-luke-jackson-und-andreas-scholl-auf-dem-1-platz-in-ihrer-altersklasse\/","title":{"rendered":"Michael Scholl, Luke Jackson und Andreas Scholl auf dem 1. Platz in ihrer Altersklasse"},"content":{"rendered":"<p>Am Freitag fand in der Nadelberghalle der diesj\u00e4hrige Ortsentscheid der MINI-Meisterschaften statt. Leider fanden sich nur 5 Teilnehmer ein. Daher entschloss man sich im Modus \u201eJeder gegen Jeden\u201c zu spielen und am Ende getrennt zu werten. Da in jeder Altersklasse 4 Pl\u00e4tze f\u00fcr den Kreisentscheid zur Verf\u00fcgung stehen, waren ebreits alle Teilnehmer sicher f\u00fcr die n\u00e4chste Runde qualifiziert.<\/p>\n<p>Michael Scholl war der einzige Teilnehmer in der \u00e4ltesten Konkurrenz, in den anderen beiden Klassen wurde das letzte Tageseinzel jeweils zum Finalspiel. In der Gesamtgruppe setzte sich Luke Jackson vor Tom Hennek durch, die beide der Altersklasse II (9 und 10 Jahre) angeh\u00f6ren. Platz 3 sicherte sich Michael. Sein Bruder Andreas konnte sich gegen Ertan Dogu durchsetzen und erreichte in der Gruppe Platz 4 und in seiner Altersklasse III dadurch den 1.Platz.<\/p>\n<p>Ein gro\u00dfer Dank geht an dieser Stelle auch an die beiden Z\u00e4hler Jannis Schrader und Jenson Nobbe, die die beiden \u00c4mter des Unparteiischen \u00fcbernahmen. Die n\u00e4chste Stufe, der Kreisentscheid, findet am Samstag, den 10.M\u00e4rz, in der Nadelberghalle statt. Hier geht es um die Qualifikation zum Bezirksentscheid, der am 22.04.2018 in Adendorf ausgespielt wird.<\/p>\n<p><a href=\"http:\/\/www.vfl-westercelle.de\/t-t\/wp-content\/uploads\/sites\/19\/2018\/02\/Ergebnisse.png\"><img loading=\"lazy\" decoding=\"async\" class=\"alignnone size-full wp-image-83\" src=\"http:\/\/www.vfl-westercelle.de\/t-t\/wp-content\/uploads\/sites\/19\/2018\/02\/Ergebnisse.png\" alt=\"\" width=\"744\" height=\"522\" srcset=\"https:\/\/www.vfl-westercelle.de\/tt\/wp-content\/uploads\/sites\/19\/2018\/02\/Ergebnisse.png 744w, https:\/\/www.vfl-westercelle.de\/tt\/wp-content\/uploads\/sites\/19\/2018\/02\/Ergebnisse-300x210.png 300w, https:\/\/www.vfl-westercelle.de\/tt\/wp-content\/uploads\/sites\/19\/2018\/02\/Ergebnisse-705x495.png 705w, https:\/\/www.vfl-westercelle.de\/tt\/wp-content\/uploads\/sites\/19\/2018\/02\/Ergebnisse-450x316.png 450w\" sizes=\"auto, (max-width: 744px) 100vw, 744px\" \/><\/a><\/p>\n","protected":false},"excerpt":{"rendered":"<p>Am Freitag fand in der Nadelberghalle der diesj\u00e4hrige Ortsentscheid der MINI-Meisterschaften statt. Leider fanden sich nur 5 Teilnehmer ein. Daher entschloss man sich im Modus \u201eJeder gegen Jeden\u201c zu spielen und am Ende getrennt zu werten. Da in jeder Altersklasse 4 Pl\u00e4tze f\u00fcr den Kreisentscheid zur Verf\u00fcgung stehen, waren ebreits alle Teilnehmer sicher f\u00fcr die <a class=\"read-more-link\" href=\"https:\/\/www.vfl-westercelle.de\/tt\/michael-scholl-luke-jackson-und-andreas-scholl-auf-dem-1-platz-in-ihrer-altersklasse\/\">Read More<\/a><\/p>\n","protected":false},"author":1,"featured_media":84,"comment_status":"closed","ping_status":"closed","sticky":false,"template":"","format":"standard","meta":{"footnotes":""},"categories":[1],"tags":[],"class_list":["post-82","post","type-post","status-publish","format-standard","has-post-thumbnail","hentry","category-tischtennis"],"_links":{"self":[{"href":"https:\/\/www.vfl-westercelle.de\/tt\/wp-json\/wp\/v2\/posts\/82","targetHints":{"allow":["GET"]}}],"collection":[{"href":"https:\/\/www.vfl-westercelle.de\/tt\/wp-json\/wp\/v2\/posts"}],"about":[{"href":"https:\/\/www.vfl-westercelle.de\/tt\/wp-json\/wp\/v2\/types\/post"}],"author":[{"embeddable":true,"href":"https:\/\/www.vfl-westercelle.de\/tt\/wp-json\/wp\/v2\/users\/1"}],"replies":[{"embeddable":true,"href":"https:\/\/www.vfl-westercelle.de\/tt\/wp-json\/wp\/v2\/comments?post=82"}],"version-history":[{"count":1,"href":"https:\/\/www.vfl-westercelle.de\/tt\/wp-json\/wp\/v2\/posts\/82\/revisions"}],"predecessor-version":[{"id":85,"href":"https:\/\/www.vfl-westercelle.de\/tt\/wp-json\/wp\/v2\/posts\/82\/revisions\/85"}],"wp:featuredmedia":[{"embeddable":true,"href":"https:\/\/www.vfl-westercelle.de\/tt\/wp-json\/wp\/v2\/media\/84"}],"wp:attachment":[{"href":"https:\/\/www.vfl-westercelle.de\/tt\/wp-json\/wp\/v2\/media?parent=82"}],"wp:term":[{"taxonomy":"category","embeddable":true,"href":"https:\/\/www.vfl-westercelle.de\/tt\/wp-json\/wp\/v2\/categories?post=82"},{"taxonomy":"post_tag","embeddable":true,"href":"https:\/\/www.vfl-westercelle.de\/tt\/wp-json\/wp\/v2\/tags?post=82"}],"curies":[{"name":"wp","href":"https:\/\/api.w.org\/{rel}","templated":true}]}}