{"id":86,"date":"2018-02-04T12:23:34","date_gmt":"2018-02-04T11:23:34","guid":{"rendered":"http:\/\/www.vfl-westercelle.de\/t-t\/2018\/02\/04\/ben-ziesler-und-dominik-blazek-mit-silber-im-doppel\/"},"modified":"2018-02-04T12:23:34","modified_gmt":"2018-02-04T11:23:34","slug":"ben-ziesler-und-dominik-blazek-mit-silber-im-doppel","status":"publish","type":"post","link":"https:\/\/www.vfl-westercelle.de\/tt\/ben-ziesler-und-dominik-blazek-mit-silber-im-doppel\/","title":{"rendered":"Ben Ziesler und Dominik Blazek mit Silber im Doppel"},"content":{"rendered":"<p>Nach den Sch\u00fcler\/innnen A und C durften nun auch die besten Jugendlichen und Sch\u00fcler\/innen B aus Niedersachsen ihre Meister ausspielen, die in diesem Jahr in Salzhemmendorf (ca. 1 Stunde Fahrzeit von Celle) ausgetragen wurden. In der Konkurrenz der Jungen, M\u00e4dchen und Sch\u00fclerinnen B konnte der VfL Westercelle leider keine Teilnehmer\/innen stellen, daf\u00fcr mit Ben Ziesler und Dominik Blazek zwei hei\u00dfe Eisen ins Rennen schmei\u00dfen. Der dritte im Bunde war Enno Ziesler, f\u00fcr den es gegen die teilweise 4 Jahre \u00e4lteren Konkurrenten aber erst einmal darum ging Erfahrungen zu sammeln.<\/p>\n<p>In den Gruppen lief alles erwartungsgem\u00e4\u00df. Ben und Dominik gewannen ihre Gruppen, auch wenn\u00a0 Dominik im 5-Satz-Spiel gegen Melvin Twele (Hundsm\u00fchler TV) \u00fcber die volle Distanz gehen musste. Enno konnte zumindest mit einem Satzgewinn gegen den an Position 3 gesetzten Tristan Nowak (SV Union Salzgitter) f\u00fcr ein bisschen Aufsehen sorgen. Im anschlie\u00dfenden Achtelfinale konnte sich Dominik gegen Malte Merke (SC Weende G\u00f6ttingen) eine 2:1-Satzf\u00fchrung erspielen, km im Anschluss allerdings von der taktischen Marschroute ab und erzielte in den letzten beiden S\u00e4tzen zusammen nur noch 10 Punkte. Auch Ben hatte gegen Noah Richter zu k\u00e4mpfen. Trotz k\u00f6rperlicher Probleme Biss sich Ben durch und zog mit einem 3:2-Sieg ins Viertelfinale ein.<!--more--><\/p>\n<p>Nach dem n\u00e4chtlichen Auftanken der Energiereserven startete der 2.Turniertag mit der Doppelkonkurrenz. F\u00fcr Enno war mit Partner Manuel Schn\u00e4ckel (TSC Steinbeck-Meilsen) leider gleich im Achtelfinale Schluss. Derweil gab es an Tisch 8 eine Seltenheit zu sehen: Gleich 4 Linksh\u00e4nder standen sich am Tisch gegen\u00fcber und so waren die beiden Trainer gespannt, welche Paarung sich weniger in die Quere kommt. Am Ende siegten die beiden Westerceller im 5.Satz. Mit einem weiteren starken 3:0 \u00fcber die Rechtsupweger Janto Rohlfs und Henning Dreier war bereits Bronze gesichert. Im Halbfinale warteten Nowak und Julian Reich, die auch sofort mit 2:0 in F\u00fchrung gingen. Immer bessern fanden Ben und Dominik jedoch ins Spiel, klauten sich Satz 3 und ab da war der Knoten geplatzt. 3:2-Sieg und Finaleinzug. Gegen das topgesetzte Doppel Justus Lechtenb\u00f6rger \/ S\u00f6ren Dreier konnten die beiden Westereller aber nur noch einen Satzgewinn verbuchen, haben aber definitiv Silber gewonnen als Gold verloren.<\/p>\n<p>Im Einzel standen sich die beiden Gewinner im Finale gegen\u00fcber, das Lechtenb\u00f6rger auch ohne Probleme gewinnen konnte. Doch der Grundstein f\u00fcr seinen Sieg wurde nicht im Finale, sondern im Viertelfinale gelegt. Dort zeigten Ben und der sp\u00e4tere Sieger Tischtennis vom allerfeinsten. Beim Stand von 2:1 und 9:9 aus der Sicht von Ben, agierte der Westerceller einen Tick zu passiv. Im 5.Satz ging es weiter eng zu, doch Lechtenb\u00f6rger schaffte es sich kurz vor Satzende entscheidend abzusetzen. Mit ein bisschen mehr Losgl\u00fcck w\u00e4re f\u00fcr Ben definitiv mehr drin gewesen als Platz 5.<\/p>\n<p>Auch bei den anderen Cellern lief nicht viel mehr zusammen. Vincent Senkbeil und Jim Appel (beide TuS Lachendorf) mussten im Einzel-Achtelfinale ihren Gegnern zum Sieg gratulieren, im Doppel war im Viertelfinale Endstation. Elias Thieliant (TuS Celle) schied mit Partner Lars Elvers (ESV L\u00fcneburg) in der ersten Runde gegen die sp\u00e4teren Sieger aus, im Einzel reichte es bei einem Sieg nur zu Gruppenplatz 3.<\/p>\n<p>Aber noch ein weiterer Westerceller war vor Ort. Ulf Werner stand hinter dem Z\u00e4hlger\u00e4t und konnte seine Pr\u00fcfung zum Verbandsschiedsrichter erfolgreich absolvieren. Damit durfte er auch gleich das Doppelfinale der M\u00e4dchen schiedsen. Herzlichen Gl\u00fcckwunsch, Ulf!<\/p>\n\n\t\t<style type=\"text\/css\">\n\t\t\t#gallery-1 {\n\t\t\t\tmargin: auto;\n\t\t\t}\n\t\t\t#gallery-1 .gallery-item {\n\t\t\t\tfloat: left;\n\t\t\t\tmargin-top: 10px;\n\t\t\t\ttext-align: center;\n\t\t\t\twidth: 33%;\n\t\t\t}\n\t\t\t#gallery-1 img {\n\t\t\t\tborder: 2px solid #cfcfcf;\n\t\t\t}\n\t\t\t#gallery-1 .gallery-caption {\n\t\t\t\tmargin-left: 0;\n\t\t\t}\n\t\t\t\/* see gallery_shortcode() in wp-includes\/media.php *\/\n\t\t<\/style>\n\t\t<div id='gallery-1' class='gallery galleryid-86 gallery-columns-3 gallery-size-thumbnail'><dl class='gallery-item'>\n\t\t\t<dt class='gallery-icon landscape'>\n\t\t\t\t<a href='https:\/\/www.vfl-westercelle.de\/tt\/wp-content\/uploads\/sites\/19\/2018\/02\/Doppel-Linksh\u00e4nder-e1553723629312.jpeg'><img loading=\"lazy\" decoding=\"async\" width=\"80\" height=\"80\" src=\"https:\/\/www.vfl-westercelle.de\/tt\/wp-content\/uploads\/sites\/19\/2018\/02\/Doppel-Linksh\u00e4nder-e1553723629312-80x80.jpeg\" class=\"attachment-thumbnail size-thumbnail\" alt=\"\" \/><\/a>\n\t\t\t<\/dt><\/dl><dl class='gallery-item'>\n\t\t\t<dt class='gallery-icon landscape'>\n\t\t\t\t<a href='https:\/\/www.vfl-westercelle.de\/tt\/wp-content\/uploads\/sites\/19\/2018\/02\/IMG_20180128_131608.jpeg'><img loading=\"lazy\" decoding=\"async\" width=\"80\" height=\"80\" src=\"https:\/\/www.vfl-westercelle.de\/tt\/wp-content\/uploads\/sites\/19\/2018\/02\/IMG_20180128_131608-80x80.jpeg\" class=\"attachment-thumbnail size-thumbnail\" alt=\"\" \/><\/a>\n\t\t\t<\/dt><\/dl><dl class='gallery-item'>\n\t\t\t<dt class='gallery-icon landscape'>\n\t\t\t\t<a href='https:\/\/www.vfl-westercelle.de\/tt\/wp-content\/uploads\/sites\/19\/2018\/02\/LIM-B-Doppel-e1517743350788.jpeg'><img loading=\"lazy\" decoding=\"async\" width=\"80\" height=\"80\" src=\"https:\/\/www.vfl-westercelle.de\/tt\/wp-content\/uploads\/sites\/19\/2018\/02\/LIM-B-Doppel-e1517743350788-80x80.jpeg\" class=\"attachment-thumbnail size-thumbnail\" alt=\"\" \/><\/a>\n\t\t\t<\/dt><\/dl><br style=\"clear: both\" \/>\n\t\t<\/div>\n\n","protected":false},"excerpt":{"rendered":"<p>Nach den Sch\u00fcler\/innnen A und C durften nun auch die besten Jugendlichen und Sch\u00fcler\/innen B aus Niedersachsen ihre Meister ausspielen, die in diesem Jahr in Salzhemmendorf (ca. 1 Stunde Fahrzeit von Celle) ausgetragen wurden. In der Konkurrenz der Jungen, M\u00e4dchen und Sch\u00fclerinnen B konnte der VfL Westercelle leider keine Teilnehmer\/innen stellen, daf\u00fcr mit Ben Ziesler <a class=\"read-more-link\" href=\"https:\/\/www.vfl-westercelle.de\/tt\/ben-ziesler-und-dominik-blazek-mit-silber-im-doppel\/\">Read More<\/a><\/p>\n","protected":false},"author":1,"featured_media":89,"comment_status":"closed","ping_status":"closed","sticky":false,"template":"","format":"standard","meta":{"footnotes":""},"categories":[1],"tags":[],"class_list":["post-86","post","type-post","status-publish","format-standard","has-post-thumbnail","hentry","category-tischtennis"],"_links":{"self":[{"href":"https:\/\/www.vfl-westercelle.de\/tt\/wp-json\/wp\/v2\/posts\/86","targetHints":{"allow":["GET"]}}],"collection":[{"href":"https:\/\/www.vfl-westercelle.de\/tt\/wp-json\/wp\/v2\/posts"}],"about":[{"href":"https:\/\/www.vfl-westercelle.de\/tt\/wp-json\/wp\/v2\/types\/post"}],"author":[{"embeddable":true,"href":"https:\/\/www.vfl-westercelle.de\/tt\/wp-json\/wp\/v2\/users\/1"}],"replies":[{"embeddable":true,"href":"https:\/\/www.vfl-westercelle.de\/tt\/wp-json\/wp\/v2\/comments?post=86"}],"version-history":[{"count":1,"href":"https:\/\/www.vfl-westercelle.de\/tt\/wp-json\/wp\/v2\/posts\/86\/revisions"}],"predecessor-version":[{"id":90,"href":"https:\/\/www.vfl-westercelle.de\/tt\/wp-json\/wp\/v2\/posts\/86\/revisions\/90"}],"wp:featuredmedia":[{"embeddable":true,"href":"https:\/\/www.vfl-westercelle.de\/tt\/wp-json\/wp\/v2\/media\/89"}],"wp:attachment":[{"href":"https:\/\/www.vfl-westercelle.de\/tt\/wp-json\/wp\/v2\/media?parent=86"}],"wp:term":[{"taxonomy":"category","embeddable":true,"href":"https:\/\/www.vfl-westercelle.de\/tt\/wp-json\/wp\/v2\/categories?post=86"},{"taxonomy":"post_tag","embeddable":true,"href":"https:\/\/www.vfl-westercelle.de\/tt\/wp-json\/wp\/v2\/tags?post=86"}],"curies":[{"name":"wp","href":"https:\/\/api.w.org\/{rel}","templated":true}]}}