{"id":91,"date":"2018-03-12T17:16:31","date_gmt":"2018-03-12T16:16:31","guid":{"rendered":"http:\/\/www.vfl-westercelle.de\/t-t\/2018\/03\/12\/wieder-meister-der-bezirksliga\/"},"modified":"2018-03-12T17:19:32","modified_gmt":"2018-03-12T16:19:32","slug":"wieder-meister-der-bezirksliga","status":"publish","type":"post","link":"https:\/\/www.vfl-westercelle.de\/tt\/wieder-meister-der-bezirksliga\/","title":{"rendered":"Wieder Meister der Bezirksliga"},"content":{"rendered":"<p style=\"text-align: left;\" align=\"center\">2.Jugend t\u00fctet Meisterschaft ein und steigt in die Niedersachsenliga auf. Nach dem Doppelsieg im letzten Jahr, bei dem die jetzige 1.Jugend Meister und die 2.Jugend Vizemeister wurde, startete der Meister in der Niedersachsenliga und die 2.Jugend abermals in der Bezirksliga. Ihr Ziel war die Meisterschaft und der direkte Aufstieg in die Niedersachsenliga. Nach der Hinserie kristallisierte sich ein Zweikampf zwischen dem FC Hambergen, die nur gegen die 2.Jugend verlor, und unserem Team. Ungeschlagen wurden sie Herbstmeister, musste aber aufgrund der guten Einzelergebnisse Timm Nguyen (16:3) an die 1.Jugend abgeben. Daf\u00fcr stie\u00df Dominik F\u00f6rster dazu. Ende Februar dann ein erster kleiner R\u00fcckschlag, denn man verlor unn\u00f6tig gegen Steinbeck-Meilsen. Doch auch der Rivale FC Hambergen patzte. Einem 6:8 gegen Hedendorf folgte eine 3:8-Niederlage gegen Steinbeck-Meilsen und ein 7:7 gegen TSV Dauelsen. \u00a0<!--more--><\/p>\n<p>Damit war vor dem Spiel am 10.3. klar: Ein Unentschieden gegen Hambergen reicht zur Meisterschaft. Doch Felix Siemann musste kurzfristig absagen und da Svea Witschi zeitglich bei den M\u00e4dels spielte, kam Enno Ziesler zu seinem gro\u00dfen Auftritt.<\/p>\n<p>Zusammen mit Chek-Hien Loi f\u00fchrten sie 9:4 im ersten Satz, vermochten diesen aber nicht zuzumachen. Am Ende stand eine 1:3-Niederlage zu Buche. Nach den Doppeln und den ersten 3 Einzeln stand es 2:3 und unser 8j\u00e4hriger \u201eTor\u201c durfte zum ersten Einzel an den Tisch. Nach verlorenem 1.Satz steigerte sich Rakete in den n\u00e4chsten S\u00e4tzen und verwandelte seinen 1.Matchball zum 12:10 im 4.Satz \u2013 Wahnsinn! Fabian Witt, Dominik und Chek-Hien erh\u00f6hten auf 6:3 und Enno machte da weiter, wo er aufgeh\u00f6rt hatte. Gegen den mit kurzen Noppen unangenehm agierenden Julian Bannach holte er sich Satz 1. In den weiteren S\u00e4tzen merkte man Enno aber den Altersunterschied an. Aber Fabian und Dominik konnten trotz der weiteren Niederlage von Chek-Hien den 8:5-Sieg perfekt machen.<\/p>\n<p>Der 8:4-Sieg gegen VSV Hedendorf\/Neukloster, bei dem Felix wieder am Start war, zeigte noch einmal die Geschlossenheit der Mannschaftsleistung. Am 07.04. empfangen die Jungs dann zum letzten Spiel den Tabellenletzten TSV Worpswede. Egal wie dieses Spiel ausgeht: Die Jungs starten kommende Saison in der h\u00f6chsten Spielklasse der Jugend. Herzlichen Gl\u00fcckwunsch!<\/p>\n<p>Foto Lukas Brinkop<\/p>\n","protected":false},"excerpt":{"rendered":"<p>2.Jugend t\u00fctet Meisterschaft ein und steigt in die Niedersachsenliga auf. Nach dem Doppelsieg im letzten Jahr, bei dem die jetzige 1.Jugend Meister und die 2.Jugend Vizemeister wurde, startete der Meister in der Niedersachsenliga und die 2.Jugend abermals in der Bezirksliga. Ihr Ziel war die Meisterschaft und der direkte Aufstieg in die Niedersachsenliga. Nach der Hinserie <a class=\"read-more-link\" href=\"https:\/\/www.vfl-westercelle.de\/tt\/wieder-meister-der-bezirksliga\/\">Read More<\/a><\/p>\n","protected":false},"author":1,"featured_media":96,"comment_status":"closed","ping_status":"closed","sticky":false,"template":"","format":"standard","meta":{"footnotes":""},"categories":[1],"tags":[],"class_list":["post-91","post","type-post","status-publish","format-standard","has-post-thumbnail","hentry","category-tischtennis"],"_links":{"self":[{"href":"https:\/\/www.vfl-westercelle.de\/tt\/wp-json\/wp\/v2\/posts\/91","targetHints":{"allow":["GET"]}}],"collection":[{"href":"https:\/\/www.vfl-westercelle.de\/tt\/wp-json\/wp\/v2\/posts"}],"about":[{"href":"https:\/\/www.vfl-westercelle.de\/tt\/wp-json\/wp\/v2\/types\/post"}],"author":[{"embeddable":true,"href":"https:\/\/www.vfl-westercelle.de\/tt\/wp-json\/wp\/v2\/users\/1"}],"replies":[{"embeddable":true,"href":"https:\/\/www.vfl-westercelle.de\/tt\/wp-json\/wp\/v2\/comments?post=91"}],"version-history":[{"count":2,"href":"https:\/\/www.vfl-westercelle.de\/tt\/wp-json\/wp\/v2\/posts\/91\/revisions"}],"predecessor-version":[{"id":95,"href":"https:\/\/www.vfl-westercelle.de\/tt\/wp-json\/wp\/v2\/posts\/91\/revisions\/95"}],"wp:featuredmedia":[{"embeddable":true,"href":"https:\/\/www.vfl-westercelle.de\/tt\/wp-json\/wp\/v2\/media\/96"}],"wp:attachment":[{"href":"https:\/\/www.vfl-westercelle.de\/tt\/wp-json\/wp\/v2\/media?parent=91"}],"wp:term":[{"taxonomy":"category","embeddable":true,"href":"https:\/\/www.vfl-westercelle.de\/tt\/wp-json\/wp\/v2\/categories?post=91"},{"taxonomy":"post_tag","embeddable":true,"href":"https:\/\/www.vfl-westercelle.de\/tt\/wp-json\/wp\/v2\/tags?post=91"}],"curies":[{"name":"wp","href":"https:\/\/api.w.org\/{rel}","templated":true}]}}