{"id":99,"date":"2018-05-01T16:10:25","date_gmt":"2018-05-01T14:10:25","guid":{"rendered":"http:\/\/www.vfl-westercelle.de\/t-t\/2018\/05\/01\/vfl-westercelle-verteidigt-beide-titel\/"},"modified":"2018-05-01T16:11:20","modified_gmt":"2018-05-01T14:11:20","slug":"vfl-westercelle-verteidigt-beide-titel","status":"publish","type":"post","link":"https:\/\/www.vfl-westercelle.de\/tt\/vfl-westercelle-verteidigt-beide-titel\/","title":{"rendered":"VfL Westercelle verteidigt beide Titel"},"content":{"rendered":"<p>Nach den Erwachsenen spielte auch der Nachwuchs ihre Pokalsieger im Kreis aus. Wieder einmal sollte der gesamte Pokal an einem Tag ausgetragen werden. Der Kreispokal wird mit einem Vorgabesystem gespielt, bei dem die Summe der QTTR-Werte der ersten drei gemeldeten Stammspieler als Mannschaftswert zu Grunde gelegt werden. Pro 150 Punkte Differenz erh\u00e4lt die vom Wert her schlechtere Mannschaft dann 1 Punkt Vorsprung. \u00a0<!--more--><\/p>\n<p>So starteten am Samstag die Sch\u00fclerinnen und Sch\u00fcler mit insgesamt 6 Mannschaften. In Gruppe A musste sich die zweite Mannschaft vom VfL Westercelle sowohl dem Favoriten TuS Celle als auch dem TuS Eicklingen mit 4:6 geschlagen geben. Das Duell um Platz 1 konnte dann der TuS Eicklingen mit 6:1 f\u00fcr sich entscheiden, nicht nur, aber auch, da der TuS Celle nur mit zwei der etablierten Spieler\/innen antreten konnte. In der Gruppe B lie\u00df der VfL Westercelle dem TuS Lachendorf sowie dem ASV Adelheidsdorf keine Chance. Ebenso klar ging das Duell TuS &#8211; ASV an den Ausrichterverein. W\u00e4hrend der VfL Westercelle gegen TuS Celle weiter ins Finale marschierte, ging das Spiel TuS Eicklingen &#8211; TuS Lachendorf ins Entscheidungsdoppel, welches die Lachendorfer erfolgreich gestalteten. Im Finale war dann ein wenig die Luft raus und es wirkte mehr wie \u201eLast man standing\u201c. Letzten Endes hatte der Titelverteidiger ein wenig mehr Power und konnte mit 6:4 gewinnen. Platz 3 ging an die Mannschaft vom TuS Eicklingen.<\/p>\n<p>Am Sonntag zogen dann die Jugendmannschaften in die Spiele. Leider waren hier nur 7 der m\u00f6glichen 17 Teams am Start. In Gruppe A konnte der VfL Westercelle trotz 6 Punkten Vorsprung beide Spiele gewinnen. Das Duell TuS Lachendorf \u2013 MTV Oldendorf II gewannen die Hausherren im Entscheidungsdoppel und zogen so ins Halbfinale ein. In Gruppe B war die erste Mannschaft des MTV Oldendorf das Ma\u00df aller Dinge. Sie verwiesen VfL Westercelle II, die M\u00e4dels vom VfL Westercelle und TuS Eschede auf die weiteren Pl\u00e4tze. Die Halbfinals VfL Westercelle &#8211; VfL Westercelle II und TuS Lachendorf &#8211; MTV Oldendorf gingen jeweils relativ deutlich an die erstgenannte Mannschaft. Und auch die Finals waren deutliche Angelegenheiten: In beiden Spielen mussten die Westerceller 6 Punkte vorgeben. Den dritten Platz sicherte sich der MTV Oldendorf bei nur 3 Satzverlusten, das Finale ging an den VfL mit 6:1.<\/p>\n<p>\u201eBeide Veranstaltungen liefen reibungslos ab. Allerdings haben wir gemerkt, dass gerade f\u00fcr die Sch\u00fcler\/innen der Tag sehr sehr lang war. Beim n\u00e4chsten Kreisjugendtag werden wir wieder anregen nur ein Final 4 am Ende zu spielen und die Spiele vorher entweder als Qualigruppen oder aber wieder im KO-System auszuspielen\u201c, so Kreisjugendreferent Lukas Brinkop.<\/p>\n<p>Ein Dankesch\u00f6n geht auch an den Ausrichter TuS Lachendorf, der immer alle im Griff hatte und f\u00fcr einen guten Ablauf sorgte.<\/p>\n\n\t\t<style type=\"text\/css\">\n\t\t\t#gallery-1 {\n\t\t\t\tmargin: auto;\n\t\t\t}\n\t\t\t#gallery-1 .gallery-item {\n\t\t\t\tfloat: left;\n\t\t\t\tmargin-top: 10px;\n\t\t\t\ttext-align: center;\n\t\t\t\twidth: 33%;\n\t\t\t}\n\t\t\t#gallery-1 img {\n\t\t\t\tborder: 2px solid #cfcfcf;\n\t\t\t}\n\t\t\t#gallery-1 .gallery-caption {\n\t\t\t\tmargin-left: 0;\n\t\t\t}\n\t\t\t\/* see gallery_shortcode() in wp-includes\/media.php *\/\n\t\t<\/style>\n\t\t<div id='gallery-1' class='gallery galleryid-99 gallery-columns-3 gallery-size-thumbnail'><dl class='gallery-item'>\n\t\t\t<dt class='gallery-icon landscape'>\n\t\t\t\t<a href='https:\/\/www.vfl-westercelle.de\/tt\/wp-content\/uploads\/sites\/19\/2018\/05\/Treppchen-nah-e1525183774635.jpg'><img loading=\"lazy\" decoding=\"async\" width=\"80\" height=\"80\" src=\"https:\/\/www.vfl-westercelle.de\/tt\/wp-content\/uploads\/sites\/19\/2018\/05\/Treppchen-nah-e1525183774635-80x80.jpg\" class=\"attachment-thumbnail size-thumbnail\" alt=\"\" \/><\/a>\n\t\t\t<\/dt><\/dl><dl class='gallery-item'>\n\t\t\t<dt class='gallery-icon landscape'>\n\t\t\t\t<a href='https:\/\/www.vfl-westercelle.de\/tt\/wp-content\/uploads\/sites\/19\/2018\/05\/TuS-Eicklingen.jpg'><img loading=\"lazy\" decoding=\"async\" width=\"80\" height=\"80\" src=\"https:\/\/www.vfl-westercelle.de\/tt\/wp-content\/uploads\/sites\/19\/2018\/05\/TuS-Eicklingen-80x80.jpg\" class=\"attachment-thumbnail size-thumbnail\" alt=\"\" \/><\/a>\n\t\t\t<\/dt><\/dl><dl class='gallery-item'>\n\t\t\t<dt class='gallery-icon landscape'>\n\t\t\t\t<a href='https:\/\/www.vfl-westercelle.de\/tt\/wp-content\/uploads\/sites\/19\/2018\/05\/Lachendorf-nah.jpg'><img loading=\"lazy\" decoding=\"async\" width=\"80\" height=\"80\" src=\"https:\/\/www.vfl-westercelle.de\/tt\/wp-content\/uploads\/sites\/19\/2018\/05\/Lachendorf-nah-80x80.jpg\" class=\"attachment-thumbnail size-thumbnail\" alt=\"\" \/><\/a>\n\t\t\t<\/dt><\/dl><br style=\"clear: both\" \/><dl class='gallery-item'>\n\t\t\t<dt class='gallery-icon landscape'>\n\t\t\t\t<a href='https:\/\/www.vfl-westercelle.de\/tt\/wp-content\/uploads\/sites\/19\/2018\/05\/VfL-Westercelle.jpg'><img loading=\"lazy\" decoding=\"async\" width=\"80\" height=\"80\" src=\"https:\/\/www.vfl-westercelle.de\/tt\/wp-content\/uploads\/sites\/19\/2018\/05\/VfL-Westercelle-80x80.jpg\" class=\"attachment-thumbnail size-thumbnail\" alt=\"\" \/><\/a>\n\t\t\t<\/dt><\/dl><dl class='gallery-item'>\n\t\t\t<dt class='gallery-icon portrait'>\n\t\t\t\t<a href='https:\/\/www.vfl-westercelle.de\/tt\/wp-content\/uploads\/sites\/19\/2018\/05\/Sch\u00fcler-Gesamt.png'><img loading=\"lazy\" decoding=\"async\" width=\"80\" height=\"80\" src=\"https:\/\/www.vfl-westercelle.de\/tt\/wp-content\/uploads\/sites\/19\/2018\/05\/Sch\u00fcler-Gesamt-80x80.png\" class=\"attachment-thumbnail size-thumbnail\" alt=\"\" \/><\/a>\n\t\t\t<\/dt><\/dl><dl class='gallery-item'>\n\t\t\t<dt class='gallery-icon portrait'>\n\t\t\t\t<a href='https:\/\/www.vfl-westercelle.de\/tt\/wp-content\/uploads\/sites\/19\/2018\/05\/Jugend-Gesamt.png'><img loading=\"lazy\" decoding=\"async\" width=\"80\" height=\"80\" src=\"https:\/\/www.vfl-westercelle.de\/tt\/wp-content\/uploads\/sites\/19\/2018\/05\/Jugend-Gesamt-80x80.png\" class=\"attachment-thumbnail size-thumbnail\" alt=\"\" \/><\/a>\n\t\t\t<\/dt><\/dl><br style=\"clear: both\" \/>\n\t\t<\/div>\n\n<p>Text: Lukas Brinkop<\/p>\n","protected":false},"excerpt":{"rendered":"<p>Nach den Erwachsenen spielte auch der Nachwuchs ihre Pokalsieger im Kreis aus. Wieder einmal sollte der gesamte Pokal an einem Tag ausgetragen werden. Der Kreispokal wird mit einem Vorgabesystem gespielt, bei dem die Summe der QTTR-Werte der ersten drei gemeldeten Stammspieler als Mannschaftswert zu Grunde gelegt werden. Pro 150 Punkte Differenz erh\u00e4lt die vom Wert <a class=\"read-more-link\" href=\"https:\/\/www.vfl-westercelle.de\/tt\/vfl-westercelle-verteidigt-beide-titel\/\">Read More<\/a><\/p>\n","protected":false},"author":1,"featured_media":110,"comment_status":"closed","ping_status":"closed","sticky":false,"template":"","format":"standard","meta":{"footnotes":""},"categories":[1],"tags":[],"class_list":["post-99","post","type-post","status-publish","format-standard","has-post-thumbnail","hentry","category-tischtennis"],"_links":{"self":[{"href":"https:\/\/www.vfl-westercelle.de\/tt\/wp-json\/wp\/v2\/posts\/99","targetHints":{"allow":["GET"]}}],"collection":[{"href":"https:\/\/www.vfl-westercelle.de\/tt\/wp-json\/wp\/v2\/posts"}],"about":[{"href":"https:\/\/www.vfl-westercelle.de\/tt\/wp-json\/wp\/v2\/types\/post"}],"author":[{"embeddable":true,"href":"https:\/\/www.vfl-westercelle.de\/tt\/wp-json\/wp\/v2\/users\/1"}],"replies":[{"embeddable":true,"href":"https:\/\/www.vfl-westercelle.de\/tt\/wp-json\/wp\/v2\/comments?post=99"}],"version-history":[{"count":3,"href":"https:\/\/www.vfl-westercelle.de\/tt\/wp-json\/wp\/v2\/posts\/99\/revisions"}],"predecessor-version":[{"id":114,"href":"https:\/\/www.vfl-westercelle.de\/tt\/wp-json\/wp\/v2\/posts\/99\/revisions\/114"}],"wp:featuredmedia":[{"embeddable":true,"href":"https:\/\/www.vfl-westercelle.de\/tt\/wp-json\/wp\/v2\/media\/110"}],"wp:attachment":[{"href":"https:\/\/www.vfl-westercelle.de\/tt\/wp-json\/wp\/v2\/media?parent=99"}],"wp:term":[{"taxonomy":"category","embeddable":true,"href":"https:\/\/www.vfl-westercelle.de\/tt\/wp-json\/wp\/v2\/categories?post=99"},{"taxonomy":"post_tag","embeddable":true,"href":"https:\/\/www.vfl-westercelle.de\/tt\/wp-json\/wp\/v2\/tags?post=99"}],"curies":[{"name":"wp","href":"https:\/\/api.w.org\/{rel}","templated":true}]}}