{"id":141,"date":"2016-06-05T18:16:34","date_gmt":"2016-06-05T16:16:34","guid":{"rendered":"http:\/\/www.vfl-westercelle.de\/walk\/?p=141"},"modified":"2021-10-20T10:41:43","modified_gmt":"2021-10-20T08:41:43","slug":"wasa-lauf-2016","status":"publish","type":"post","link":"https:\/\/www.vfl-westercelle.de\/walk\/2016\/06\/05\/wasa-lauf-2016\/","title":{"rendered":"WASA Lauf 2016"},"content":{"rendered":"<p>Sonntag, 13 M\u00e4rz und wir Walker vom VfL sind zum 13. Mal mit dabei. Schon die Begr\u00fc\u00dfung und das Anbringen der Startnummern sind auch diesmal wieder sehr fr\u00f6hlich. Nach dem obligatorischen Gruppenfoto bei heute eisigen Temperaturen ist das Aufw\u00e4rmen besonders intensiv. Ein tolles Gef\u00fchl dann, mit den anderen rund 200 Walkern am Start vor dem Alten Rathaus zusammen zu kommen. P\u00fcnktlich um 09:00 Uhr knallt die B\u00f6llerkanone der Sch\u00fctzen zum Start auf die rund 11 km lange Strecke links und rechts der Aller nach Altencelle und zur\u00fcck. Nun hei\u00dft es, die Kr\u00e4fte gut einzuteilen. Es geht nicht um Schnelligkeit. \u201eJeder in seinem Tempo\u201c so lautet f\u00fcr uns die Devise. In Altencelle, der Pausenstation, darf sich gest\u00e4rkt werden. Am Ziel vor dem Schloss treffen wir uns wieder\u2026 sehr zufrieden mit unseren Leistungen. Ein tolles Erlebnis, bei diesem Gro\u00dfereignis aktiv mit dabei gewesen zu sein. Wir st\u00fcrzen uns noch ins bunte Treiben auf der Stechbahn, genie\u00dfen ein Erfrischungsgetr\u00e4nk und erfreuen uns an der fr\u00f6hlichen Atmosph\u00e4re. Das anschlie\u00dfendes Currywurstessen im Vereinsheim ist schon fast zur Tradition und rundet ein sch\u00f6nes Gemeinschaftserlebnis ab.<\/p>\n<p>Text: Renate und Rolf Naujok<\/p>\n","protected":false},"excerpt":{"rendered":"<p>Sonntag, 13 M\u00e4rz und wir Walker vom VfL sind zum 13. Mal mit dabei. Schon die Begr\u00fc\u00dfung und das Anbringen der Startnummern sind auch diesmal wieder sehr fr\u00f6hlich. Nach dem obligatorischen Gruppenfoto bei heute eisigen Temperaturen ist das Aufw\u00e4rmen besonders intensiv. Ein tolles Gef\u00fchl dann, mit den anderen rund 200 Walkern am Start vor dem <a class=\"read-more-link\" href=\"https:\/\/www.vfl-westercelle.de\/walk\/2016\/06\/05\/wasa-lauf-2016\/\">[&#8230; weiterlesen]<\/a><\/p>\n","protected":false},"author":1,"featured_media":142,"comment_status":"closed","ping_status":"open","sticky":false,"template":"","format":"standard","meta":{"footnotes":""},"categories":[1],"tags":[],"class_list":["post-141","post","type-post","status-publish","format-standard","has-post-thumbnail","hentry","category-allgemein"],"_links":{"self":[{"href":"https:\/\/www.vfl-westercelle.de\/walk\/wp-json\/wp\/v2\/posts\/141","targetHints":{"allow":["GET"]}}],"collection":[{"href":"https:\/\/www.vfl-westercelle.de\/walk\/wp-json\/wp\/v2\/posts"}],"about":[{"href":"https:\/\/www.vfl-westercelle.de\/walk\/wp-json\/wp\/v2\/types\/post"}],"author":[{"embeddable":true,"href":"https:\/\/www.vfl-westercelle.de\/walk\/wp-json\/wp\/v2\/users\/1"}],"replies":[{"embeddable":true,"href":"https:\/\/www.vfl-westercelle.de\/walk\/wp-json\/wp\/v2\/comments?post=141"}],"version-history":[{"count":1,"href":"https:\/\/www.vfl-westercelle.de\/walk\/wp-json\/wp\/v2\/posts\/141\/revisions"}],"predecessor-version":[{"id":143,"href":"https:\/\/www.vfl-westercelle.de\/walk\/wp-json\/wp\/v2\/posts\/141\/revisions\/143"}],"wp:featuredmedia":[{"embeddable":true,"href":"https:\/\/www.vfl-westercelle.de\/walk\/wp-json\/wp\/v2\/media\/142"}],"wp:attachment":[{"href":"https:\/\/www.vfl-westercelle.de\/walk\/wp-json\/wp\/v2\/media?parent=141"}],"wp:term":[{"taxonomy":"category","embeddable":true,"href":"https:\/\/www.vfl-westercelle.de\/walk\/wp-json\/wp\/v2\/categories?post=141"},{"taxonomy":"post_tag","embeddable":true,"href":"https:\/\/www.vfl-westercelle.de\/walk\/wp-json\/wp\/v2\/tags?post=141"}],"curies":[{"name":"wp","href":"https:\/\/api.w.org\/{rel}","templated":true}]}}